{"id":27497,"date":"2015-03-24T11:57:35","date_gmt":"2015-03-24T09:57:35","guid":{"rendered":"http:\/\/www.sana.sy\/tr\/?p=27497"},"modified":"2015-03-24T11:55:24","modified_gmt":"2015-03-24T09:55:24","slug":"askeri-kaynak-ordu-birliklerimizin-idlib-kirsali-teftenaz-beldesinde-terorist-orgutlere-ait-bir-silah-ve-cephane-deposunu-imha-ettiklerini-icindeki-teroristlerle-birlikte-bir-kac-araclarini-da-etkis","status":"publish","type":"post","link":"https:\/\/archive.sana.sy\/tr\/?p=27497","title":{"rendered":"Askeri kaynak, ordu birliklerimizin \u0130dlib k\u0131rsal\u0131 Teftenaz Beldesinde  ter\u00f6rist \u00f6rg\u00fctlere ait bir silah ve cephane deposunu imha ettiklerini i\u00e7indeki ter\u00f6ristlerle birlikte bir ka\u00e7 ara\u00e7lar\u0131n\u0131 da etkisiz hale getirdiklerini, Bekfelun, Bruma \u00c7iftlikleri, Han \u015eeyhun ve Deyr Sunbul\u2019de de \u00e7ok say\u0131da ter\u00f6risti \u00f6l\u00fc d\u00fc\u015f\u00fcrd\u00fcklerini ifade etti."},"content":{"rendered":"<p>Askeri kaynak, ordu birliklerimizin \u0130dlib k\u0131rsal\u0131 Teftenaz Beldesinde \u00a0ter\u00f6rist \u00f6rg\u00fctlere ait bir silah ve cephane deposunu imha ettiklerini i\u00e7indeki ter\u00f6ristlerle birlikte bir ka\u00e7 ara\u00e7lar\u0131n\u0131 da etkisiz hale getirdiklerini, Bekfelun, Bruma \u00c7iftlikleri, Han \u015eeyhun ve Deyr Sunbul\u2019de de \u00e7ok say\u0131da ter\u00f6risti \u00f6l\u00fc d\u00fc\u015f\u00fcrd\u00fcklerini ifade etti.<\/p>\n","protected":false},"excerpt":{"rendered":"<p>Askeri kaynak, ordu birliklerimizin \u0130dlib k\u0131rsal\u0131 Teftenaz Beldesinde \u00a0ter\u00f6rist \u00f6rg\u00fctlere ait bir silah ve cephane deposunu imha ettiklerini i\u00e7indeki ter\u00f6ristlerle birlikte bir ka\u00e7 ara\u00e7lar\u0131n\u0131 da etkisiz hale getirdiklerini, Bekfelun, Bruma \u00c7iftlikleri, Han \u015eeyhun ve Deyr Sunbul\u2019de de \u00e7ok say\u0131da ter\u00f6risti \u00f6l\u00fc d\u00fc\u015f\u00fcrd\u00fcklerini ifade etti.<\/p>\n","protected":false},"author":1,"featured_media":0,"comment_status":"closed","ping_status":"closed","sticky":false,"template":"","format":"standard","meta":{"footnotes":""},"categories":[1],"tags":[1031,12888,12889,12890,12887],"class_list":["post-27497","post","type-post","status-publish","format-standard","","category-news-not-sorted","tag-askeri-kaynak","tag-bekfelun","tag-bruma-ciftlikleri","tag-han-seyhun-ve-deyr-sunbulde-de-cok-sayida-teroristi-olu-dusurduklerini-ifade-etti","tag-ordu-birliklerimizin-idlib-kirsali-teftenaz-beldesinde-terorist-orgutlere-ait-bir-silah-ve-cephane-deposunu-imha-ettiklerini-icindeki-teroristlerle-birlikte-bir-kac-araclarini-da-etkisiz-hale-getirdik"],"_links":{"self":[{"href":"https:\/\/archive.sana.sy\/tr\/index.php?rest_route=\/wp\/v2\/posts\/27497","targetHints":{"allow":["GET"]}}],"collection":[{"href":"https:\/\/archive.sana.sy\/tr\/index.php?rest_route=\/wp\/v2\/posts"}],"about":[{"href":"https:\/\/archive.sana.sy\/tr\/index.php?rest_route=\/wp\/v2\/types\/post"}],"author":[{"embeddable":true,"href":"https:\/\/archive.sana.sy\/tr\/index.php?rest_route=\/wp\/v2\/users\/1"}],"replies":[{"embeddable":true,"href":"https:\/\/archive.sana.sy\/tr\/index.php?rest_route=%2Fwp%2Fv2%2Fcomments&post=27497"}],"version-history":[{"count":0,"href":"https:\/\/archive.sana.sy\/tr\/index.php?rest_route=\/wp\/v2\/posts\/27497\/revisions"}],"wp:attachment":[{"href":"https:\/\/archive.sana.sy\/tr\/index.php?rest_route=%2Fwp%2Fv2%2Fmedia&parent=27497"}],"wp:term":[{"taxonomy":"category","embeddable":true,"href":"https:\/\/archive.sana.sy\/tr\/index.php?rest_route=%2Fwp%2Fv2%2Fcategories&post=27497"},{"taxonomy":"post_tag","embeddable":true,"href":"https:\/\/archive.sana.sy\/tr\/index.php?rest_route=%2Fwp%2Fv2%2Ftags&post=27497"}],"curies":[{"name":"wp","href":"https:\/\/api.w.org\/{rel}","templated":true}]}}