{"id":274978,"date":"2023-02-19T11:34:28","date_gmt":"2023-02-19T08:34:28","guid":{"rendered":"https:\/\/sana.sy\/tr\/?p=274978"},"modified":"2023-02-20T08:41:38","modified_gmt":"2023-02-20T05:41:38","slug":"iran-israilin-suriyeye-yonelik-saldirganligini-siddetle-kinadi-ve-guvenlik-konseyini-derhal-harekete-gecmeye-cagirdi","status":"publish","type":"post","link":"https:\/\/archive.sana.sy\/tr\/?p=274978","title":{"rendered":"\u0130ran, \u0130srail&#8217;in Suriye&#8217;ye Y\u00f6nelik Sald\u0131rganl\u0131\u011f\u0131n\u0131 \u015eiddetle k\u0131nad\u0131 Ve G\u00fcvenlik Konseyi&#8217;ni Derhal Harekete Ge\u00e7meye \u00c7a\u011f\u0131rd\u0131"},"content":{"rendered":"<p><strong>TAHRAN<\/strong> &#8211; \u0130ran, bug\u00fcn \u015fafak vakti \u015eam ve \u00e7evresindeki noktalar\u0131 hedef alan, sonucunda 5 \u015fehit ve 15 ki\u015fiyi yaralayan d\u00fc\u015fman \u0130srail sald\u0131r\u0131s\u0131n\u0131 \u015fiddetle k\u0131nad\u0131.<\/p>\n<p>IRNA haber ajans\u0131 \u0130ran D\u0131\u015fi\u015fleri Bakanl\u0131\u011f\u0131 s\u00f6zc\u00fcs\u00fc Nas\u0131r Ken&#8217;ani&#8217;den naklen, Siyonist varl\u0131\u011f\u0131n Suriye topraklar\u0131ndaki yeni sald\u0131r\u0131s\u0131n\u0131n Homs&#8217;un do\u011fu k\u0131rsal\u0131nda &#8220;I\u015e\u0130D&#8221; \u00f6rg\u00fct\u00fcn\u00fcn ger\u00e7ekle\u015ftirdi\u011fi ter\u00f6r sald\u0131r\u0131lar\u0131yla ayn\u0131 s\u0131ra ve tesad\u00fcfe at\u0131fta bulunarak \u015funlar\u0131 s\u00f6yledi: &#8220;Bu iki ter\u00f6rist olu\u015fum aras\u0131ndaki tam ba\u011flant\u0131 ve koordinasyon, aralar\u0131nda do\u011fal bir ili\u015fki olu\u015fturuyor ve bu ay\u0131n alt\u0131s\u0131nda meydana gelen y\u0131k\u0131c\u0131 depremin etkileriyle kar\u015f\u0131 kar\u015f\u0131ya oldu\u011fu durumun \u0131\u015f\u0131\u011f\u0131nda bu iki varl\u0131\u011f\u0131n Suriyeli insanlar\u0131n ac\u0131s\u0131n\u0131 ve \u0131st\u0131rab\u0131n\u0131 daha da b\u00fcy\u00fctmek i\u00e7in \u00e7abalad\u0131klar\u0131na dikkat \u00e7ekti.<\/p>\n<p>\u0130srail&#8217;in Suriye&#8217;nin egemenli\u011fini ve toprak b\u00fct\u00fcnl\u00fc\u011f\u00fcn\u00fc tekrar tekrar ihlal etmesine Bat\u0131l\u0131 \u00fclkelerin sessiz kalmas\u0131n\u0131 utan\u00e7 verici olarak nitelendiren Ken&#8217;ani, uluslararas\u0131 toplumu ve ba\u015fta BM G\u00fcvenlik Konseyi olmak \u00fczere sorumlu uluslararas\u0131 kurumlar\u0131 Siyonist ter\u00f6r rejiminin Birle\u015fmi\u015f Milletler \u00fcyesi bir \u00fclkeye kar\u015f\u0131 sald\u0131rganl\u0131\u011f\u0131na kar\u015f\u0131 acil, ciddi ve etkili \u00f6nlemler almaya \u00e7a\u011f\u0131rd\u0131.<\/p>\n<p><a href=\"https:\/\/t.me\/SuriyeArapHaberAjansI\">Telegram Kanal\u0131m\u0131z\u00a0<\/a><\/p>\n<p><a href=\"https:\/\/www.facebook.com\/SANAHaberAjansi\/\">Facebook Sayfam\u0131z<\/a><\/p>\n","protected":false},"excerpt":{"rendered":"<p>TAHRAN &#8211; \u0130ran, bug\u00fcn \u015fafak vakti \u015eam ve \u00e7evresindeki noktalar\u0131 hedef alan, sonucunda 5 \u015fehit ve 15 ki\u015fiyi yaralayan d\u00fc\u015fman \u0130srail sald\u0131r\u0131s\u0131n\u0131 \u015fiddetle k\u0131nad\u0131. IRNA haber ajans\u0131 \u0130ran D\u0131\u015fi\u015fleri Bakanl\u0131\u011f\u0131 s\u00f6zc\u00fcs\u00fc Nas\u0131r Ken&#8217;ani&#8217;den naklen, Siyonist varl\u0131\u011f\u0131n Suriye topraklar\u0131ndaki yeni sald\u0131r\u0131s\u0131n\u0131n Homs&#8217;un do\u011fu k\u0131rsal\u0131nda &#8220;I\u015e\u0130D&#8221; \u00f6rg\u00fct\u00fcn\u00fcn ger\u00e7ekle\u015ftirdi\u011fi ter\u00f6r sald\u0131r\u0131lar\u0131yla ayn\u0131 s\u0131ra ve tesad\u00fcfe at\u0131fta bulunarak \u015funlar\u0131 &hellip;<\/p>\n","protected":false},"author":1,"featured_media":274979,"comment_status":"closed","ping_status":"closed","sticky":false,"template":"","format":"standard","meta":{"footnotes":""},"categories":[458,459,17988],"tags":[],"class_list":["post-274978","post","type-post","status-publish","format-standard","has-post-thumbnail","","category-dunya1","category-haberler-arap-uluslararasi-politika","category-son-haberler"],"_links":{"self":[{"href":"https:\/\/archive.sana.sy\/tr\/index.php?rest_route=\/wp\/v2\/posts\/274978","targetHints":{"allow":["GET"]}}],"collection":[{"href":"https:\/\/archive.sana.sy\/tr\/index.php?rest_route=\/wp\/v2\/posts"}],"about":[{"href":"https:\/\/archive.sana.sy\/tr\/index.php?rest_route=\/wp\/v2\/types\/post"}],"author":[{"embeddable":true,"href":"https:\/\/archive.sana.sy\/tr\/index.php?rest_route=\/wp\/v2\/users\/1"}],"replies":[{"embeddable":true,"href":"https:\/\/archive.sana.sy\/tr\/index.php?rest_route=%2Fwp%2Fv2%2Fcomments&post=274978"}],"version-history":[{"count":0,"href":"https:\/\/archive.sana.sy\/tr\/index.php?rest_route=\/wp\/v2\/posts\/274978\/revisions"}],"wp:featuredmedia":[{"embeddable":true,"href":"https:\/\/archive.sana.sy\/tr\/index.php?rest_route=\/wp\/v2\/media\/274979"}],"wp:attachment":[{"href":"https:\/\/archive.sana.sy\/tr\/index.php?rest_route=%2Fwp%2Fv2%2Fmedia&parent=274978"}],"wp:term":[{"taxonomy":"category","embeddable":true,"href":"https:\/\/archive.sana.sy\/tr\/index.php?rest_route=%2Fwp%2Fv2%2Fcategories&post=274978"},{"taxonomy":"post_tag","embeddable":true,"href":"https:\/\/archive.sana.sy\/tr\/index.php?rest_route=%2Fwp%2Fv2%2Ftags&post=274978"}],"curies":[{"name":"wp","href":"https:\/\/api.w.org\/{rel}","templated":true}]}}