{"id":27500,"date":"2015-03-24T12:40:46","date_gmt":"2015-03-24T10:40:46","guid":{"rendered":"http:\/\/www.sana.sy\/tr\/?p=27500"},"modified":"2015-03-24T12:40:46","modified_gmt":"2015-03-24T10:40:46","slug":"basbakan-yardimcisi-disisleri-ve-gurbetciler-bakani-velid-el-muallim-irak-disisleri-bakani-ile-duzenledigi-ortak-basin-toplantisinda-suriye-ve-kardes-irak-terore-karsi-ayni-hendektedir-suriye-iyi-o","status":"publish","type":"post","link":"https:\/\/archive.sana.sy\/tr\/?p=27500","title":{"rendered":"Ba\u015fbakan Yard\u0131mc\u0131s\u0131 D\u0131\u015fi\u015fleri ve Gurbet\u00e7iler Bakan\u0131 Velid el Muallim Irak D\u0131\u015fi\u015fleri Bakan\u0131 ile d\u00fczenledi\u011fi ortak bas\u0131n toplant\u0131s\u0131nda: Suriye ve karde\u015f Irak, ter\u00f6re kar\u015f\u0131 ayn\u0131 hendektedir. Suriye iyi oldu\u011fu s\u00fcrece Irak da iyi olur, bunun akside do\u011frudur. Dolay\u0131s\u0131yla Irakl\u0131 y\u00f6neticilerin Suriye&#8217;nin yan\u0131nda olma ve ve Suriye&#8217;ye uygulanan ablukan\u0131n kald\u0131r\u0131lmas\u0131nda hi\u00e7bir \u00e7abay\u0131 esirgemeyeceklerine inan\u0131yoruz."},"content":{"rendered":"<p>Ba\u015fbakan Yard\u0131mc\u0131s\u0131 D\u0131\u015fi\u015fleri ve Gurbet\u00e7iler Bakan\u0131 Velid el Muallim Irak D\u0131\u015fi\u015fleri Bakan\u0131 ile d\u00fczenledi\u011fi ortak bas\u0131n toplant\u0131s\u0131nda: Suriye ve karde\u015f Irak, ter\u00f6re kar\u015f\u0131 ayn\u0131 hendektedir. Suriye iyi oldu\u011fu s\u00fcrece Irak da iyi olur, bunun akside do\u011frudur. Dolay\u0131s\u0131yla Irakl\u0131 y\u00f6neticilerin Suriye&#8217;nin yan\u0131nda olma ve ve Suriye&#8217;ye uygulanan ablukan\u0131n kald\u0131r\u0131lmas\u0131nda hi\u00e7bir \u00e7abay\u0131 esirgemeyeceklerine inan\u0131yoruz.<\/p>\n","protected":false},"excerpt":{"rendered":"<p>Ba\u015fbakan Yard\u0131mc\u0131s\u0131 D\u0131\u015fi\u015fleri ve Gurbet\u00e7iler Bakan\u0131 Velid el Muallim Irak D\u0131\u015fi\u015fleri Bakan\u0131 ile d\u00fczenledi\u011fi ortak bas\u0131n toplant\u0131s\u0131nda: Suriye ve karde\u015f Irak, ter\u00f6re kar\u015f\u0131 ayn\u0131 hendektedir. Suriye iyi oldu\u011fu s\u00fcrece Irak da iyi olur, bunun akside do\u011frudur. Dolay\u0131s\u0131yla Irakl\u0131 y\u00f6neticilerin Suriye&#8217;nin yan\u0131nda olma ve ve Suriye&#8217;ye uygulanan ablukan\u0131n kald\u0131r\u0131lmas\u0131nda hi\u00e7bir \u00e7abay\u0131 esirgemeyeceklerine inan\u0131yoruz.<\/p>\n","protected":false},"author":1,"featured_media":0,"comment_status":"closed","ping_status":"closed","sticky":false,"template":"","format":"standard","meta":{"footnotes":""},"categories":[1],"tags":[12891],"class_list":["post-27500","post","type-post","status-publish","format-standard","","category-news-not-sorted","tag-basbakan-yardimcisi-disisleri-ve-gurbetciler-bakani-velid-el-muallim-irak-disisleri-bakani"],"_links":{"self":[{"href":"https:\/\/archive.sana.sy\/tr\/index.php?rest_route=\/wp\/v2\/posts\/27500","targetHints":{"allow":["GET"]}}],"collection":[{"href":"https:\/\/archive.sana.sy\/tr\/index.php?rest_route=\/wp\/v2\/posts"}],"about":[{"href":"https:\/\/archive.sana.sy\/tr\/index.php?rest_route=\/wp\/v2\/types\/post"}],"author":[{"embeddable":true,"href":"https:\/\/archive.sana.sy\/tr\/index.php?rest_route=\/wp\/v2\/users\/1"}],"replies":[{"embeddable":true,"href":"https:\/\/archive.sana.sy\/tr\/index.php?rest_route=%2Fwp%2Fv2%2Fcomments&post=27500"}],"version-history":[{"count":0,"href":"https:\/\/archive.sana.sy\/tr\/index.php?rest_route=\/wp\/v2\/posts\/27500\/revisions"}],"wp:attachment":[{"href":"https:\/\/archive.sana.sy\/tr\/index.php?rest_route=%2Fwp%2Fv2%2Fmedia&parent=27500"}],"wp:term":[{"taxonomy":"category","embeddable":true,"href":"https:\/\/archive.sana.sy\/tr\/index.php?rest_route=%2Fwp%2Fv2%2Fcategories&post=27500"},{"taxonomy":"post_tag","embeddable":true,"href":"https:\/\/archive.sana.sy\/tr\/index.php?rest_route=%2Fwp%2Fv2%2Ftags&post=27500"}],"curies":[{"name":"wp","href":"https:\/\/api.w.org\/{rel}","templated":true}]}}