{"id":275049,"date":"2023-02-19T20:01:33","date_gmt":"2023-02-19T17:01:33","guid":{"rendered":"https:\/\/sana.sy\/tr\/?p=275049"},"modified":"2023-02-21T08:57:39","modified_gmt":"2023-02-21T05:57:39","slug":"cumhurbaskani-esad-lubnan-suriye-parlamento-kardeslik-ve-dostluk-komitesi-uyeleriyle-gorustu","status":"publish","type":"post","link":"https:\/\/archive.sana.sy\/tr\/?p=275049","title":{"rendered":"Cumhurba\u015fkan\u0131 Esad, L\u00fcbnan-Suriye Parlamento Karde\u015flik Ve Dostluk Komitesi \u00dcyeleriyle G\u00f6r\u00fc\u015ft\u00fc"},"content":{"rendered":"<p><strong>\u015eAM<\/strong> &#8211; Cumhurba\u015fkan\u0131 Be\u015f\u015far Esad, Suriye halk\u0131yla dayan\u0131\u015fma ziyareti i\u00e7in bu sabah Suriye&#8217;ye gelen L\u00fcbnan-Suriye Parlamenter Karde\u015flik ve Dostluk Komitesi \u00fcyeleriyle yapt\u0131\u011f\u0131 g\u00f6r\u00fc\u015fmede, \u00a0Suriye&#8217;nin L\u00fcbnan&#8217;\u0131n insani m\u00fcdahalesini ve Suriye h\u00fck\u00fcmetinin acil yard\u0131m sa\u011flayarak ve L\u00fcbnan havaalan\u0131 ve limanlar\u0131 arac\u0131l\u0131\u011f\u0131yla \u00e7e\u015fitli yerlerden yard\u0131m alarak depremden etkilenenlere yard\u0131m sa\u011flama \u00e7abalar\u0131na verdi\u011fi deste\u011fi takdir etti\u011fini vurgulad\u0131.<\/p>\n<p>Cumhurba\u015fkan\u0131 Esad ayr\u0131ca, L\u00fcbnan ile Suriye aras\u0131ndaki ili\u015fkinin \u00f6ncelikle iki \u00fclke halklar\u0131 aras\u0131ndaki karde\u015flik ili\u015fkisi oldu\u011funu \u00a0ve bunun \u00a0iki halk\u0131n ortak \u00e7\u0131karlar\u0131na hizmet etmek ve kar\u015f\u0131la\u015ft\u0131klar\u0131 zorluklarla y\u00fczle\u015fmek i\u00e7in resmi politikalar\u0131n dayanmas\u0131 gereken temeli te\u015fkil etti\u011fini kayetti.<\/p>\n<p>Heyet \u00fcyeleri ise L\u00fcbnan halk\u0131n\u0131n Suriye halk\u0131yla dayan\u0131\u015fmas\u0131n\u0131n derinli\u011fini ve onlar\u0131n yan\u0131nda olduklar\u0131n\u0131 ifade etmek i\u00e7in Suriye&#8217;ye gittiklerini belirterek, ikili ili\u015fkilerin etkinle\u015ftirilmesi ve her alanda iki karde\u015f \u00fclkede tek milletin \u00e7\u0131karlar\u0131n\u0131 kar\u015f\u0131layacak d\u00fczeye y\u00fckseltilmesi gerekti\u011finin alt\u0131n\u0131 \u00e7izdi.<\/p>\n<p>R.M.<\/p>\n<p><a href=\"https:\/\/t.me\/SuriyeArapHaberAjansI\">Telegram Kanal\u0131m\u0131z\u00a0<\/a><\/p>\n<p><a href=\"https:\/\/www.facebook.com\/SANAHaberAjansi\/\">Facebook Sayfam\u0131z<\/a><\/p>\n","protected":false},"excerpt":{"rendered":"<p>\u015eAM &#8211; Cumhurba\u015fkan\u0131 Be\u015f\u015far Esad, Suriye halk\u0131yla dayan\u0131\u015fma ziyareti i\u00e7in bu sabah Suriye&#8217;ye gelen L\u00fcbnan-Suriye Parlamenter Karde\u015flik ve Dostluk Komitesi \u00fcyeleriyle yapt\u0131\u011f\u0131 g\u00f6r\u00fc\u015fmede, \u00a0Suriye&#8217;nin L\u00fcbnan&#8217;\u0131n insani m\u00fcdahalesini ve Suriye h\u00fck\u00fcmetinin acil yard\u0131m sa\u011flayarak ve L\u00fcbnan havaalan\u0131 ve limanlar\u0131 arac\u0131l\u0131\u011f\u0131yla \u00e7e\u015fitli yerlerden yard\u0131m alarak depremden etkilenenlere yard\u0131m sa\u011flama \u00e7abalar\u0131na verdi\u011fi deste\u011fi takdir etti\u011fini vurgulad\u0131. Cumhurba\u015fkan\u0131 Esad &hellip;<\/p>\n","protected":false},"author":41,"featured_media":275051,"comment_status":"closed","ping_status":"closed","sticky":false,"template":"","format":"standard","meta":{"footnotes":""},"categories":[609,605,17988],"tags":[],"class_list":["post-275049","post","type-post","status-publish","format-standard","has-post-thumbnail","","category-konusmalar","category-sayin-cumhurbaskani","category-son-haberler"],"_links":{"self":[{"href":"https:\/\/archive.sana.sy\/tr\/index.php?rest_route=\/wp\/v2\/posts\/275049","targetHints":{"allow":["GET"]}}],"collection":[{"href":"https:\/\/archive.sana.sy\/tr\/index.php?rest_route=\/wp\/v2\/posts"}],"about":[{"href":"https:\/\/archive.sana.sy\/tr\/index.php?rest_route=\/wp\/v2\/types\/post"}],"author":[{"embeddable":true,"href":"https:\/\/archive.sana.sy\/tr\/index.php?rest_route=\/wp\/v2\/users\/41"}],"replies":[{"embeddable":true,"href":"https:\/\/archive.sana.sy\/tr\/index.php?rest_route=%2Fwp%2Fv2%2Fcomments&post=275049"}],"version-history":[{"count":0,"href":"https:\/\/archive.sana.sy\/tr\/index.php?rest_route=\/wp\/v2\/posts\/275049\/revisions"}],"wp:featuredmedia":[{"embeddable":true,"href":"https:\/\/archive.sana.sy\/tr\/index.php?rest_route=\/wp\/v2\/media\/275051"}],"wp:attachment":[{"href":"https:\/\/archive.sana.sy\/tr\/index.php?rest_route=%2Fwp%2Fv2%2Fmedia&parent=275049"}],"wp:term":[{"taxonomy":"category","embeddable":true,"href":"https:\/\/archive.sana.sy\/tr\/index.php?rest_route=%2Fwp%2Fv2%2Fcategories&post=275049"},{"taxonomy":"post_tag","embeddable":true,"href":"https:\/\/archive.sana.sy\/tr\/index.php?rest_route=%2Fwp%2Fv2%2Ftags&post=275049"}],"curies":[{"name":"wp","href":"https:\/\/api.w.org\/{rel}","templated":true}]}}