{"id":275440,"date":"2023-02-24T18:17:33","date_gmt":"2023-02-24T15:17:33","guid":{"rendered":"https:\/\/sana.sy\/tr\/?p=275440"},"modified":"2023-02-25T09:17:43","modified_gmt":"2023-02-25T06:17:43","slug":"yerel-girisimler-ve-uluslararasi-yardimlar","status":"publish","type":"post","link":"https:\/\/archive.sana.sy\/tr\/?p=275440","title":{"rendered":"Yerel Giri\u015fimler Ve Uluslararas\u0131 Yard\u0131mlar.."},"content":{"rendered":"<p><span style=\"color: #0000ff;\">Yerel giri\u015fimler ve uluslararas\u0131 yard\u0131mlar.<\/span><!--more--><\/p>\n<p><span style=\"color: #0000ff;\">Uluslararas\u0131 Yard\u0131mlar:<\/span><\/p>\n<ul>\n<li>SANA muhabiri: Mukaddes El Abbas Avlusu taraf\u0131ndan sa\u011flanan ve depremden etkilenenler i\u00e7in yard\u0131m, g\u0131da ve t\u0131bbi malzeme y\u00fckl\u00fc yakla\u015f\u0131k 80 kamyonu i\u00e7eren bir Irak yard\u0131m konvoyunu Lazkiye&#8217;ye vard\u0131.<\/li>\n<li>SANA muhabiri: Depremden etkilenenler i\u00e7in yard\u0131m y\u00fckl\u00fc ikinci bir BAE u\u00e7a\u011f\u0131 Uluslararas\u0131 \u015eam Havaliman\u0131 vard\u0131.<\/li>\n<li>SANA muhabiri: Hama kentindeki Gen\u00e7lik Etkinlikleri Merkezi&#8217;nde bulunan depremzedelere Rusya Federasyonu taraf\u0131ndan sa\u011flanan g\u0131da yard\u0131m\u0131 da\u011f\u0131t\u0131l\u0131yor.<\/li>\n<li>SANA muhabiri: Depremden etkilenenler i\u00e7in yard\u0131m y\u00fckl\u00fc bir Emirlik u\u00e7a\u011f\u0131 Uluslararas\u0131 \u015eam Havaliman\u0131&#8217;na vard\u0131.<\/li>\n<li>SANA muhabiri: \u00c7e\u015fitli ila\u00e7lar\u0131 i\u00e7erdi\u011fi 1 tonluk Rus t\u0131bbi yard\u0131m sevkiyat\u0131, Ceble&#8217;deki Ulusal \u015eehit \u0130brahim Naama Hastanesine ula\u015ft\u0131.<\/li>\n<li>SANA muhabiri: 28 ton g\u0131da yard\u0131m\u0131 ta\u015f\u0131yan bir Birle\u015fik Arap Emirlikleri u\u00e7a\u011f\u0131 Uluslararas\u0131 Lazkiye Havaliman\u0131&#8217;na vard\u0131.<\/li>\n<\/ul>\n<p>&nbsp;<\/p>\n<p><span style=\"color: #0000ff;\">Yerel Giri\u015fimler:<\/span><\/p>\n<ul>\n<li>Giri\u015fimler: Suriye \u0130zcileri \u00fc\u00e7\u00fcnc\u00fc alay\u0131, Halep&#8217;teki depremden etkilenenlere yemek ve yard\u0131m da\u011f\u0131t\u0131yor.<\/li>\n<li>Giri\u015fimler:S\u00fcveyda Valili\u011fine gelen depremzedeler i\u00e7in \u00fccretsiz t\u0131bbi \u00e7al\u0131\u015fma g\u00fcn\u00fc ve ayni yard\u0131mlar veriliyor.<\/li>\n<li>Giri\u015fimler: \u015eam&#8217;\u0131n sanayi kenti Adra&#8217;daki ekonomik faaliyetlerin sa\u011flad\u0131\u011f\u0131 bir yard\u0131m konvoyu Lazkiye&#8217;de depremzedelere da\u011f\u0131t\u0131lmak \u00fczere vard\u0131.<\/li>\n<\/ul>\n<p><a href=\"https:\/\/t.me\/SuriyeArapHaberAjansI\">Telegram Kanal\u0131m\u0131z\u00a0<\/a><\/p>\n<p><a href=\"https:\/\/www.facebook.com\/SANAHaberAjansi\/\">Facebook Sayfam\u0131z<\/a><\/p>\n","protected":false},"excerpt":{"rendered":"<p>Yerel giri\u015fimler ve uluslararas\u0131 yard\u0131mlar.<\/p>\n","protected":false},"author":1,"featured_media":275441,"comment_status":"closed","ping_status":"closed","sticky":false,"template":"","format":"standard","meta":{"footnotes":""},"categories":[479,17988,478],"tags":[],"class_list":["post-275440","post","type-post","status-publish","format-standard","has-post-thumbnail","","category-haberler-yerel","category-son-haberler","category-yerel"],"_links":{"self":[{"href":"https:\/\/archive.sana.sy\/tr\/index.php?rest_route=\/wp\/v2\/posts\/275440","targetHints":{"allow":["GET"]}}],"collection":[{"href":"https:\/\/archive.sana.sy\/tr\/index.php?rest_route=\/wp\/v2\/posts"}],"about":[{"href":"https:\/\/archive.sana.sy\/tr\/index.php?rest_route=\/wp\/v2\/types\/post"}],"author":[{"embeddable":true,"href":"https:\/\/archive.sana.sy\/tr\/index.php?rest_route=\/wp\/v2\/users\/1"}],"replies":[{"embeddable":true,"href":"https:\/\/archive.sana.sy\/tr\/index.php?rest_route=%2Fwp%2Fv2%2Fcomments&post=275440"}],"version-history":[{"count":0,"href":"https:\/\/archive.sana.sy\/tr\/index.php?rest_route=\/wp\/v2\/posts\/275440\/revisions"}],"wp:featuredmedia":[{"embeddable":true,"href":"https:\/\/archive.sana.sy\/tr\/index.php?rest_route=\/wp\/v2\/media\/275441"}],"wp:attachment":[{"href":"https:\/\/archive.sana.sy\/tr\/index.php?rest_route=%2Fwp%2Fv2%2Fmedia&parent=275440"}],"wp:term":[{"taxonomy":"category","embeddable":true,"href":"https:\/\/archive.sana.sy\/tr\/index.php?rest_route=%2Fwp%2Fv2%2Fcategories&post=275440"},{"taxonomy":"post_tag","embeddable":true,"href":"https:\/\/archive.sana.sy\/tr\/index.php?rest_route=%2Fwp%2Fv2%2Ftags&post=275440"}],"curies":[{"name":"wp","href":"https:\/\/api.w.org\/{rel}","templated":true}]}}