{"id":275443,"date":"2023-02-24T18:18:51","date_gmt":"2023-02-24T15:18:51","guid":{"rendered":"https:\/\/sana.sy\/tr\/?p=275443"},"modified":"2023-02-25T09:17:54","modified_gmt":"2023-02-25T06:17:54","slug":"isini-seven-hemsire-lazkiyede-deprem-felaketi-sirasinda-hastanedeki-kuvozdeki-bir-cocugu-koruyor-video","status":"publish","type":"post","link":"https:\/\/archive.sana.sy\/tr\/?p=275443","title":{"rendered":"\u0130\u015fini Seven Hem\u015fire Lazkiye&#8217;de Deprem Felaketi S\u0131ras\u0131nda Hastanedeki Kuv\u00f6zdeki Bir \u00c7ocu\u011fu Koruyor &#8211; Video"},"content":{"rendered":"<p style=\"text-align: justify;\">LAZK\u0130YE &#8211; &#8220;\u00c7ocuk boynumun borcudur.. Onu yaln\u0131z b\u0131rakamam.&#8221; Hem\u015fire Suzan Demirkol, Lazkiye&#8217;deki Al Sayeda Cerrahi Hastanesi&#8217;nin kuv\u00f6z b\u00f6l\u00fcm\u00fcnde deprem s\u0131ras\u0131nda ba\u015f\u0131na gelenleri hat\u0131rlatarak y\u00fcrekten gelen samimi s\u00f6zler s\u00f6yledi.<\/p>\n<p style=\"text-align: justify;\">Demirkol duygu ve \u015fefkat dolu sesiyle ekliyor: &#8220;Deprem olmadan \u00f6nce bu yenido\u011fan bebek kuv\u00f6ze al\u0131nd\u0131. \u00c7ocu\u011fun anne babas\u0131na evlerine gidebileceklerini, onlar da bebe\u011fin benim emanetimde oldu\u011funa dair g\u00fcvence ald\u0131lar diyerek \u015f\u00f6yle devam etti: &#8220;Ondan ayr\u0131l\u0131p gidersem nas\u0131l bir emanet olur?&#8221;<\/p>\n<p style=\"text-align: justify;\">Annelik i\u00e7g\u00fcd\u00fcleri, hem\u015fire Demirkol&#8217;un kuv\u00f6z b\u00f6l\u00fcm\u00fcnden ayr\u0131larak deprem s\u0131ras\u0131nda ve depremin sonuna kadar \u00e7ocu\u011fun yan\u0131nda kalmas\u0131n\u0131 gerektirdi. \u00c7al\u0131\u015fmas\u0131 ve \u00f6zverisiyle merhamet meleklerinin ger\u00e7ek anlam\u0131n\u0131 somutla\u015ft\u0131rd\u0131 ve masum bir ruhu tehlikeden korumak i\u00e7in insani g\u00f6revini yerine getirdi.<\/p>\n<p style=\"text-align: justify;\">Demirkol SANA&#8217;ya verdi\u011fi r\u00f6portajda \u015funlar\u0131 ekledi: &#8220;Te\u015frin \u00dcniversite Hastanesi&#8217;nde hem\u015fire olarak \u00e7al\u0131\u015f\u0131yorum ve yakla\u015f\u0131k 5 ay \u00f6nce \u00f6zel kad\u0131n hastanesinde \u00e7al\u0131\u015fmaya ba\u015flad\u0131m. Cihazlar\u0131n optik i\u015flemcileri de titremeye ba\u015flay\u0131nca i\u015fler daha da k\u00f6t\u00fcle\u015fti ve hayal g\u00f6rd\u00fc\u011f\u00fcm\u00fc sand\u0131m.&#8221; Kuv\u00f6zde m\u0131\u015f\u0131l m\u0131\u015f\u0131l yatan \u00e7ocu\u011fun iyi oldu\u011fundan emin olmak i\u00e7in hemen yan\u0131na ko\u015ftum ve sabit durmas\u0131 i\u00e7in kuv\u00f6ze iyice sar\u0131ld\u0131m, s\u00fcrekli telefonum \u00e7al\u0131yordu ama \u00e7ocuk daha \u00f6nemliydi ve cihazlar hareket ediyordu. Bu y\u00fczden onu indirmeye \u00e7al\u0131\u015ft\u0131m ve tekrar kuv\u00f6ze sar\u0131ld\u0131m. Hareket sakinle\u015fene kadar bir kez daha kuv\u00f6z\u00fc a\u00e7maya karar verdim ve bebe\u011fi kollar\u0131ma al\u0131p elimden gelen t\u00fcm \u00f6zen ve sevgiyle kucaklad\u0131m. Ailesini arad\u0131m, kuca\u011f\u0131mda ve iyi oldu\u011funu s\u00f6yledim.<\/p>\n<p style=\"text-align: justify;\">Bu s\u00f6zlerin annenin i\u00e7ini \u0131s\u0131tt\u0131\u011f\u0131n\u0131 ve zihnini sakinle\u015ftirdi\u011fini kaydeden hem\u015fire, ard\u0131ndan dokuz y\u0131l\u0131 a\u015fk\u0131n bir s\u00fcre bekledikten sonra \u00f6zellikle annenin hamileli\u011fi \u00e7ok de\u011ferli oldu\u011fu i\u00e7in, y\u0131k\u0131lman\u0131n e\u015fi\u011fine gelen anne babas\u0131 gelene kadar \u00e7ocu\u011fu giydirip y\u00fcn bir battaniyeye saran Demirkol, bebe\u011fi \u00e7\u0131karmaktan duydu\u011fu mutlulu\u011fu, daha sonra aileyi ziyaret ederek k\u00fc\u00e7\u00fck k\u0131z bebe\u011fin sa\u011fl\u0131k durumunu kontrol etti\u011fini dile getirdi.<\/p>\n<p style=\"text-align: justify;\">Surgical Lady Hastanesi \u0130dari M\u00fcd\u00fcr\u00fc M\u00fch. Kinda Yezbik, \u015eubat ay\u0131n\u0131n 6&#8217;s\u0131nda gece, t\u00fcm kamu ve \u00f6zel hastanelerde oldu\u011fu gibi hastanenin t\u00fcm birimlerinde ve sa\u011fl\u0131k personelinde hasta kabul\u00fcne y\u00f6nelik olu\u015fan alarm durumu vard\u0131 diyerek s\u00f6zlerine \u015f\u00f6yle devam etti: \u0130lk g\u00fcnler ge\u00e7tikten sonra deprem g\u00fcn\u00fc g\u00fcvenlik kameras\u0131 kay\u0131tlar\u0131n\u0131 inceleyerek o an ne oldu\u011funu \u00f6\u011frenmek i\u00e7in kuv\u00f6z hem\u015firesi dikkatlerini \u00e7ekti ve \u015funlar\u0131 s\u00f6yledi: \u201cBiz gelince a\u011flad\u0131k. Videoyu ilk kez g\u00f6rd\u00fcm, kendi k\u0131z\u0131ym\u0131\u015f gibi \u00e7ocu\u011fa olan hevesi ve korkusu, dokunakl\u0131 anlard\u0131, \u0130nsanl\u0131\u011f\u0131 paha bi\u00e7ilemez\u201d dedi.<\/p>\n<p style=\"text-align: justify;\">Yezbik; \u201cHepimizin bildi\u011fi gibi do\u011fal afetler meydana geldi\u011finde insan\u0131n en \u00e7ok umursad\u0131\u011f\u0131 \u015fey kendini kurtarmakt\u0131r ama afetin deh\u015fetine ald\u0131r\u0131\u015f etmeyen ve hayat\u0131n\u0131 afete feda etmeyi tercih eden hem\u015fire Suzan i\u00e7in durum b\u00f6yle de\u011fildi. Mesleki ve insani g\u00f6revine dayanarak \u00e7ocu\u011fu korumak ve kurtarmak \u00f6nceli\u011fi aras\u0131ndayd\u0131. \u00c7ocu\u011fun ailesini daha sonra tekrar aramak kayd\u0131yla defalarca aramalar\u0131na cevap bile vermemi\u015f, bebe\u011fin iyi oldu\u011funu s\u00f6ylemek i\u00e7in daha sonra aram\u0131\u015ft\u0131\u201d dedi.<\/p>\n<p style=\"text-align: justify;\">Yezbik, Hem\u015fire Suzan&#8217;\u0131n i\u015fini, kendini i\u015fine adamas\u0131n\u0131 ve \u00f6zverisini, \u00e7ocu\u011fun ve k\u00fcv\u00f6zdeki t\u0131bbi ekipman\u0131n g\u00fcvenli\u011fi konusundaki hassasiyetini sanki ev e\u015fyalar\u0131n\u0131 koruyormu\u015f gibi \u00f6vd\u00fc.<\/p>\n<p><a href=\"https:\/\/t.me\/SuriyeArapHaberAjansI\">Telegram Kanal\u0131m\u0131z\u00a0<\/a><\/p>\n<p><a href=\"https:\/\/www.facebook.com\/SANAHaberAjansi\/\">Facebook Sayfam\u0131z<\/a><\/p>\n","protected":false},"excerpt":{"rendered":"<p>LAZK\u0130YE &#8211; &#8220;\u00c7ocuk boynumun borcudur.. Onu yaln\u0131z b\u0131rakamam.&#8221; Hem\u015fire Suzan Demirkol, Lazkiye&#8217;deki Al Sayeda Cerrahi Hastanesi&#8217;nin kuv\u00f6z b\u00f6l\u00fcm\u00fcnde deprem s\u0131ras\u0131nda ba\u015f\u0131na gelenleri hat\u0131rlatarak y\u00fcrekten gelen samimi s\u00f6zler s\u00f6yledi. Demirkol duygu ve \u015fefkat dolu sesiyle ekliyor: &#8220;Deprem olmadan \u00f6nce bu yenido\u011fan bebek kuv\u00f6ze al\u0131nd\u0131. \u00c7ocu\u011fun anne babas\u0131na evlerine gidebileceklerini, onlar da bebe\u011fin benim emanetimde oldu\u011funa dair &hellip;<\/p>\n","protected":false},"author":1,"featured_media":275444,"comment_status":"closed","ping_status":"closed","sticky":false,"template":"","format":"standard","meta":{"footnotes":""},"categories":[526,479,17988,525,478],"tags":[],"class_list":["post-275443","post","type-post","status-publish","format-standard","has-post-thumbnail","","category-haber-ve-raporlar","category-haberler-yerel","category-son-haberler","category-toplum","category-yerel"],"_links":{"self":[{"href":"https:\/\/archive.sana.sy\/tr\/index.php?rest_route=\/wp\/v2\/posts\/275443","targetHints":{"allow":["GET"]}}],"collection":[{"href":"https:\/\/archive.sana.sy\/tr\/index.php?rest_route=\/wp\/v2\/posts"}],"about":[{"href":"https:\/\/archive.sana.sy\/tr\/index.php?rest_route=\/wp\/v2\/types\/post"}],"author":[{"embeddable":true,"href":"https:\/\/archive.sana.sy\/tr\/index.php?rest_route=\/wp\/v2\/users\/1"}],"replies":[{"embeddable":true,"href":"https:\/\/archive.sana.sy\/tr\/index.php?rest_route=%2Fwp%2Fv2%2Fcomments&post=275443"}],"version-history":[{"count":0,"href":"https:\/\/archive.sana.sy\/tr\/index.php?rest_route=\/wp\/v2\/posts\/275443\/revisions"}],"wp:featuredmedia":[{"embeddable":true,"href":"https:\/\/archive.sana.sy\/tr\/index.php?rest_route=\/wp\/v2\/media\/275444"}],"wp:attachment":[{"href":"https:\/\/archive.sana.sy\/tr\/index.php?rest_route=%2Fwp%2Fv2%2Fmedia&parent=275443"}],"wp:term":[{"taxonomy":"category","embeddable":true,"href":"https:\/\/archive.sana.sy\/tr\/index.php?rest_route=%2Fwp%2Fv2%2Fcategories&post=275443"},{"taxonomy":"post_tag","embeddable":true,"href":"https:\/\/archive.sana.sy\/tr\/index.php?rest_route=%2Fwp%2Fv2%2Ftags&post=275443"}],"curies":[{"name":"wp","href":"https:\/\/api.w.org\/{rel}","templated":true}]}}