{"id":275446,"date":"2023-02-24T18:19:56","date_gmt":"2023-02-24T15:19:56","guid":{"rendered":"https:\/\/sana.sy\/tr\/?p=275446"},"modified":"2023-02-25T09:18:03","modified_gmt":"2023-02-25T06:18:03","slug":"uc-bae-yardim-ucaginin-sam-lazkiye-ve-halep-havaalanlarina-vardi","status":"publish","type":"post","link":"https:\/\/archive.sana.sy\/tr\/?p=275446","title":{"rendered":"\u00dc\u00e7 BAE Yard\u0131m U\u00e7a\u011f\u0131n\u0131n \u015eam, Lazkiye ve Halep Havaalanlar\u0131na Vard\u0131"},"content":{"rendered":"<p style=\"text-align: justify;\">\u0130LLER &#8211; Bug\u00fcn, bu ay\u0131n 6&#8217;s\u0131nda Suriye&#8217;yi vuran depremden etkilenenler i\u00e7in yard\u0131m ta\u015f\u0131yan \u00fc\u00e7 Emirlik u\u00e7a\u011f\u0131 \u015eam, Lazkiye ve Halep&#8217;in uluslararas\u0131 havaalanlar\u0131na ula\u015ft\u0131.<\/p>\n<p style=\"text-align: justify;\">Uluslararas\u0131 \u015eam Havaliman\u0131&#8217;ndan SANA muhabiri, bu sabah 99,360 \u200bton g\u0131da ve yard\u0131m malzemesi, giysi, battaniye ve t\u0131bbi maske ta\u015f\u0131yan bir Emirlik yard\u0131m u\u00e7a\u011f\u0131n\u0131n geldi\u011fini a\u00e7\u0131klad\u0131.<\/p>\n<p style=\"text-align: justify;\">Yard\u0131m y\u00fckl\u00fc bir Emirlik u\u00e7a\u011f\u0131 da Lazkiye Uluslararas\u0131 Havaliman\u0131&#8217;na geldi.<\/p>\n<p style=\"text-align: justify;\">Lazkiye Havaliman\u0131 M\u00fcd\u00fcr\u00fc M\u00fch. Ziyad AlTavil SANA muhabirine yapt\u0131\u011f\u0131 a\u00e7\u0131klamada, u\u00e7a\u011f\u0131n 28 ton g\u0131da maddesi getirdi\u011fini a\u00e7\u0131klad\u0131.<\/p>\n<p style=\"text-align: justify;\">Uluslararas\u0131 Halep Havaliman\u0131&#8217;na da, 22 ton g\u0131da maddesi ve battaniye ta\u015f\u0131yan bir Emirlik u\u00e7a\u011f\u0131 geldi.<\/p>\n<p><a href=\"https:\/\/t.me\/SuriyeArapHaberAjansI\">Telegram Kanal\u0131m\u0131z\u00a0<\/a><\/p>\n<p><a href=\"https:\/\/www.facebook.com\/SANAHaberAjansi\/\">Facebook Sayfam\u0131z<\/a><\/p>\n","protected":false},"excerpt":{"rendered":"<p>\u0130LLER &#8211; Bug\u00fcn, bu ay\u0131n 6&#8217;s\u0131nda Suriye&#8217;yi vuran depremden etkilenenler i\u00e7in yard\u0131m ta\u015f\u0131yan \u00fc\u00e7 Emirlik u\u00e7a\u011f\u0131 \u015eam, Lazkiye ve Halep&#8217;in uluslararas\u0131 havaalanlar\u0131na ula\u015ft\u0131. Uluslararas\u0131 \u015eam Havaliman\u0131&#8217;ndan SANA muhabiri, bu sabah 99,360 \u200bton g\u0131da ve yard\u0131m malzemesi, giysi, battaniye ve t\u0131bbi maske ta\u015f\u0131yan bir Emirlik yard\u0131m u\u00e7a\u011f\u0131n\u0131n geldi\u011fini a\u00e7\u0131klad\u0131. Yard\u0131m y\u00fckl\u00fc bir Emirlik u\u00e7a\u011f\u0131 da Lazkiye &hellip;<\/p>\n","protected":false},"author":1,"featured_media":275447,"comment_status":"closed","ping_status":"closed","sticky":false,"template":"","format":"standard","meta":{"footnotes":""},"categories":[479,17988,478],"tags":[],"class_list":["post-275446","post","type-post","status-publish","format-standard","has-post-thumbnail","","category-haberler-yerel","category-son-haberler","category-yerel"],"_links":{"self":[{"href":"https:\/\/archive.sana.sy\/tr\/index.php?rest_route=\/wp\/v2\/posts\/275446","targetHints":{"allow":["GET"]}}],"collection":[{"href":"https:\/\/archive.sana.sy\/tr\/index.php?rest_route=\/wp\/v2\/posts"}],"about":[{"href":"https:\/\/archive.sana.sy\/tr\/index.php?rest_route=\/wp\/v2\/types\/post"}],"author":[{"embeddable":true,"href":"https:\/\/archive.sana.sy\/tr\/index.php?rest_route=\/wp\/v2\/users\/1"}],"replies":[{"embeddable":true,"href":"https:\/\/archive.sana.sy\/tr\/index.php?rest_route=%2Fwp%2Fv2%2Fcomments&post=275446"}],"version-history":[{"count":0,"href":"https:\/\/archive.sana.sy\/tr\/index.php?rest_route=\/wp\/v2\/posts\/275446\/revisions"}],"wp:featuredmedia":[{"embeddable":true,"href":"https:\/\/archive.sana.sy\/tr\/index.php?rest_route=\/wp\/v2\/media\/275447"}],"wp:attachment":[{"href":"https:\/\/archive.sana.sy\/tr\/index.php?rest_route=%2Fwp%2Fv2%2Fmedia&parent=275446"}],"wp:term":[{"taxonomy":"category","embeddable":true,"href":"https:\/\/archive.sana.sy\/tr\/index.php?rest_route=%2Fwp%2Fv2%2Fcategories&post=275446"},{"taxonomy":"post_tag","embeddable":true,"href":"https:\/\/archive.sana.sy\/tr\/index.php?rest_route=%2Fwp%2Fv2%2Ftags&post=275446"}],"curies":[{"name":"wp","href":"https:\/\/api.w.org\/{rel}","templated":true}]}}