{"id":275687,"date":"2023-02-27T16:58:47","date_gmt":"2023-02-27T13:58:47","guid":{"rendered":"https:\/\/sana.sy\/tr\/?p=275687"},"modified":"2023-02-28T08:49:11","modified_gmt":"2023-02-28T05:49:11","slug":"sebbag-eyaletler-konseyi-ve-isvicre-konfederasyonu-ulusal-konseyi-baskanlarindan-bir-dayanisma-ve-bassagligi-mesaji-aldi","status":"publish","type":"post","link":"https:\/\/archive.sana.sy\/tr\/?p=275687","title":{"rendered":"Sebba\u011f, Eyaletler Konseyi Ve \u0130svi\u00e7re Konfederasyonu Ulusal Konseyi Ba\u015fkanlar\u0131ndan Bir Dayan\u0131\u015fma Ve Ba\u015fsa\u011fl\u0131\u011f\u0131 Mesaj\u0131 Ald\u0131"},"content":{"rendered":"<p><strong>\u015eAM<\/strong> &#8211; Halk Meclisi Ba\u015fkan\u0131 Hamuda Sebba\u011f, \u0130svi\u00e7re Konfederasyonu&#8217;nda Eyaletler Konseyi Ba\u015fkan\u0131 Brigitte Haberli-K\u00f6hler ve Ulusal Meclis Ba\u015fkan\u0131 Martin Candenas&#8217;tan dayan\u0131\u015fma ve taziye mesaj\u0131 ald\u0131.<\/p>\n<p>Mesajda, Parlamento ve \u0130svi\u00e7re halk\u0131n\u0131n Suriye halk\u0131yla dayan\u0131\u015fma i\u00e7inde oldu\u011fu ifade edilirken, Suriye&#8217;nin bu \u015fubat\u0131n alt\u0131nda \u00a0baz\u0131 vilayetlerini vuran y\u0131k\u0131c\u0131 depremin yol a\u00e7t\u0131\u011f\u0131 faciada hayat\u0131n\u0131 kaybedenlerin ailelerine ba\u015fsa\u011fl\u0131\u011f\u0131 ve ba\u015fsa\u011fl\u0131\u011f\u0131 dile\u011finde bulunuldu.<\/p>\n<p>&nbsp;<\/p>\n<p>R.M.<\/p>\n<p><a href=\"https:\/\/t.me\/SuriyeArapHaberAjansI\">Telegram Kanal\u0131m\u0131z\u00a0<\/a><\/p>\n<p><a href=\"https:\/\/www.facebook.com\/SANAHaberAjansi\/\">Facebook Sayfam\u0131z<\/a><\/p>\n","protected":false},"excerpt":{"rendered":"<p>\u015eAM &#8211; Halk Meclisi Ba\u015fkan\u0131 Hamuda Sebba\u011f, \u0130svi\u00e7re Konfederasyonu&#8217;nda Eyaletler Konseyi Ba\u015fkan\u0131 Brigitte Haberli-K\u00f6hler ve Ulusal Meclis Ba\u015fkan\u0131 Martin Candenas&#8217;tan dayan\u0131\u015fma ve taziye mesaj\u0131 ald\u0131. Mesajda, Parlamento ve \u0130svi\u00e7re halk\u0131n\u0131n Suriye halk\u0131yla dayan\u0131\u015fma i\u00e7inde oldu\u011fu ifade edilirken, Suriye&#8217;nin bu \u015fubat\u0131n alt\u0131nda \u00a0baz\u0131 vilayetlerini vuran y\u0131k\u0131c\u0131 depremin yol a\u00e7t\u0131\u011f\u0131 faciada hayat\u0131n\u0131 kaybedenlerin ailelerine ba\u015fsa\u011fl\u0131\u011f\u0131 ve ba\u015fsa\u011fl\u0131\u011f\u0131 &hellip;<\/p>\n","protected":false},"author":41,"featured_media":275688,"comment_status":"closed","ping_status":"closed","sticky":false,"template":"","format":"standard","meta":{"footnotes":""},"categories":[479,17988,478],"tags":[],"class_list":["post-275687","post","type-post","status-publish","format-standard","has-post-thumbnail","","category-haberler-yerel","category-son-haberler","category-yerel"],"_links":{"self":[{"href":"https:\/\/archive.sana.sy\/tr\/index.php?rest_route=\/wp\/v2\/posts\/275687","targetHints":{"allow":["GET"]}}],"collection":[{"href":"https:\/\/archive.sana.sy\/tr\/index.php?rest_route=\/wp\/v2\/posts"}],"about":[{"href":"https:\/\/archive.sana.sy\/tr\/index.php?rest_route=\/wp\/v2\/types\/post"}],"author":[{"embeddable":true,"href":"https:\/\/archive.sana.sy\/tr\/index.php?rest_route=\/wp\/v2\/users\/41"}],"replies":[{"embeddable":true,"href":"https:\/\/archive.sana.sy\/tr\/index.php?rest_route=%2Fwp%2Fv2%2Fcomments&post=275687"}],"version-history":[{"count":0,"href":"https:\/\/archive.sana.sy\/tr\/index.php?rest_route=\/wp\/v2\/posts\/275687\/revisions"}],"wp:featuredmedia":[{"embeddable":true,"href":"https:\/\/archive.sana.sy\/tr\/index.php?rest_route=\/wp\/v2\/media\/275688"}],"wp:attachment":[{"href":"https:\/\/archive.sana.sy\/tr\/index.php?rest_route=%2Fwp%2Fv2%2Fmedia&parent=275687"}],"wp:term":[{"taxonomy":"category","embeddable":true,"href":"https:\/\/archive.sana.sy\/tr\/index.php?rest_route=%2Fwp%2Fv2%2Fcategories&post=275687"},{"taxonomy":"post_tag","embeddable":true,"href":"https:\/\/archive.sana.sy\/tr\/index.php?rest_route=%2Fwp%2Fv2%2Ftags&post=275687"}],"curies":[{"name":"wp","href":"https:\/\/api.w.org\/{rel}","templated":true}]}}