{"id":275703,"date":"2023-02-27T17:55:13","date_gmt":"2023-02-27T14:55:13","guid":{"rendered":"https:\/\/sana.sy\/tr\/?p=275703"},"modified":"2023-02-28T08:49:17","modified_gmt":"2023-02-28T05:49:17","slug":"lazkiyedeki-depremin-yol-actigi-hasar-ve-kurbanlari","status":"publish","type":"post","link":"https:\/\/archive.sana.sy\/tr\/?p=275703","title":{"rendered":"Lazkiye&#8217;deki Depremin Yol A\u00e7t\u0131\u011f\u0131 Hasar\u00a0 Ve Kurbanlar\u0131"},"content":{"rendered":"<p><strong>LAZK\u0130YE<\/strong> &#8211; Lazkiye Valisi Amir Hilal, bu ay\u0131n 6&#8217;s\u0131nda Suriye&#8217;yi vuran ve eyaleti etkileyen depremde 805 ki\u015finin <img loading=\"lazy\" decoding=\"async\" class=\"size-full wp-image-275705 alignright\" src=\"http:\/\/sana.sy\/tr\/wp-content\/uploads\/2023\/02\/DSC_8091-copy-300x200-1.jpg\" alt=\"\" width=\"300\" height=\"200\" srcset=\"https:\/\/archive.sana.sy\/tr\/wp-content\/uploads\/2023\/02\/DSC_8091-copy-300x200-1.jpg 300w, https:\/\/archive.sana.sy\/tr\/wp-content\/uploads\/2023\/02\/DSC_8091-copy-300x200-1-150x100.jpg 150w\" sizes=\"auto, (max-width: 300px) 100vw, 300px\" \/>hayat\u0131n\u0131 kaybetti\u011fini ve 61&#8217;i halen hastanelerde tedavi g\u00f6ren 1.131 ki\u015finin de yaraland\u0131\u011f\u0131n\u0131 duyurdu.<\/p>\n<p>Hilal, SANA muhabirine yapt\u0131\u011f\u0131 a\u00e7\u0131klamada, deprem sonucu y\u0131k\u0131lan binalar\u0131n say\u0131s\u0131n\u0131n 105&#8217;e ula\u015ft\u0131\u011f\u0131na dikkat \u00e7ekerek, M\u00fchendisler Sendikas\u0131, M\u00fchendislik Et\u00fctleri Genel \u015eirketi \u015fubesi, Teknik Hizmetler M\u00fcd\u00fcrl\u00fc\u011f\u00fc ve \u0130dari Birimler taraf\u0131ndan olu\u015fturulan 91 m\u00fchendislik inceleme komitesi bulundu\u011funu belirtti.<\/p>\n<p>Hilal ayr\u0131ca, valili\u011fin resmi olarak 2 bin 267&#8217;den fazla ailenin ikamet etti\u011fi 29 s\u0131\u011f\u0131nma evini akrabalar\u0131n\u0131n yan\u0131nda ya\u015famay\u0131 tercih eden veya k\u0131rsala ta\u015f\u0131nan ailelerin bulundu\u011funa i\u015faret etti ve gerekli deste\u011fin sa\u011flanmas\u0131 i\u00e7in t\u00fcm sivil ve toplum kurulu\u015flar\u0131yla \u00e7al\u0131\u015fmalar\u0131n s\u00fcrd\u00fc\u011f\u00fcne dikkat \u00e7ekti.<\/p>\n<p>&nbsp;<\/p>\n<p>R.M.<\/p>\n<p><a href=\"https:\/\/t.me\/SuriyeArapHaberAjansI\">Telegram Kanal\u0131m\u0131z\u00a0<\/a><\/p>\n<p><a href=\"https:\/\/www.facebook.com\/SANAHaberAjansi\/\">Facebook Sayfam\u0131z<\/a><\/p>\n","protected":false},"excerpt":{"rendered":"<p>LAZK\u0130YE &#8211; Lazkiye Valisi Amir Hilal, bu ay\u0131n 6&#8217;s\u0131nda Suriye&#8217;yi vuran ve eyaleti etkileyen depremde 805 ki\u015finin hayat\u0131n\u0131 kaybetti\u011fini ve 61&#8217;i halen hastanelerde tedavi g\u00f6ren 1.131 ki\u015finin de yaraland\u0131\u011f\u0131n\u0131 duyurdu. Hilal, SANA muhabirine yapt\u0131\u011f\u0131 a\u00e7\u0131klamada, deprem sonucu y\u0131k\u0131lan binalar\u0131n say\u0131s\u0131n\u0131n 105&#8217;e ula\u015ft\u0131\u011f\u0131na dikkat \u00e7ekerek, M\u00fchendisler Sendikas\u0131, M\u00fchendislik Et\u00fctleri Genel \u015eirketi \u015fubesi, Teknik Hizmetler M\u00fcd\u00fcrl\u00fc\u011f\u00fc ve &hellip;<\/p>\n","protected":false},"author":41,"featured_media":275707,"comment_status":"closed","ping_status":"closed","sticky":false,"template":"","format":"standard","meta":{"footnotes":""},"categories":[479,17988,478],"tags":[],"class_list":["post-275703","post","type-post","status-publish","format-standard","has-post-thumbnail","","category-haberler-yerel","category-son-haberler","category-yerel"],"_links":{"self":[{"href":"https:\/\/archive.sana.sy\/tr\/index.php?rest_route=\/wp\/v2\/posts\/275703","targetHints":{"allow":["GET"]}}],"collection":[{"href":"https:\/\/archive.sana.sy\/tr\/index.php?rest_route=\/wp\/v2\/posts"}],"about":[{"href":"https:\/\/archive.sana.sy\/tr\/index.php?rest_route=\/wp\/v2\/types\/post"}],"author":[{"embeddable":true,"href":"https:\/\/archive.sana.sy\/tr\/index.php?rest_route=\/wp\/v2\/users\/41"}],"replies":[{"embeddable":true,"href":"https:\/\/archive.sana.sy\/tr\/index.php?rest_route=%2Fwp%2Fv2%2Fcomments&post=275703"}],"version-history":[{"count":0,"href":"https:\/\/archive.sana.sy\/tr\/index.php?rest_route=\/wp\/v2\/posts\/275703\/revisions"}],"wp:featuredmedia":[{"embeddable":true,"href":"https:\/\/archive.sana.sy\/tr\/index.php?rest_route=\/wp\/v2\/media\/275707"}],"wp:attachment":[{"href":"https:\/\/archive.sana.sy\/tr\/index.php?rest_route=%2Fwp%2Fv2%2Fmedia&parent=275703"}],"wp:term":[{"taxonomy":"category","embeddable":true,"href":"https:\/\/archive.sana.sy\/tr\/index.php?rest_route=%2Fwp%2Fv2%2Fcategories&post=275703"},{"taxonomy":"post_tag","embeddable":true,"href":"https:\/\/archive.sana.sy\/tr\/index.php?rest_route=%2Fwp%2Fv2%2Ftags&post=275703"}],"curies":[{"name":"wp","href":"https:\/\/api.w.org\/{rel}","templated":true}]}}