{"id":275745,"date":"2023-02-28T12:27:37","date_gmt":"2023-02-28T09:27:37","guid":{"rendered":"https:\/\/sana.sy\/tr\/?p=275745"},"modified":"2023-03-01T09:03:23","modified_gmt":"2023-03-01T06:03:23","slug":"rusyadan-depremden-etkilenenlere-yardim-tasiyan-gemisi-tartus-limanina-ulasti","status":"publish","type":"post","link":"https:\/\/archive.sana.sy\/tr\/?p=275745","title":{"rendered":"Rusya\u2019dan Depremden Etkilenenlere Yard\u0131m Ta\u015f\u0131yan Gemisi Tartus Liman\u0131na Ula\u015ft\u0131"},"content":{"rendered":"<p><strong>TARTUS<\/strong> \u2013 Bug\u00fcn, depremden etkilenenler i\u00e7in 52 ton g\u0131da ve yard\u0131m malzemesi ta\u015f\u0131yan 6 konteyner i\u00e7eren bir Rus yard\u0131m gemisi Tartus liman\u0131na ula\u015ft\u0131.<\/p>\n<div id='gallery-1' class='gallery galleryid-275745 gallery-columns-3 gallery-size-full'><figure class='gallery-item'>\n\t\t\t<div class='gallery-icon landscape'>\n\t\t\t\t<a href='https:\/\/archive.sana.sy\/tr\/wp-content\/uploads\/2023\/02\/photo_2023-02-28_11-23-43.jpg'><img loading=\"lazy\" decoding=\"async\" width=\"660\" height=\"352\" src=\"https:\/\/archive.sana.sy\/tr\/wp-content\/uploads\/2023\/02\/photo_2023-02-28_11-23-43.jpg\" class=\"attachment-full size-full\" alt=\"\" srcset=\"https:\/\/archive.sana.sy\/tr\/wp-content\/uploads\/2023\/02\/photo_2023-02-28_11-23-43.jpg 660w, https:\/\/archive.sana.sy\/tr\/wp-content\/uploads\/2023\/02\/photo_2023-02-28_11-23-43-300x160.jpg 300w, https:\/\/archive.sana.sy\/tr\/wp-content\/uploads\/2023\/02\/photo_2023-02-28_11-23-43-150x80.jpg 150w, https:\/\/archive.sana.sy\/tr\/wp-content\/uploads\/2023\/02\/photo_2023-02-28_11-23-43-310x165.jpg 310w\" sizes=\"auto, (max-width: 660px) 100vw, 660px\" \/><\/a>\n\t\t\t<\/div><\/figure><figure class='gallery-item'>\n\t\t\t<div class='gallery-icon landscape'>\n\t\t\t\t<a href='https:\/\/archive.sana.sy\/tr\/wp-content\/uploads\/2023\/02\/photo_2023-02-28_11-23-58.jpg'><img loading=\"lazy\" decoding=\"async\" width=\"660\" height=\"370\" src=\"https:\/\/archive.sana.sy\/tr\/wp-content\/uploads\/2023\/02\/photo_2023-02-28_11-23-58.jpg\" class=\"attachment-full size-full\" alt=\"\" srcset=\"https:\/\/archive.sana.sy\/tr\/wp-content\/uploads\/2023\/02\/photo_2023-02-28_11-23-58.jpg 660w, https:\/\/archive.sana.sy\/tr\/wp-content\/uploads\/2023\/02\/photo_2023-02-28_11-23-58-300x168.jpg 300w, https:\/\/archive.sana.sy\/tr\/wp-content\/uploads\/2023\/02\/photo_2023-02-28_11-23-58-150x84.jpg 150w\" sizes=\"auto, (max-width: 660px) 100vw, 660px\" \/><\/a>\n\t\t\t<\/div><\/figure><figure class='gallery-item'>\n\t\t\t<div class='gallery-icon landscape'>\n\t\t\t\t<a href='https:\/\/archive.sana.sy\/tr\/wp-content\/uploads\/2023\/02\/photo_2023-02-28_11-24-05-1.jpg'><img loading=\"lazy\" decoding=\"async\" width=\"660\" height=\"370\" src=\"https:\/\/archive.sana.sy\/tr\/wp-content\/uploads\/2023\/02\/photo_2023-02-28_11-24-05-1.jpg\" class=\"attachment-full size-full\" alt=\"\" srcset=\"https:\/\/archive.sana.sy\/tr\/wp-content\/uploads\/2023\/02\/photo_2023-02-28_11-24-05-1.jpg 660w, https:\/\/archive.sana.sy\/tr\/wp-content\/uploads\/2023\/02\/photo_2023-02-28_11-24-05-1-300x168.jpg 300w, https:\/\/archive.sana.sy\/tr\/wp-content\/uploads\/2023\/02\/photo_2023-02-28_11-24-05-1-150x84.jpg 150w\" sizes=\"auto, (max-width: 660px) 100vw, 660px\" \/><\/a>\n\t\t\t<\/div><\/figure><figure class='gallery-item'>\n\t\t\t<div class='gallery-icon landscape'>\n\t\t\t\t<a href='https:\/\/archive.sana.sy\/tr\/wp-content\/uploads\/2023\/02\/photo_2023-02-28_11-31-34.jpg'><img loading=\"lazy\" decoding=\"async\" width=\"660\" height=\"371\" src=\"https:\/\/archive.sana.sy\/tr\/wp-content\/uploads\/2023\/02\/photo_2023-02-28_11-31-34.jpg\" class=\"attachment-full size-full\" alt=\"\" srcset=\"https:\/\/archive.sana.sy\/tr\/wp-content\/uploads\/2023\/02\/photo_2023-02-28_11-31-34.jpg 660w, https:\/\/archive.sana.sy\/tr\/wp-content\/uploads\/2023\/02\/photo_2023-02-28_11-31-34-300x169.jpg 300w, https:\/\/archive.sana.sy\/tr\/wp-content\/uploads\/2023\/02\/photo_2023-02-28_11-31-34-150x84.jpg 150w\" sizes=\"auto, (max-width: 660px) 100vw, 660px\" \/><\/a>\n\t\t\t<\/div><\/figure><figure class='gallery-item'>\n\t\t\t<div class='gallery-icon landscape'>\n\t\t\t\t<a href='https:\/\/archive.sana.sy\/tr\/wp-content\/uploads\/2023\/02\/photo_2023-02-28_11-31-39.jpg'><img loading=\"lazy\" decoding=\"async\" width=\"660\" height=\"373\" src=\"https:\/\/archive.sana.sy\/tr\/wp-content\/uploads\/2023\/02\/photo_2023-02-28_11-31-39.jpg\" class=\"attachment-full size-full\" alt=\"\" srcset=\"https:\/\/archive.sana.sy\/tr\/wp-content\/uploads\/2023\/02\/photo_2023-02-28_11-31-39.jpg 660w, https:\/\/archive.sana.sy\/tr\/wp-content\/uploads\/2023\/02\/photo_2023-02-28_11-31-39-300x170.jpg 300w, https:\/\/archive.sana.sy\/tr\/wp-content\/uploads\/2023\/02\/photo_2023-02-28_11-31-39-150x85.jpg 150w\" sizes=\"auto, (max-width: 660px) 100vw, 660px\" \/><\/a>\n\t\t\t<\/div><\/figure><figure class='gallery-item'>\n\t\t\t<div class='gallery-icon landscape'>\n\t\t\t\t<a href='https:\/\/archive.sana.sy\/tr\/wp-content\/uploads\/2023\/02\/photo_2023-02-28_11-36-15.jpg'><img loading=\"lazy\" decoding=\"async\" width=\"660\" height=\"423\" src=\"https:\/\/archive.sana.sy\/tr\/wp-content\/uploads\/2023\/02\/photo_2023-02-28_11-36-15.jpg\" class=\"attachment-full size-full\" alt=\"\" srcset=\"https:\/\/archive.sana.sy\/tr\/wp-content\/uploads\/2023\/02\/photo_2023-02-28_11-36-15.jpg 660w, https:\/\/archive.sana.sy\/tr\/wp-content\/uploads\/2023\/02\/photo_2023-02-28_11-36-15-300x192.jpg 300w, https:\/\/archive.sana.sy\/tr\/wp-content\/uploads\/2023\/02\/photo_2023-02-28_11-36-15-150x96.jpg 150w\" sizes=\"auto, (max-width: 660px) 100vw, 660px\" \/><\/a>\n\t\t\t<\/div><\/figure>\n\t\t<\/div>\n\n<p><a href=\"https:\/\/t.me\/SuriyeArapHaberAjansI\">Telegram Kanal\u0131m\u0131z\u00a0<\/a><\/p>\n<p><a href=\"https:\/\/www.facebook.com\/SANAHaberAjansi\/\">Facebook Sayfam\u0131z<\/a><\/p>\n","protected":false},"excerpt":{"rendered":"<p>TARTUS \u2013 Bug\u00fcn, depremden etkilenenler i\u00e7in 52 ton g\u0131da ve yard\u0131m malzemesi ta\u015f\u0131yan 6 konteyner i\u00e7eren bir Rus yard\u0131m gemisi Tartus liman\u0131na ula\u015ft\u0131. Telegram Kanal\u0131m\u0131z\u00a0 Facebook Sayfam\u0131z<\/p>\n","protected":false},"author":39,"featured_media":275746,"comment_status":"closed","ping_status":"closed","sticky":false,"template":"","format":"standard","meta":{"footnotes":""},"categories":[1],"tags":[],"class_list":["post-275745","post","type-post","status-publish","format-standard","has-post-thumbnail","","category-news-not-sorted"],"_links":{"self":[{"href":"https:\/\/archive.sana.sy\/tr\/index.php?rest_route=\/wp\/v2\/posts\/275745","targetHints":{"allow":["GET"]}}],"collection":[{"href":"https:\/\/archive.sana.sy\/tr\/index.php?rest_route=\/wp\/v2\/posts"}],"about":[{"href":"https:\/\/archive.sana.sy\/tr\/index.php?rest_route=\/wp\/v2\/types\/post"}],"author":[{"embeddable":true,"href":"https:\/\/archive.sana.sy\/tr\/index.php?rest_route=\/wp\/v2\/users\/39"}],"replies":[{"embeddable":true,"href":"https:\/\/archive.sana.sy\/tr\/index.php?rest_route=%2Fwp%2Fv2%2Fcomments&post=275745"}],"version-history":[{"count":0,"href":"https:\/\/archive.sana.sy\/tr\/index.php?rest_route=\/wp\/v2\/posts\/275745\/revisions"}],"wp:featuredmedia":[{"embeddable":true,"href":"https:\/\/archive.sana.sy\/tr\/index.php?rest_route=\/wp\/v2\/media\/275746"}],"wp:attachment":[{"href":"https:\/\/archive.sana.sy\/tr\/index.php?rest_route=%2Fwp%2Fv2%2Fmedia&parent=275745"}],"wp:term":[{"taxonomy":"category","embeddable":true,"href":"https:\/\/archive.sana.sy\/tr\/index.php?rest_route=%2Fwp%2Fv2%2Fcategories&post=275745"},{"taxonomy":"post_tag","embeddable":true,"href":"https:\/\/archive.sana.sy\/tr\/index.php?rest_route=%2Fwp%2Fv2%2Ftags&post=275745"}],"curies":[{"name":"wp","href":"https:\/\/api.w.org\/{rel}","templated":true}]}}