{"id":275754,"date":"2023-02-28T13:24:24","date_gmt":"2023-02-28T10:24:24","guid":{"rendered":"https:\/\/sana.sy\/tr\/?p=275754"},"modified":"2023-03-01T08:11:01","modified_gmt":"2023-03-01T05:11:01","slug":"deyrezzorda-teroristlerin-artiklarindan-yer-mayinin-patlamasi-sonucu-bir-kisi-sehit-dustu-1i-de-yaralandi","status":"publish","type":"post","link":"https:\/\/archive.sana.sy\/tr\/?p=275754","title":{"rendered":"Deyrezzor\u2019da Ter\u00f6ristlerin Art\u0131klar\u0131ndan Yer May\u0131n\u0131n Patlamas\u0131 Sonucu Bir Ki\u015fi \u015eehit D\u00fc\u015ft\u00fc, 1&#8217;i De Yaraland\u0131"},"content":{"rendered":"<p><strong>DEYREZZOR \u2013<\/strong>Deyrezzor&#8217;un g\u00fcney k\u0131rsal\u0131ndaki Herib\u015fa b\u00f6lgesinde \u201cI\u015e\u0130D\u201d ter\u00f6ristlerin art\u0131klar\u0131ndan yer may\u0131n\u0131n\u0131n patlamas\u0131 sonucu bir vatanda\u015f \u015fehit d\u00fc\u015ft\u00fc, o\u011flu yaraland\u0131.<\/p>\n<p>SANA muhabiri , Deyrezzor&#8217;un g\u00fcney k\u0131rsal\u0131ndaki Herib\u015fa b\u00f6lgesinde, \u201cI\u015e\u0130D\u201d ter\u00f6ristlerin art\u0131klar\u0131ndan yer may\u0131n\u0131n\u0131n \u00a0infilak etti\u011fini, bunun sonucunda 1 ki\u015finin \u015fehit d\u00fc\u015ft\u00fc\u011f\u00fcn\u00fc ve o\u011flunun da yaraland\u0131\u011f\u0131n\u0131 belirtti.<\/p>\n<p><a href=\"https:\/\/t.me\/SuriyeArapHaberAjansI\">Telegram Kanal\u0131m\u0131z\u00a0<\/a><\/p>\n<p><a href=\"https:\/\/www.facebook.com\/SANAHaberAjansi\/\">Facebook Sayfam\u0131z<\/a><\/p>\n","protected":false},"excerpt":{"rendered":"<p>DEYREZZOR \u2013Deyrezzor&#8217;un g\u00fcney k\u0131rsal\u0131ndaki Herib\u015fa b\u00f6lgesinde \u201cI\u015e\u0130D\u201d ter\u00f6ristlerin art\u0131klar\u0131ndan yer may\u0131n\u0131n\u0131n patlamas\u0131 sonucu bir vatanda\u015f \u015fehit d\u00fc\u015ft\u00fc, o\u011flu yaraland\u0131. SANA muhabiri , Deyrezzor&#8217;un g\u00fcney k\u0131rsal\u0131ndaki Herib\u015fa b\u00f6lgesinde, \u201cI\u015e\u0130D\u201d ter\u00f6ristlerin art\u0131klar\u0131ndan yer may\u0131n\u0131n\u0131n \u00a0infilak etti\u011fini, bunun sonucunda 1 ki\u015finin \u015fehit d\u00fc\u015ft\u00fc\u011f\u00fcn\u00fc ve o\u011flunun da yaraland\u0131\u011f\u0131n\u0131 belirtti. Telegram Kanal\u0131m\u0131z\u00a0 Facebook Sayfam\u0131z<\/p>\n","protected":false},"author":39,"featured_media":275756,"comment_status":"closed","ping_status":"closed","sticky":false,"template":"","format":"standard","meta":{"footnotes":""},"categories":[479,575,17988,478],"tags":[],"class_list":["post-275754","post","type-post","status-publish","format-standard","has-post-thumbnail","","category-haberler-yerel","category-olaylar-ve-gercekler","category-son-haberler","category-yerel"],"_links":{"self":[{"href":"https:\/\/archive.sana.sy\/tr\/index.php?rest_route=\/wp\/v2\/posts\/275754","targetHints":{"allow":["GET"]}}],"collection":[{"href":"https:\/\/archive.sana.sy\/tr\/index.php?rest_route=\/wp\/v2\/posts"}],"about":[{"href":"https:\/\/archive.sana.sy\/tr\/index.php?rest_route=\/wp\/v2\/types\/post"}],"author":[{"embeddable":true,"href":"https:\/\/archive.sana.sy\/tr\/index.php?rest_route=\/wp\/v2\/users\/39"}],"replies":[{"embeddable":true,"href":"https:\/\/archive.sana.sy\/tr\/index.php?rest_route=%2Fwp%2Fv2%2Fcomments&post=275754"}],"version-history":[{"count":0,"href":"https:\/\/archive.sana.sy\/tr\/index.php?rest_route=\/wp\/v2\/posts\/275754\/revisions"}],"wp:featuredmedia":[{"embeddable":true,"href":"https:\/\/archive.sana.sy\/tr\/index.php?rest_route=\/wp\/v2\/media\/275756"}],"wp:attachment":[{"href":"https:\/\/archive.sana.sy\/tr\/index.php?rest_route=%2Fwp%2Fv2%2Fmedia&parent=275754"}],"wp:term":[{"taxonomy":"category","embeddable":true,"href":"https:\/\/archive.sana.sy\/tr\/index.php?rest_route=%2Fwp%2Fv2%2Fcategories&post=275754"},{"taxonomy":"post_tag","embeddable":true,"href":"https:\/\/archive.sana.sy\/tr\/index.php?rest_route=%2Fwp%2Fv2%2Ftags&post=275754"}],"curies":[{"name":"wp","href":"https:\/\/api.w.org\/{rel}","templated":true}]}}