{"id":275757,"date":"2023-02-28T13:52:52","date_gmt":"2023-02-28T10:52:52","guid":{"rendered":"https:\/\/sana.sy\/tr\/?p=275757"},"modified":"2023-03-02T09:13:14","modified_gmt":"2023-03-02T06:13:14","slug":"mikdad-suriye-taninmis-ulkelerin-suriye-halkina-karsi-teror-silahlarini-kullandigi-haksiz-bir-savasla-karsi-karsiya-kaldi","status":"publish","type":"post","link":"https:\/\/archive.sana.sy\/tr\/?p=275757","title":{"rendered":"Mikdad: Suriye, Tan\u0131nm\u0131\u015f \u00dclkelerin Suriye Halk\u0131na Kar\u015f\u0131 Ter\u00f6r Silahlar\u0131n\u0131 Kulland\u0131\u011f\u0131 Haks\u0131z Bir Sava\u015fla Kar\u015f\u0131 Kar\u015f\u0131ya Kald\u0131"},"content":{"rendered":"<p><strong>\u015eAM<\/strong> &#8211; D\u0131\u015fi\u015fleri ve Gurbet\u00e7iler Bakan\u0131 Dr. Faysal Mikdad, Birle\u015fmi\u015f Milletler Misak\u0131&#8217;nda \u00f6ng\u00f6r\u00fcld\u00fc\u011f\u00fc gibi, gelecek nesilleri sava\u015f belas\u0131ndan koruman\u0131n, G\u00fcvenlik Konseyi&#8217;nin Bat\u0131l\u0131 daimi \u00fcyelerinin y\u00fck\u00fcml\u00fcl\u00fcklerinden ka\u00e7mas\u0131, g\u00fc\u00e7lerini ve hegemonyalar\u0131n\u0131 empoze etme ve \u00e7at\u0131\u015fmalar\u0131 k\u00f6r\u00fcklemeye \u00e7al\u0131\u015fmalar\u0131yla ka\u00e7makla kar\u015f\u0131 kar\u015f\u0131ya kald\u0131klar\u0131n\u0131 belirtti.<\/p>\n<p>Mikdad, Cenevre&#8217;deki Silahs\u0131zlanma Konferans\u0131&#8217;nda yapt\u0131\u011f\u0131 video konu\u015fmas\u0131nda, Suriye&#8217;nin haks\u0131z bir sava\u015fla kar\u015f\u0131 kar\u015f\u0131ya oldu\u011funu, bu s\u0131rada tan\u0131nm\u0131\u015f \u00fclkelerin kendi ajandalar\u0131na hizmet etmesi i\u00e7in uluslararas\u0131 d\u00fczeyde yasaklanm\u0131\u015f olanlar da dahil olmak \u00fczere destek ve silah t\u00fcrleriyle Suriye halk\u0131na kar\u015f\u0131 ter\u00f6r silahlar\u0131n\u0131 kulland\u0131\u011f\u0131n\u0131, onbinlerce yabanc\u0131 ter\u00f6risti bula\u015ft\u0131rd\u0131\u011f\u0131n\u0131 ve onlara \u00e7e\u015fitli olanaklar sa\u011flad\u0131\u011f\u0131n\u0131 s\u00f6yledi.<\/p>\n<p>Mikdad, bu \u00fclkelerin politikalar\u0131n\u0131n &#8220;I\u015e\u0130D&#8221; ve &#8220;Nusra Cephesi&#8221; gibi ter\u00f6r \u00f6rg\u00fctlerinin kimyasal silahlar edinmesine ve bunlar\u0131 Suriyelilere kar\u015f\u0131 defalarca kullanmas\u0131na yol a\u00e7t\u0131\u011f\u0131n\u0131, ter\u00f6r eylemlerine kar\u015f\u0131 koymaya y\u00f6nelik uluslararas\u0131 \u00e7abalar\u0131 koordine edecek bir mekanizma bulmak i\u00e7in siyasalla\u015ft\u0131rmadan ve yanl\u0131\u015f bilgilendirmeden uzakla\u015fma eylemini gerektirdi\u011fini s\u00f6yledi.<\/p>\n<p>Mikdad, Suriye&#8217;nin Rusya&#8217;n\u0131n kimyasal ve biyolojik ter\u00f6rle m\u00fccadele i\u00e7in Silahs\u0131zlanma Konferans\u0131&#8217;na sundu\u011fu giri\u015fime ve bu ama\u00e7la Rus metnine dayal\u0131 olarak bir anla\u015fma tasla\u011f\u0131 \u00fczerinde konferansta m\u00fczakerelere ba\u015flamas\u0131na deste\u011fini tazeledi\u011fini yineledi.<\/p>\n<p>Mikdad, Suriye&#8217;nin Kimyasal Silahlar\u0131n Yasaklanmas\u0131 \u00d6rg\u00fct\u00fc ile ya\u015fad\u0131\u011f\u0131 deneyimin, bu \u00f6rg\u00fct\u00fcn y\u00f6netiminden sorumlu olanlar\u0131n kutupla\u015fma ve siyasi ba\u011f\u0131ml\u0131l\u0131k tuza\u011f\u0131na d\u00fc\u015ft\u00fc\u011f\u00fcn\u00fc, politikalara ve bat\u0131l\u0131 \u00fclkelerin Suriye&#8217;ye d\u00fc\u015fmanl\u0131k taslayan diktelere boyun e\u011fdiklerine dair rapor \u00fcst\u00fcne rapor veya uydurma \u00fcst\u00fcne uydurmay\u0131 do\u011frulad\u0131\u011f\u0131na dikkat \u00e7ekti.<\/p>\n<p>Mikdad, Suriye&#8217;nin yasaklama \u00f6rg\u00fct\u00fcne taraf devletleri bir sonraki g\u00f6zden ge\u00e7irme konferans\u0131nda \u00f6rg\u00fct\u00fcn hareket tarz\u0131n\u0131 sorumlu ve do\u011fru bir \u015fekilde g\u00f6zden ge\u00e7irmeye ve anla\u015fma h\u00fck\u00fcmlerinin bariz hatalar\u0131n\u0131 ve ihlallerini d\u00fczeltmeye \u00e7a\u011f\u0131rd\u0131\u011f\u0131n\u0131 s\u00f6yledi.<\/p>\n<p>Bakan Mikdad, \u0130srail i\u015fgal varl\u0131\u011f\u0131n\u0131n b\u00f6lgesel ve uluslararas\u0131 bar\u0131\u015f ve g\u00fcvenli\u011fe y\u00f6nelik kal\u0131c\u0131 ve ciddi bir tehdit kayna\u011f\u0131 olu\u015fturdu\u011funu belirtti.<\/p>\n<p>Mikdad, Suriye&#8217;nin i\u015fgalci varl\u0131k ve destek\u00e7ilerinin Ortado\u011fu&#8217;da kitle imha silahlar\u0131ndan ar\u0131nd\u0131r\u0131lm\u0131\u015f bir b\u00f6lgenin kurulmas\u0131n\u0131 engelledi\u011fini teyit etti\u011fini s\u00f6zlerine ekleyerek; bunun, BM&#8217;in onu N\u00fckleer Silahlar\u0131n Yay\u0131lmas\u0131n\u0131 \u00d6nleme Anla\u015fmas\u0131&#8217;na kat\u0131lmaya zorlamas\u0131n\u0131 ve t\u00fcm n\u00fckleer tesislerini Uluslararas\u0131 Atom Enerjisi Ajans\u0131&#8217;n\u0131n kapsaml\u0131 g\u00fcvenlik \u00f6nlemleri sistemine dahil edilmesini gerektidi\u011fini vurgulad\u0131.<\/p>\n<p>Mikdad, \u0130ran n\u00fckleer anla\u015fmas\u0131yla ilgili m\u00fczakerelerin sonucunun Bat\u0131 versiyonunun, olanlar\u0131n ABD&#8217;nin anla\u015fmadan \u00e7ekilmesinin ve Avrupa \u00fclkeleri ile Avrupa Birli\u011fi&#8217;nin kapsam\u0131ndaki y\u00fck\u00fcml\u00fcl\u00fcklerini yerine getirmedeki ba\u015far\u0131s\u0131zl\u0131\u011f\u0131n\u0131n sonucu oldu\u011fu ger\u00e7e\u011fini g\u00f6rmezden geldi\u011fine dikkat \u00e7ekti.<\/p>\n<p>Mikdad, uluslararas\u0131 g\u00fcvenlik ortam\u0131nda k\u00f6t\u00fcle\u015fen durumun \u00fcstesinden gelmenin tek yolunun, \u00fcye devletlerin s\u00f6z ve fiilen uluslararas\u0131 hukuka ve BM Misak\u0131na ba\u011fl\u0131l\u0131\u011f\u0131 ve silah kontrol\u00fc alan\u0131ndaki y\u00fck\u00fcml\u00fcl\u00fcklerini yerine getirmesi, \u00e7ifte standartl\u0131klardan ve dar siyasi g\u00fcndemlerden uzak, n\u00fckleer silahs\u0131zlanma ve n\u00fckleer silahlar\u0131n yay\u0131lmas\u0131n\u0131n \u00f6nlenmesine ba\u011fl\u0131 oldu\u011funu vurgulad\u0131.<\/p>\n<p><a href=\"https:\/\/t.me\/SuriyeArapHaberAjansI\">Telegram Kanal\u0131m\u0131z\u00a0<\/a><\/p>\n<p><a href=\"https:\/\/www.facebook.com\/SANAHaberAjansi\/\">Facebook Sayfam\u0131z<\/a><\/p>\n","protected":false},"excerpt":{"rendered":"<p>\u015eAM &#8211; D\u0131\u015fi\u015fleri ve Gurbet\u00e7iler Bakan\u0131 Dr. Faysal Mikdad, Birle\u015fmi\u015f Milletler Misak\u0131&#8217;nda \u00f6ng\u00f6r\u00fcld\u00fc\u011f\u00fc gibi, gelecek nesilleri sava\u015f belas\u0131ndan koruman\u0131n, G\u00fcvenlik Konseyi&#8217;nin Bat\u0131l\u0131 daimi \u00fcyelerinin y\u00fck\u00fcml\u00fcl\u00fcklerinden ka\u00e7mas\u0131, g\u00fc\u00e7lerini ve hegemonyalar\u0131n\u0131 empoze etme ve \u00e7at\u0131\u015fmalar\u0131 k\u00f6r\u00fcklemeye \u00e7al\u0131\u015fmalar\u0131yla ka\u00e7makla kar\u015f\u0131 kar\u015f\u0131ya kald\u0131klar\u0131n\u0131 belirtti. Mikdad, Cenevre&#8217;deki Silahs\u0131zlanma Konferans\u0131&#8217;nda yapt\u0131\u011f\u0131 video konu\u015fmas\u0131nda, Suriye&#8217;nin haks\u0131z bir sava\u015fla kar\u015f\u0131 kar\u015f\u0131ya oldu\u011funu, bu &hellip;<\/p>\n","protected":false},"author":1,"featured_media":275758,"comment_status":"closed","ping_status":"closed","sticky":false,"template":"","format":"standard","meta":{"footnotes":""},"categories":[479,17988,478],"tags":[],"class_list":["post-275757","post","type-post","status-publish","format-standard","has-post-thumbnail","","category-haberler-yerel","category-son-haberler","category-yerel"],"_links":{"self":[{"href":"https:\/\/archive.sana.sy\/tr\/index.php?rest_route=\/wp\/v2\/posts\/275757","targetHints":{"allow":["GET"]}}],"collection":[{"href":"https:\/\/archive.sana.sy\/tr\/index.php?rest_route=\/wp\/v2\/posts"}],"about":[{"href":"https:\/\/archive.sana.sy\/tr\/index.php?rest_route=\/wp\/v2\/types\/post"}],"author":[{"embeddable":true,"href":"https:\/\/archive.sana.sy\/tr\/index.php?rest_route=\/wp\/v2\/users\/1"}],"replies":[{"embeddable":true,"href":"https:\/\/archive.sana.sy\/tr\/index.php?rest_route=%2Fwp%2Fv2%2Fcomments&post=275757"}],"version-history":[{"count":0,"href":"https:\/\/archive.sana.sy\/tr\/index.php?rest_route=\/wp\/v2\/posts\/275757\/revisions"}],"wp:featuredmedia":[{"embeddable":true,"href":"https:\/\/archive.sana.sy\/tr\/index.php?rest_route=\/wp\/v2\/media\/275758"}],"wp:attachment":[{"href":"https:\/\/archive.sana.sy\/tr\/index.php?rest_route=%2Fwp%2Fv2%2Fmedia&parent=275757"}],"wp:term":[{"taxonomy":"category","embeddable":true,"href":"https:\/\/archive.sana.sy\/tr\/index.php?rest_route=%2Fwp%2Fv2%2Fcategories&post=275757"},{"taxonomy":"post_tag","embeddable":true,"href":"https:\/\/archive.sana.sy\/tr\/index.php?rest_route=%2Fwp%2Fv2%2Ftags&post=275757"}],"curies":[{"name":"wp","href":"https:\/\/api.w.org\/{rel}","templated":true}]}}