{"id":27629,"date":"2015-03-24T14:08:33","date_gmt":"2015-03-24T12:08:33","guid":{"rendered":"http:\/\/www.sana.sy\/tr\/?p=27629"},"modified":"2015-03-26T11:06:42","modified_gmt":"2015-03-26T09:06:42","slug":"cumhurbaskani-bessar-el-esad-irak-disisleri-bakani-ibrahim-el-caferi-ve-ona-eslik-eden-heyeti-kabul-ediyor","status":"publish","type":"post","link":"https:\/\/archive.sana.sy\/tr\/?p=27629","title":{"rendered":"Cumhurba\u015fkan\u0131 Be\u015f\u015far el Esad Irak D\u0131\u015fi\u015fleri Bakan\u0131 \u0130brahim el Caferi ve Ona E\u015flik Eden Heyeti Kabul Ediyor."},"content":{"rendered":"<p>&nbsp;<\/p>\n<div id='gallery-1' class='gallery galleryid-27629 gallery-columns-3 gallery-size-thumbnail'><figure class='gallery-item'>\n\t\t\t<div class='gallery-icon landscape'>\n\t\t\t\t<a href='https:\/\/archive.sana.sy\/tr\/wp-content\/uploads\/2015\/03\/el-Esad-14.jpg'><img loading=\"lazy\" decoding=\"async\" width=\"150\" height=\"52\" src=\"https:\/\/archive.sana.sy\/tr\/wp-content\/uploads\/2015\/03\/el-Esad-14-150x52.jpg\" class=\"attachment-thumbnail size-thumbnail\" alt=\"\" srcset=\"https:\/\/archive.sana.sy\/tr\/wp-content\/uploads\/2015\/03\/el-Esad-14-150x52.jpg 150w, https:\/\/archive.sana.sy\/tr\/wp-content\/uploads\/2015\/03\/el-Esad-14-300x104.jpg 300w, https:\/\/archive.sana.sy\/tr\/wp-content\/uploads\/2015\/03\/el-Esad-14.jpg 620w\" sizes=\"auto, (max-width: 150px) 100vw, 150px\" \/><\/a>\n\t\t\t<\/div><\/figure><figure class='gallery-item'>\n\t\t\t<div class='gallery-icon landscape'>\n\t\t\t\t<a href='https:\/\/archive.sana.sy\/tr\/wp-content\/uploads\/2015\/03\/el-Esad-24.jpg'><img loading=\"lazy\" decoding=\"async\" width=\"150\" height=\"60\" src=\"https:\/\/archive.sana.sy\/tr\/wp-content\/uploads\/2015\/03\/el-Esad-24-150x60.jpg\" class=\"attachment-thumbnail size-thumbnail\" alt=\"\" srcset=\"https:\/\/archive.sana.sy\/tr\/wp-content\/uploads\/2015\/03\/el-Esad-24-150x60.jpg 150w, https:\/\/archive.sana.sy\/tr\/wp-content\/uploads\/2015\/03\/el-Esad-24-300x120.jpg 300w, https:\/\/archive.sana.sy\/tr\/wp-content\/uploads\/2015\/03\/el-Esad-24.jpg 620w\" sizes=\"auto, (max-width: 150px) 100vw, 150px\" \/><\/a>\n\t\t\t<\/div><\/figure><figure class='gallery-item'>\n\t\t\t<div class='gallery-icon landscape'>\n\t\t\t\t<a href='https:\/\/archive.sana.sy\/tr\/wp-content\/uploads\/2015\/03\/el-Esad-34.jpg'><img loading=\"lazy\" decoding=\"async\" width=\"150\" height=\"85\" src=\"https:\/\/archive.sana.sy\/tr\/wp-content\/uploads\/2015\/03\/el-Esad-34-150x85.jpg\" class=\"attachment-thumbnail size-thumbnail\" alt=\"\" srcset=\"https:\/\/archive.sana.sy\/tr\/wp-content\/uploads\/2015\/03\/el-Esad-34-150x85.jpg 150w, https:\/\/archive.sana.sy\/tr\/wp-content\/uploads\/2015\/03\/el-Esad-34-300x171.jpg 300w, https:\/\/archive.sana.sy\/tr\/wp-content\/uploads\/2015\/03\/el-Esad-34.jpg 620w\" sizes=\"auto, (max-width: 150px) 100vw, 150px\" \/><\/a>\n\t\t\t<\/div><\/figure>\n\t\t<\/div>\n\n<p>R.H.<\/p>\n","protected":false},"excerpt":{"rendered":"<p>&nbsp; R.H.<\/p>\n","protected":false},"author":1,"featured_media":27633,"comment_status":"closed","ping_status":"closed","sticky":false,"template":"","format":"standard","meta":{"footnotes":""},"categories":[6459],"tags":[12936],"class_list":["post-27629","post","type-post","status-publish","format-standard","has-post-thumbnail","","category-sana-fotolarl","tag-cumhurbaskani-bessar-el-esad-irak-disisleri-bakani-ibrahim-el-caferi-ve-ona-eslik-eden-heyeti-kabul-ediyor"],"_links":{"self":[{"href":"https:\/\/archive.sana.sy\/tr\/index.php?rest_route=\/wp\/v2\/posts\/27629","targetHints":{"allow":["GET"]}}],"collection":[{"href":"https:\/\/archive.sana.sy\/tr\/index.php?rest_route=\/wp\/v2\/posts"}],"about":[{"href":"https:\/\/archive.sana.sy\/tr\/index.php?rest_route=\/wp\/v2\/types\/post"}],"author":[{"embeddable":true,"href":"https:\/\/archive.sana.sy\/tr\/index.php?rest_route=\/wp\/v2\/users\/1"}],"replies":[{"embeddable":true,"href":"https:\/\/archive.sana.sy\/tr\/index.php?rest_route=%2Fwp%2Fv2%2Fcomments&post=27629"}],"version-history":[{"count":0,"href":"https:\/\/archive.sana.sy\/tr\/index.php?rest_route=\/wp\/v2\/posts\/27629\/revisions"}],"wp:featuredmedia":[{"embeddable":true,"href":"https:\/\/archive.sana.sy\/tr\/index.php?rest_route=\/wp\/v2\/media\/27633"}],"wp:attachment":[{"href":"https:\/\/archive.sana.sy\/tr\/index.php?rest_route=%2Fwp%2Fv2%2Fmedia&parent=27629"}],"wp:term":[{"taxonomy":"category","embeddable":true,"href":"https:\/\/archive.sana.sy\/tr\/index.php?rest_route=%2Fwp%2Fv2%2Fcategories&post=27629"},{"taxonomy":"post_tag","embeddable":true,"href":"https:\/\/archive.sana.sy\/tr\/index.php?rest_route=%2Fwp%2Fv2%2Ftags&post=27629"}],"curies":[{"name":"wp","href":"https:\/\/api.w.org\/{rel}","templated":true}]}}