{"id":276337,"date":"2023-03-09T18:27:42","date_gmt":"2023-03-09T15:27:42","guid":{"rendered":"http:\/\/107.6.182.27\/tr\/?p=276337"},"modified":"2023-03-11T09:29:29","modified_gmt":"2023-03-11T06:29:29","slug":"cumhurbaskani-esaddan-grandiye-depremin-ve-savasin-suriye-uzerindeki-etkilerine-tek-bir-kapsamli-vizyonla-bakmak-onemlidir","status":"publish","type":"post","link":"https:\/\/archive.sana.sy\/tr\/?p=276337","title":{"rendered":"Cumhurba\u015fkan\u0131 Esad&#8217;dan Grandi&#8217;ye: Depremin Ve Sava\u015f\u0131n Suriye \u00dczerindeki Etkilerine Tek Bir Kapsaml\u0131 Vizyonla Bakmak \u00d6nemlidir"},"content":{"rendered":"<p style=\"text-align: justify;\"><strong>\u015eAM<\/strong> &#8211; Bug\u00fcn Say\u0131n Cumhurba\u015fkan\u0131 Be\u015f\u015far Esad, Birle\u015fmi\u015f Milletler M\u00fclteciler Y\u00fcksek Komiseri Filippo Grandi&#8217;yi kabul etti.<\/p>\n<p style=\"text-align: justify;\">Cumhurba\u015fkan\u0131 Esad, sava\u015f\u0131n yans\u0131malar\u0131n\u0131n, depremin yans\u0131malar\u0131yla ba\u015f etmeyi daha da zorla\u015ft\u0131rd\u0131\u011f\u0131 i\u00e7in depremin ve sava\u015f\u0131n Suriye \u00fczerindeki etkilerine tek bir kapsaml\u0131 vizyonla bakman\u0131n \u00f6nemli oldu\u011funu kaydetti.<\/p>\n<p style=\"text-align: justify;\">Cumhurba\u015fkan\u0131 Esad ayr\u0131ca, Suriye h\u00fck\u00fcmeti ile sivil kurulu\u015flar ve sahada \u00e7al\u0131\u015fan uluslararas\u0131 kurulu\u015flar aras\u0131ndaki i\u015fbirli\u011finin \u00f6nemini ve tkilenen b\u00f6lgelerdeki insanlar\u0131n hayatlar\u0131na ve i\u015flerine geri d\u00f6nmelerini sa\u011flamak i\u00e7in acil durum m\u00fcdahalesinden erken iyile\u015fme a\u015famas\u0131na ge\u00e7i\u015f \u00e7er\u00e7evesindeki \u00e7abalar\u0131 ve yetenekleri koordine etmeyi vurgulad\u0131.<\/p>\n<p style=\"text-align: justify;\">Cumhurba\u015fkan\u0131 Esad ve Grandi, Suriyeli m\u00fcltecilerin \u015fehirlerine ve b\u00f6lgelerine d\u00f6n\u00fc\u015f\u00fc i\u00e7in gerekli \u00f6nlemlerin s\u00fcrd\u00fcr\u00fclmesine de de\u011findi.<\/p>\n<p style=\"text-align: justify;\">Grandi, Komisyonun, deprem felaketi ve geride b\u0131rakt\u0131\u011f\u0131 b\u00fcy\u00fck insani ve maddi hasar kar\u015f\u0131s\u0131nda Suriye devletinin \u00fcstlendi\u011fi insani m\u00fcdahaleyi desteklemek i\u00e7in Suriye&#8217;deki \u00e7al\u0131\u015fmalar\u0131n\u0131 ve \u00e7abalar\u0131n\u0131 yo\u011funla\u015ft\u0131raca\u011f\u0131n\u0131 vurgulad\u0131.<\/p>\n<p style=\"text-align: justify;\">Grandi, Lazkiye ve Hama valiliklerine yapt\u0131\u011f\u0131 ziyarette, Suriye h\u00fck\u00fcmeti ve sivil toplum kurulu\u015flar\u0131n\u0131n depremden etkilenenlere yard\u0131m sa\u011flamak i\u00e7in b\u00fcy\u00fck \u00e7aba sarf etti\u011fini hissetti\u011fini de belirtti.<\/p>\n<p><a href=\"https:\/\/t.me\/SuriyeArapHaberAjansI\">Telgram Kanal\u0131m\u0131z\u00a0<\/a><\/p>\n<p><a href=\"https:\/\/www.facebook.com\/SANAHaberAjansi\/\">Facebook Sayfam\u0131z<\/a><\/p>\n","protected":false},"excerpt":{"rendered":"<p>\u015eAM &#8211; Bug\u00fcn Say\u0131n Cumhurba\u015fkan\u0131 Be\u015f\u015far Esad, Birle\u015fmi\u015f Milletler M\u00fclteciler Y\u00fcksek Komiseri Filippo Grandi&#8217;yi kabul etti. Cumhurba\u015fkan\u0131 Esad, sava\u015f\u0131n yans\u0131malar\u0131n\u0131n, depremin yans\u0131malar\u0131yla ba\u015f etmeyi daha da zorla\u015ft\u0131rd\u0131\u011f\u0131 i\u00e7in depremin ve sava\u015f\u0131n Suriye \u00fczerindeki etkilerine tek bir kapsaml\u0131 vizyonla bakman\u0131n \u00f6nemli oldu\u011funu kaydetti. Cumhurba\u015fkan\u0131 Esad ayr\u0131ca, Suriye h\u00fck\u00fcmeti ile sivil kurulu\u015flar ve sahada \u00e7al\u0131\u015fan uluslararas\u0131 kurulu\u015flar &hellip;<\/p>\n","protected":false},"author":1,"featured_media":276338,"comment_status":"closed","ping_status":"closed","sticky":false,"template":"","format":"standard","meta":{"footnotes":""},"categories":[606,479,605,17988,478],"tags":[],"class_list":["post-276337","post","type-post","status-publish","format-standard","has-post-thumbnail","","category-cumhurbaskani","category-haberler-yerel","category-sayin-cumhurbaskani","category-son-haberler","category-yerel"],"_links":{"self":[{"href":"https:\/\/archive.sana.sy\/tr\/index.php?rest_route=\/wp\/v2\/posts\/276337","targetHints":{"allow":["GET"]}}],"collection":[{"href":"https:\/\/archive.sana.sy\/tr\/index.php?rest_route=\/wp\/v2\/posts"}],"about":[{"href":"https:\/\/archive.sana.sy\/tr\/index.php?rest_route=\/wp\/v2\/types\/post"}],"author":[{"embeddable":true,"href":"https:\/\/archive.sana.sy\/tr\/index.php?rest_route=\/wp\/v2\/users\/1"}],"replies":[{"embeddable":true,"href":"https:\/\/archive.sana.sy\/tr\/index.php?rest_route=%2Fwp%2Fv2%2Fcomments&post=276337"}],"version-history":[{"count":0,"href":"https:\/\/archive.sana.sy\/tr\/index.php?rest_route=\/wp\/v2\/posts\/276337\/revisions"}],"wp:featuredmedia":[{"embeddable":true,"href":"https:\/\/archive.sana.sy\/tr\/index.php?rest_route=\/wp\/v2\/media\/276338"}],"wp:attachment":[{"href":"https:\/\/archive.sana.sy\/tr\/index.php?rest_route=%2Fwp%2Fv2%2Fmedia&parent=276337"}],"wp:term":[{"taxonomy":"category","embeddable":true,"href":"https:\/\/archive.sana.sy\/tr\/index.php?rest_route=%2Fwp%2Fv2%2Fcategories&post=276337"},{"taxonomy":"post_tag","embeddable":true,"href":"https:\/\/archive.sana.sy\/tr\/index.php?rest_route=%2Fwp%2Fv2%2Ftags&post=276337"}],"curies":[{"name":"wp","href":"https:\/\/api.w.org\/{rel}","templated":true}]}}