{"id":276406,"date":"2023-03-10T19:33:43","date_gmt":"2023-03-10T16:33:43","guid":{"rendered":"http:\/\/107.6.182.27\/tr\/?p=276406"},"modified":"2023-03-12T08:14:59","modified_gmt":"2023-03-12T05:14:59","slug":"samdaki-arap-genclik-heyetleri-kimsenin-sunmadigini-sunan-suriye-herkes-icin-fener-olmaya-devam-edecek","status":"publish","type":"post","link":"https:\/\/archive.sana.sy\/tr\/?p=276406","title":{"rendered":"\u015eam&#8217;daki Arap Gen\u00e7lik Heyetleri: Kimsenin Sunmad\u0131\u011f\u0131n\u0131 Sunan Suriye Herkes \u0130\u00e7in Fener Olmaya Devam Edecek"},"content":{"rendered":"<p style=\"text-align: justify;\">\u015eAM &#8211; Arap Dayan\u0131\u015fma Gen\u00e7lik Forumu&#8217;na kat\u0131lmak \u00fczere Suriye&#8217;ye gelen Arap delegasyonlar\u0131n\u0131n baz\u0131 \u00fcyeleri, bu sabah \u015eam&#8217;daki Me\u00e7hul Asker An\u0131t\u0131&#8217;na yapt\u0131klar\u0131 ziyaret s\u0131ras\u0131nda, Suriye&#8217;nin Arap\u00e7\u0131l\u0131\u011f\u0131n atan kalbi oldu\u011funu ve \u00f6yle kalaca\u011f\u0131n\u0131 ve herkes i\u00e7in bir fener olarak kalaca\u011f\u0131n\u0131 belirtti.<\/p>\n<p style=\"text-align: justify;\">Arap gen\u00e7lik heyeti ba\u015fkan\u0131 ve L\u00fcbnan Forumu&#8217;nun genel dan\u0131\u015fman\u0131 Abdullah Abdulhamid, \u00f6\u011frenci heyetlerinin bug\u00fcnk\u00fc ziyaretinin, Arap ulusunun bat\u0131s\u0131ndan do\u011fusuna bir\u00e7ok \u00fclkeyi temsil etmeleri nedeniyle b\u00fcy\u00fck \u00f6nem ta\u015f\u0131d\u0131\u011f\u0131n\u0131 belirterek, Suriye&#8217;ye uygulanan abluka ve sava\u015f\u0131n Arap ulusunun t\u00fcm meselelerine y\u00f6nelik tutumunun ve s\u00fcrekli deste\u011finin bir sonucu oldu\u011funa i\u015faret etti.<\/p>\n<p style=\"text-align: justify;\">Abdulhamid, Arap milletinin evlatlar\u0131n\u0131n bug\u00fcn Suriye&#8217;de bulu\u015fmas\u0131, Arap milletiyle dayan\u0131\u015fmam\u0131z\u0131 ifade ediyor ve Suriye halk\u0131na, ona kar\u015f\u0131 kurulan t\u00fcm komplolara kar\u015f\u0131 birlikte oldu\u011fumuzu s\u00f6yleyelim\u201d dedi.<\/p>\n<p style=\"text-align: justify;\">Cezayir heyetinin bir \u00fcyesi olan Ahmed Bou Davud ise, &#8220;Arap Suriye&#8217;sine, gururlu halk\u0131yla dayan\u0131\u015fma ve duru\u015fumuzu ilan etmek ve s\u00f6zde (Sezar Yasas\u0131) ve arkas\u0131ndakilere bir mesaj g\u00f6ndermek i\u00e7in geldik. Suriye&#8217;yi devirmek i\u00e7in bo\u015funa \u00e7abalayanlar, bug\u00fcn Suriye&#8217;nin g\u00fc\u00e7l\u00fc ve kararl\u0131 oldu\u011funu ve ac\u0131lara ra\u011fmen ya\u015famakta ve \u00e7al\u0131\u015fmakta \u0131srar etti\u011fini\u201d s\u00f6yledi.<\/p>\n<p style=\"text-align: justify;\">\u00dcrd\u00fcn heyetinin bir \u00fcyesi olan Ziyad \u015eavakfe ise, &#8220;Suriye, Araplara ba\u015fka hi\u00e7bir \u00fclkenin sunmad\u0131\u011f\u0131n\u0131 sundu&#8221; dedi ve Suriye&#8217;nin Filistin davalar\u0131n\u0131 destekleyen, Filistin ad\u0131na sava\u015fan ve hala sava\u015fan direni\u015f oldu\u011funu kaydetti.<\/p>\n<p style=\"text-align: justify;\">Yemen heyetinden Cemil El Haldi, t\u00fcm Arap halklar\u0131n\u0131 ve rejimlerini Suriye&#8217;ye uygulanan zorlay\u0131c\u0131 yapt\u0131r\u0131mlar\u0131n kald\u0131r\u0131lmas\u0131 ve 2011 \u00f6ncesi haline geri d\u00f6nmesi i\u00e7in desteklemeye ve yan\u0131nda olmaya \u00e7a\u011f\u0131rarak, dayan\u0131\u015fma g\u00f6stermek, yapt\u0131r\u0131mlar\u0131 ve ablukay\u0131 kald\u0131rmak i\u00e7in Suriye&#8217;ye geldik dedi.<\/p>\n<p style=\"text-align: justify;\">Filistin delegasyonu \u00fcyesi Abdulfettah Subhi Musa ise, &#8220;Filistin, Suriye&#8217;ye her zaman sad\u0131k olmu\u015ftur. O&#8217;nu terk etmek, \u00f6zg\u00fcnl\u00fc\u011f\u00fcm\u00fcz\u00fc ve Arapl\u0131\u011f\u0131m\u0131z\u0131 terk etmek anlam\u0131na gelir. Bug\u00fcn Filistin&#8217;de tek ses olmaya geldik&#8221; diyerek; Uluslararas\u0131 toplumun, Suriye&#8217;nin maruz kald\u0131\u011f\u0131 ku\u015fatma ve haks\u0131z yapt\u0131r\u0131mlara y\u00f6nelik suskunluk politikas\u0131ndan vazge\u00e7mesi ve \u0130srail i\u015fgalinin s\u00fcrekli i\u015fledi\u011fi su\u00e7lar\u0131n\u0131n ma\u011fduru olan Filistin halk\u0131na kar\u015f\u0131 mesleki, insani ve manevi sorumluluklar\u0131n\u0131 \u00fcstlenmesi gerekti\u011finin alt\u0131n\u0131 \u00e7izdi.<\/p>\n<p style=\"text-align: justify;\">Arap heyetler Suriyeli Ulusal \u00d6\u011frenciler Birli\u011fi ve Devrimci Gen\u00e7lik Birli\u011fi \u00d6rg\u00fct\u00fc&#8217;n\u00fcn ev sahipli\u011finde \u015eam \u00dcniversitesi R\u0131za Said Salonu&#8217;nda (Suriye&#8217;ye Y\u00f6nelik Abluka ve Haks\u0131z Yapt\u0131r\u0131mlara Birlikte Son Vermek \u0130\u00e7in) ba\u015fl\u0131\u011f\u0131yla d\u00fczenlenen Dayan\u0131\u015fma Arap Gen\u00e7lik Forumu&#8217;na kat\u0131l\u0131yor.<\/p>\n<p><a href=\"https:\/\/t.me\/SuriyeArapHaberAjansI\">Telgram Kanal\u0131m\u0131z\u00a0<\/a><\/p>\n<p><a href=\"https:\/\/www.facebook.com\/SANAHaberAjansi\/\">Facebook Sayfam\u0131z<\/a><\/p>\n","protected":false},"excerpt":{"rendered":"<p>\u015eAM &#8211; Arap Dayan\u0131\u015fma Gen\u00e7lik Forumu&#8217;na kat\u0131lmak \u00fczere Suriye&#8217;ye gelen Arap delegasyonlar\u0131n\u0131n baz\u0131 \u00fcyeleri, bu sabah \u015eam&#8217;daki Me\u00e7hul Asker An\u0131t\u0131&#8217;na yapt\u0131klar\u0131 ziyaret s\u0131ras\u0131nda, Suriye&#8217;nin Arap\u00e7\u0131l\u0131\u011f\u0131n atan kalbi oldu\u011funu ve \u00f6yle kalaca\u011f\u0131n\u0131 ve herkes i\u00e7in bir fener olarak kalaca\u011f\u0131n\u0131 belirtti. Arap gen\u00e7lik heyeti ba\u015fkan\u0131 ve L\u00fcbnan Forumu&#8217;nun genel dan\u0131\u015fman\u0131 Abdullah Abdulhamid, \u00f6\u011frenci heyetlerinin bug\u00fcnk\u00fc ziyaretinin, Arap &hellip;<\/p>\n","protected":false},"author":1,"featured_media":276407,"comment_status":"closed","ping_status":"closed","sticky":false,"template":"","format":"standard","meta":{"footnotes":""},"categories":[479,17988,478],"tags":[],"class_list":["post-276406","post","type-post","status-publish","format-standard","has-post-thumbnail","","category-haberler-yerel","category-son-haberler","category-yerel"],"_links":{"self":[{"href":"https:\/\/archive.sana.sy\/tr\/index.php?rest_route=\/wp\/v2\/posts\/276406","targetHints":{"allow":["GET"]}}],"collection":[{"href":"https:\/\/archive.sana.sy\/tr\/index.php?rest_route=\/wp\/v2\/posts"}],"about":[{"href":"https:\/\/archive.sana.sy\/tr\/index.php?rest_route=\/wp\/v2\/types\/post"}],"author":[{"embeddable":true,"href":"https:\/\/archive.sana.sy\/tr\/index.php?rest_route=\/wp\/v2\/users\/1"}],"replies":[{"embeddable":true,"href":"https:\/\/archive.sana.sy\/tr\/index.php?rest_route=%2Fwp%2Fv2%2Fcomments&post=276406"}],"version-history":[{"count":0,"href":"https:\/\/archive.sana.sy\/tr\/index.php?rest_route=\/wp\/v2\/posts\/276406\/revisions"}],"wp:featuredmedia":[{"embeddable":true,"href":"https:\/\/archive.sana.sy\/tr\/index.php?rest_route=\/wp\/v2\/media\/276407"}],"wp:attachment":[{"href":"https:\/\/archive.sana.sy\/tr\/index.php?rest_route=%2Fwp%2Fv2%2Fmedia&parent=276406"}],"wp:term":[{"taxonomy":"category","embeddable":true,"href":"https:\/\/archive.sana.sy\/tr\/index.php?rest_route=%2Fwp%2Fv2%2Fcategories&post=276406"},{"taxonomy":"post_tag","embeddable":true,"href":"https:\/\/archive.sana.sy\/tr\/index.php?rest_route=%2Fwp%2Fv2%2Ftags&post=276406"}],"curies":[{"name":"wp","href":"https:\/\/api.w.org\/{rel}","templated":true}]}}