{"id":276415,"date":"2023-03-10T21:02:56","date_gmt":"2023-03-10T18:02:56","guid":{"rendered":"http:\/\/107.6.182.27\/tr\/?p=276415"},"modified":"2023-03-12T08:18:47","modified_gmt":"2023-03-12T05:18:47","slug":"cumhurbaskani-esad-cin-devlet-baskani-xi-jinpingi-tebrik-etti","status":"publish","type":"post","link":"https:\/\/archive.sana.sy\/tr\/?p=276415","title":{"rendered":"Cumhurba\u015fkan\u0131 Esad \u00c7in Devlet Ba\u015fkan\u0131 Xi Jinping&#8217;i Tebrik Etti"},"content":{"rendered":"<p style=\"text-align: justify;\">\u015eAM &#8211; Cumhurba\u015fkan\u0131 Be\u015f\u015far Esad, \u00c7in Halk Cumhuriyeti Devlet Ba\u015fkan\u0131 olarak yeniden se\u00e7ilmesinden dolay\u0131 Devlet Ba\u015fkan\u0131 Xi Jinping&#8217;i tebrik etti.<\/p>\n<p style=\"text-align: justify;\">Cumhurba\u015fkan\u0131 Esad, tebrik mesaj\u0131nda, &#8220;\u00c7in Halk Cumhuriyeti Devlet Ba\u015fkan\u0131 olarak yeniden se\u00e7ilmeniz bana, \u015fahs\u0131m ve Suriye Arap halk\u0131 ad\u0131na size en derin tebrikleri sunmak ve dost \u00fclkeniz i\u00e7in refah ve y\u00fckseli\u015fin devam\u0131n\u0131 diliyoruz&#8221; dedi.<\/p>\n<p style=\"text-align: justify;\">Cumhurba\u015fkan\u0131 Esad: &#8220;\u00c7in halk\u0131n\u0131n t\u00fcm vekillerinin iktidarda kalaca\u011f\u0131n\u0131z, keza<\/p>\n<p style=\"text-align: justify;\">Merkezi Askeri Komisyon Ba\u015fkan\u0131 olarak se\u00e7ilmeniz, G\u00fc\u00e7 fakt\u00f6rlerine sahip olmas\u0131, onu do\u011fruluk, iyilik ve adalet ilkelerine inanc\u0131n\u0131z\u0131 payla\u015fan t\u00fcm insanlar\u0131n arzulad\u0131\u011f\u0131 bir a\u011f\u0131rl\u0131k merkezi haline getirdi\u011fi, kaos ve sava\u015flar\u0131 yaymak ve d\u00fcnyada bir dengesizlik durumunu s\u00fcrd\u00fcrmek i\u00e7in dar \u00e7\u0131karlara dayal\u0131 \u00fclkeler ve politikalar kar\u015f\u0131l\u0131\u011f\u0131nda, d\u00fcnyada bar\u0131\u015f ve istikrar\u0131 yaymay\u0131 ama\u00e7layan ve \u00e7al\u0131\u015fan bir g\u00fcvenlik fakt\u00f6r\u00fc olan \u00c7in&#8217;in ge\u00e7mi\u015fte tan\u0131k oldu\u011fu artan ve m\u00fcreffeh kalk\u0131nma yolunda net vizyonlar\u0131n\u0131z ve \u00f6zverili \u00e7al\u0131\u015fmalar\u0131n\u0131zla elde edebildi\u011finiz somut etkinin ve net ba\u015far\u0131n\u0131n bir g\u00f6stergesidir&#8221; dedi.<\/p>\n<p style=\"text-align: justify;\">Cumhurba\u015fkan\u0131 Esad: Suriye ile \u00c7in aras\u0131ndaki tarihi dostluk ili\u015fkileri, Suriye halk\u0131 i\u00e7in her zaman gurur kayna\u011f\u0131 olmu\u015ftur. Bir\u00e7ok alanda ikili ortak i\u015f birli\u011finin bu ili\u015fkilerin g\u00fc\u00e7lenmesinde b\u00fcy\u00fck etkisi ve iki dost halk\u0131n \u00e7\u0131karlar\u0131 do\u011frultusunda hedefe ula\u015f\u0131lmas\u0131na katk\u0131 sa\u011flayan pratik bir yans\u0131mas\u0131 olmu\u015ftur. Bizler, bu ili\u015fkileri ilerletmeye, geli\u015ftirmeye ve onlara yeni ufuklar a\u00e7maya devam etmek i\u00e7in her zaman sizinle birlikte \u00f6zenle \u00e7al\u0131\u015fmaya devam etmek istiyoruz, dedi.<\/p>\n<p style=\"text-align: justify;\">Cumhurba\u015fkan\u0131 Esad telgraf\u0131n\u0131 \u015fu s\u00f6zlerle sonland\u0131rd\u0131: Sizi tekrar tebrik ediyor, \u00c7in Halk Cumhuriyeti&#8217;nin sizin liderli\u011finizde her d\u00fczeyde ba\u015far\u0131larla dolu yeni bir d\u00f6neme tan\u0131k olaca\u011f\u0131na inanc\u0131m\u0131z tamd\u0131r, \u015fahsen size sa\u011fl\u0131k, hay\u0131r ve ne\u015fe dolu bir hayat diliyorum.<\/p>\n<p><a href=\"https:\/\/t.me\/SuriyeArapHaberAjansI\">Telgram Kanal\u0131m\u0131z\u00a0<\/a><\/p>\n<p><a href=\"https:\/\/www.facebook.com\/SANAHaberAjansi\/\">Facebook Sayfam\u0131z<\/a><\/p>\n","protected":false},"excerpt":{"rendered":"<p>\u015eAM &#8211; Cumhurba\u015fkan\u0131 Be\u015f\u015far Esad, \u00c7in Halk Cumhuriyeti Devlet Ba\u015fkan\u0131 olarak yeniden se\u00e7ilmesinden dolay\u0131 Devlet Ba\u015fkan\u0131 Xi Jinping&#8217;i tebrik etti. Cumhurba\u015fkan\u0131 Esad, tebrik mesaj\u0131nda, &#8220;\u00c7in Halk Cumhuriyeti Devlet Ba\u015fkan\u0131 olarak yeniden se\u00e7ilmeniz bana, \u015fahs\u0131m ve Suriye Arap halk\u0131 ad\u0131na size en derin tebrikleri sunmak ve dost \u00fclkeniz i\u00e7in refah ve y\u00fckseli\u015fin devam\u0131n\u0131 diliyoruz&#8221; dedi. Cumhurba\u015fkan\u0131 &hellip;<\/p>\n","protected":false},"author":1,"featured_media":276416,"comment_status":"closed","ping_status":"closed","sticky":false,"template":"","format":"standard","meta":{"footnotes":""},"categories":[479,605,17988,613,478],"tags":[],"class_list":["post-276415","post","type-post","status-publish","format-standard","has-post-thumbnail","","category-haberler-yerel","category-sayin-cumhurbaskani","category-son-haberler","category-telgraflar","category-yerel"],"_links":{"self":[{"href":"https:\/\/archive.sana.sy\/tr\/index.php?rest_route=\/wp\/v2\/posts\/276415","targetHints":{"allow":["GET"]}}],"collection":[{"href":"https:\/\/archive.sana.sy\/tr\/index.php?rest_route=\/wp\/v2\/posts"}],"about":[{"href":"https:\/\/archive.sana.sy\/tr\/index.php?rest_route=\/wp\/v2\/types\/post"}],"author":[{"embeddable":true,"href":"https:\/\/archive.sana.sy\/tr\/index.php?rest_route=\/wp\/v2\/users\/1"}],"replies":[{"embeddable":true,"href":"https:\/\/archive.sana.sy\/tr\/index.php?rest_route=%2Fwp%2Fv2%2Fcomments&post=276415"}],"version-history":[{"count":0,"href":"https:\/\/archive.sana.sy\/tr\/index.php?rest_route=\/wp\/v2\/posts\/276415\/revisions"}],"wp:featuredmedia":[{"embeddable":true,"href":"https:\/\/archive.sana.sy\/tr\/index.php?rest_route=\/wp\/v2\/media\/276416"}],"wp:attachment":[{"href":"https:\/\/archive.sana.sy\/tr\/index.php?rest_route=%2Fwp%2Fv2%2Fmedia&parent=276415"}],"wp:term":[{"taxonomy":"category","embeddable":true,"href":"https:\/\/archive.sana.sy\/tr\/index.php?rest_route=%2Fwp%2Fv2%2Fcategories&post=276415"},{"taxonomy":"post_tag","embeddable":true,"href":"https:\/\/archive.sana.sy\/tr\/index.php?rest_route=%2Fwp%2Fv2%2Ftags&post=276415"}],"curies":[{"name":"wp","href":"https:\/\/api.w.org\/{rel}","templated":true}]}}