{"id":276418,"date":"2023-03-10T23:30:17","date_gmt":"2023-03-10T20:30:17","guid":{"rendered":"http:\/\/107.6.182.27\/tr\/?p=276418"},"modified":"2023-03-12T08:15:16","modified_gmt":"2023-03-12T05:15:16","slug":"haddur-israil-saldirgan-davranisi-ve-nukleer-kapasitesi-bolge-istikrarina-ciddi-tehdit-olusturuyor","status":"publish","type":"post","link":"https:\/\/archive.sana.sy\/tr\/?p=276418","title":{"rendered":"Haddur: &#8220;\u0130srail Sald\u0131rgan Davran\u0131\u015f\u0131 Ve N\u00fckleer Kapasitesi, B\u00f6lge \u0130stikrar\u0131na Ciddi Tehdit Olu\u015fturuyor"},"content":{"rendered":"<p>V\u0130YANA &#8211; Viyana&#8217;daki Birle\u015fmi\u015f Milletler Ofisi ve di\u011fer uluslararas\u0131 kurulu\u015flar nezdindeki Suriye Daimi Temsilcisi B\u00fcy\u00fckel\u00e7i Dr. Hasan Haddur, \u0130srail&#8217;in b\u00f6lgedeki sald\u0131rgan davran\u0131\u015f\u0131, n\u00fckleer silahlar\u0131n yay\u0131lmas\u0131n\u0131 \u00f6nleme sistemi ve b\u00f6lgenin istikrar\u0131 i\u00e7in ciddi bir tehlike olu\u015fturdu\u011funu belirtti.<\/p>\n<p>Uluslararas\u0131 Atom Enerjisi Ajans\u0131 Y\u00f6netim Kurulu&#8217;nun bu ayki oturumunda B\u00fcy\u00fckel\u00e7i Haddur: &#8220;Suriye, N\u00fckleer Silahlar\u0131n Yay\u0131lmas\u0131n\u0131 \u00d6nleme Anla\u015fmas\u0131 ve Kapsaml\u0131 Anla\u015fma kapsam\u0131ndaki y\u00fck\u00fcml\u00fcl\u00fcklerine uygun olarak Ajans ile tam ve yap\u0131c\u0131 i\u015fbirli\u011fine ba\u011fl\u0131 kald\u0131 ve olmaya devam edecektir&#8221; dedi.<\/p>\n<p>Haddur, Uluslararas\u0131 toplumun \u0130srail&#8217;in tehlikeli uygulamalar\u0131na ve sald\u0131rgan davran\u0131\u015f\u0131na g\u00f6z yummamas\u0131 ve \u0130srail&#8217;i N\u00fckleer Silahlar\u0131n Yay\u0131lmas\u0131n\u0131n \u00d6nlenmesi Antla\u015fmas\u0131&#8217;na kat\u0131lmaya zorlamak i\u00e7in net bir karar ve ciddi pratik ad\u0131mlar atmas\u0131 gere\u011fini vurgulayarak, n\u00fckleersiz devlet olarak, t\u00fcm tesislerini hi\u00e7bir \u015fart ve k\u0131s\u0131tlama olmaks\u0131z\u0131n Uluslararas\u0131 Atom Enerjisi Kurumunun denetimine tabi tutulmas\u0131 gere\u011fini vurgulad\u0131.<\/p>\n<p>B\u00fcy\u00fckel\u00e7i Haddur: \u0130srail&#8217;in Orta Do\u011fu&#8217;da n\u00fckleer silahlardan ar\u0131nd\u0131r\u0131lm\u0131\u015f bir b\u00f6lge kurulmas\u0131 \u00e7a\u011fr\u0131s\u0131nda bulunan t\u00fcm giri\u015fimleri reddetmesi, t\u0131pk\u0131 t\u00fcm n\u00fckleer tesislerini IAEA&#8217;ya tabi tutmay\u0131 reddetmesi gibi, onu b\u00f6lgedeki g\u00fcvenlik ve istikrar i\u00e7in bir tehdit haline getirdi\u011fini, g\u00fcvencelerin uluslararas\u0131 bar\u0131\u015f ve g\u00fcvenli\u011fe tehdit olu\u015fturdu\u011funu ve bu konuda konu\u015fmaya yetkili olmad\u0131\u011f\u0131n\u0131, antla\u015fmaya ayk\u0131r\u0131l\u0131k durumlar\u0131nda, ehliyet \u015fart\u0131n\u0131n kurumun karar organlar\u0131nda g\u00f6r\u00fc\u015f\u00fclmesini talep etti.<\/p>\n<p>B\u00fcy\u00fckel\u00e7i Haddur, y\u0131k\u0131c\u0131 depremin kurbanlar\u0131na taziyeleri i\u00e7in Uluslararas\u0131 Atom Enerjisi Kurumu Genel M\u00fcd\u00fcr\u00fc Rafael Grossi&#8217;ye ve Suriye h\u00fck\u00fcmetinin enkaz kald\u0131rma, depremden etkilenenlere gerekli insani yard\u0131m\u0131n sa\u011flanmas\u0131, yaral\u0131lar\u0131 kurtarma ve insani yard\u0131m \u00e7al\u0131\u015fmalar\u0131na destek veren t\u00fcm \u00fclkelere Suriye&#8217;nin te\u015fekk\u00fcrlerini iletti.<\/p>\n<p>\u201c\u0130srail\u201d temsilcisinin a\u00e7\u0131klamas\u0131nda yer alan taziyelere cevaben B\u00fcy\u00fckel\u00e7i Haddur, \u0130srail varl\u0131\u011f\u0131n\u0131n insanl\u0131k g\u00f6stererek d\u00fcnyay\u0131 kand\u0131rd\u0131\u011f\u0131n\u0131, bu varl\u0131\u011f\u0131n depremzedelere ba\u015fsa\u011fl\u0131\u011f\u0131 dilemek yerine devletlerin egemenli\u011fine sayg\u0131 g\u00f6stermesi, uluslararas\u0131 hukuka ve uluslararas\u0131 insanc\u0131l hukuka uymas\u0131 gerekti\u011fini s\u00f6yledi.<\/p>\n<p>B\u00fcy\u00fckel\u00e7i Haddur, Uluslararas\u0131 Atom Enerjisi Ajans\u0131 (IAEA) \u00fcyelerine, \u0130srail&#8217;in ge\u00e7en \u015eubat&#8217;\u0131n dokuzunda \u015eam&#8217;\u0131n bir mahallesine y\u00f6nelik hava sald\u0131r\u0131s\u0131n\u0131 ve bu ay\u0131n yedisinde i\u00e7 ve d\u0131\u015f insani yard\u0131mlar\u0131 alamaz hale getiren Halep havaalan\u0131n\u0131n hava sald\u0131r\u0131lar\u0131n\u0131 bombalamas\u0131n\u0131 hat\u0131rlatarak, Suriye ile ilgili garantiler anla\u015fmas\u0131n\u0131n uygulanmas\u0131na ili\u015fkin maddesinin Konsey g\u00fcndeminden \u00e7\u0131kar\u0131lmas\u0131n\u0131 talep etti.<\/p>\n<p>B\u00fcy\u00fckel\u00e7i Haddur, Uluslararas\u0131 hukuku alenen ihlal etti\u011fi i\u00e7in \u015fiddetle k\u0131nanmak yerine imaj\u0131n\u0131 \u00e7arp\u0131tmak ve \u00fczerinde siyasi bask\u0131 uygulamak ve ku\u015fatmak amac\u0131yla &#8220;\u0130srail&#8221;in Eyl\u00fcl 2007&#8217;de Deyrezzor ilindeki bir b\u00f6lgeye y\u00f6nelik sald\u0131r\u0131s\u0131n\u0131n Suriye&#8217;ye sald\u0131rmak i\u00e7in bir platform olarak kullan\u0131ld\u0131\u011f\u0131n\u0131 belirtti.<\/p>\n<p><a href=\"https:\/\/t.me\/SuriyeArapHaberAjansI\">Telgram Kanal\u0131m\u0131z\u00a0<\/a><\/p>\n<p><a href=\"https:\/\/www.facebook.com\/SANAHaberAjansi\/\">Facebook Sayfam\u0131z<\/a><\/p>\n","protected":false},"excerpt":{"rendered":"<p>V\u0130YANA &#8211; Viyana&#8217;daki Birle\u015fmi\u015f Milletler Ofisi ve di\u011fer uluslararas\u0131 kurulu\u015flar nezdindeki Suriye Daimi Temsilcisi B\u00fcy\u00fckel\u00e7i Dr. Hasan Haddur, \u0130srail&#8217;in b\u00f6lgedeki sald\u0131rgan davran\u0131\u015f\u0131, n\u00fckleer silahlar\u0131n yay\u0131lmas\u0131n\u0131 \u00f6nleme sistemi ve b\u00f6lgenin istikrar\u0131 i\u00e7in ciddi bir tehlike olu\u015fturdu\u011funu belirtti. Uluslararas\u0131 Atom Enerjisi Ajans\u0131 Y\u00f6netim Kurulu&#8217;nun bu ayki oturumunda B\u00fcy\u00fckel\u00e7i Haddur: &#8220;Suriye, N\u00fckleer Silahlar\u0131n Yay\u0131lmas\u0131n\u0131 \u00d6nleme Anla\u015fmas\u0131 ve Kapsaml\u0131 &hellip;<\/p>\n","protected":false},"author":1,"featured_media":276419,"comment_status":"closed","ping_status":"closed","sticky":false,"template":"","format":"standard","meta":{"footnotes":""},"categories":[458,459,17988],"tags":[],"class_list":["post-276418","post","type-post","status-publish","format-standard","has-post-thumbnail","","category-dunya1","category-haberler-arap-uluslararasi-politika","category-son-haberler"],"_links":{"self":[{"href":"https:\/\/archive.sana.sy\/tr\/index.php?rest_route=\/wp\/v2\/posts\/276418","targetHints":{"allow":["GET"]}}],"collection":[{"href":"https:\/\/archive.sana.sy\/tr\/index.php?rest_route=\/wp\/v2\/posts"}],"about":[{"href":"https:\/\/archive.sana.sy\/tr\/index.php?rest_route=\/wp\/v2\/types\/post"}],"author":[{"embeddable":true,"href":"https:\/\/archive.sana.sy\/tr\/index.php?rest_route=\/wp\/v2\/users\/1"}],"replies":[{"embeddable":true,"href":"https:\/\/archive.sana.sy\/tr\/index.php?rest_route=%2Fwp%2Fv2%2Fcomments&post=276418"}],"version-history":[{"count":0,"href":"https:\/\/archive.sana.sy\/tr\/index.php?rest_route=\/wp\/v2\/posts\/276418\/revisions"}],"wp:featuredmedia":[{"embeddable":true,"href":"https:\/\/archive.sana.sy\/tr\/index.php?rest_route=\/wp\/v2\/media\/276419"}],"wp:attachment":[{"href":"https:\/\/archive.sana.sy\/tr\/index.php?rest_route=%2Fwp%2Fv2%2Fmedia&parent=276418"}],"wp:term":[{"taxonomy":"category","embeddable":true,"href":"https:\/\/archive.sana.sy\/tr\/index.php?rest_route=%2Fwp%2Fv2%2Fcategories&post=276418"},{"taxonomy":"post_tag","embeddable":true,"href":"https:\/\/archive.sana.sy\/tr\/index.php?rest_route=%2Fwp%2Fv2%2Ftags&post=276418"}],"curies":[{"name":"wp","href":"https:\/\/api.w.org\/{rel}","templated":true}]}}