{"id":276432,"date":"2023-03-10T21:00:17","date_gmt":"2023-03-10T18:00:17","guid":{"rendered":"https:\/\/sana.sy\/tr\/?p=276432"},"modified":"2023-03-12T08:15:08","modified_gmt":"2023-03-12T05:15:08","slug":"suriye-suudi-arabistan-ile-iran-arasindaki-diplomatik-iliskilerin-yeniden-baslatilmasina-yonelik-anlasmayi-memnuniyetle-karsiliyor","status":"publish","type":"post","link":"https:\/\/archive.sana.sy\/tr\/?p=276432","title":{"rendered":"Suriye, Suudi Arabistan ile \u0130ran Aras\u0131ndaki Diplomatik \u0130li\u015fkilerin Yeniden Ba\u015flat\u0131lmas\u0131na Y\u00f6nelik Anla\u015fmay\u0131 Memnuniyetle Kar\u015f\u0131l\u0131yor"},"content":{"rendered":"<p>\u015eAM \u2013 Suriye, Suudi Arabistan ile \u0130ran aras\u0131nda var\u0131lan ve aralar\u0131ndaki diplomatik ili\u015fkilerin s\u00fcrd\u00fcr\u00fclmesine y\u00f6nelik var\u0131lan anla\u015fmay\u0131 memnuniyetle kar\u015f\u0131layarak, bu ad\u0131m\u0131n b\u00f6lgede g\u00fcvenlik ve istikrar\u0131 art\u0131raca\u011f\u0131n\u0131 vurgulad\u0131.<\/p>\n<p>D\u0131\u015fi\u015fleri ve Gurbet\u00e7iler Bakanl\u0131\u011f\u0131ndan yap\u0131lan a\u00e7\u0131klamada, &#8220;Suriye Arap Cumhuriyeti, Suudi Arabistan Krall\u0131\u011f\u0131 ile \u0130ran \u0130slam Cumhuriyeti aras\u0131nda var\u0131lan ve iki kom\u015fu \u00fclke aras\u0131ndaki diplomatik ili\u015fkilerin yeniden ba\u015flat\u0131lmas\u0131na y\u00f6nelik anla\u015fmay\u0131 memnuniyetle kar\u015f\u0131l\u0131yor ve \u00c7in liderli\u011finin bu alanda g\u00f6sterdi\u011fi samimi \u00e7abalar\u0131 son derece takdir ediyor\u201d dedi.<\/p>\n<p>D\u0131\u015fi\u015fleri Bakanl\u0131\u011f\u0131, &#8220;Bu \u00f6nemli ad\u0131m, b\u00f6lgede g\u00fcvenlik ve istikrar\u0131n g\u00fc\u00e7lendirilmesine ve \u00f6zelde iki \u00fclke halklar\u0131n\u0131n, genelde b\u00f6lge halklar\u0131n\u0131n ortak \u00e7\u0131karlar\u0131na olumlu yans\u0131yacak i\u015f birli\u011fine yol a\u00e7acakt\u0131r\u201d dedi.<\/p>\n<p>D\u0131\u015fi\u015fleri Bakanl\u0131\u011f\u0131: \u201cSuriye, g\u00fcn\u00fcm\u00fcz d\u00fcnyas\u0131nda kar\u015f\u0131 kar\u015f\u0131ya kald\u0131\u011f\u0131m\u0131z b\u00fcy\u00fck zorluklarla y\u00fczle\u015fmek i\u00e7in Arap \u00fclkelerimiz ve dostlar\u0131m\u0131z aras\u0131ndaki ili\u015fkileri dahil etmeye y\u00f6nelik bu \u00e7abalar\u0131n devam etmesini umuyor\u201d dedi.<\/p>\n<p><a href=\"https:\/\/t.me\/SuriyeArapHaberAjansI\">Telgram Kanal\u0131m\u0131z\u00a0<\/a><\/p>\n<p><a href=\"https:\/\/www.facebook.com\/SANAHaberAjansi\/\">Facebook Sayfam\u0131z<\/a><\/p>\n","protected":false},"excerpt":{"rendered":"<p>\u015eAM \u2013 Suriye, Suudi Arabistan ile \u0130ran aras\u0131nda var\u0131lan ve aralar\u0131ndaki diplomatik ili\u015fkilerin s\u00fcrd\u00fcr\u00fclmesine y\u00f6nelik var\u0131lan anla\u015fmay\u0131 memnuniyetle kar\u015f\u0131layarak, bu ad\u0131m\u0131n b\u00f6lgede g\u00fcvenlik ve istikrar\u0131 art\u0131raca\u011f\u0131n\u0131 vurgulad\u0131. D\u0131\u015fi\u015fleri ve Gurbet\u00e7iler Bakanl\u0131\u011f\u0131ndan yap\u0131lan a\u00e7\u0131klamada, &#8220;Suriye Arap Cumhuriyeti, Suudi Arabistan Krall\u0131\u011f\u0131 ile \u0130ran \u0130slam Cumhuriyeti aras\u0131nda var\u0131lan ve iki kom\u015fu \u00fclke aras\u0131ndaki diplomatik ili\u015fkilerin yeniden ba\u015flat\u0131lmas\u0131na y\u00f6nelik &hellip;<\/p>\n","protected":false},"author":36,"featured_media":276433,"comment_status":"closed","ping_status":"closed","sticky":false,"template":"","format":"standard","meta":{"footnotes":""},"categories":[479,17988,478],"tags":[],"class_list":["post-276432","post","type-post","status-publish","format-standard","has-post-thumbnail","","category-haberler-yerel","category-son-haberler","category-yerel"],"_links":{"self":[{"href":"https:\/\/archive.sana.sy\/tr\/index.php?rest_route=\/wp\/v2\/posts\/276432","targetHints":{"allow":["GET"]}}],"collection":[{"href":"https:\/\/archive.sana.sy\/tr\/index.php?rest_route=\/wp\/v2\/posts"}],"about":[{"href":"https:\/\/archive.sana.sy\/tr\/index.php?rest_route=\/wp\/v2\/types\/post"}],"author":[{"embeddable":true,"href":"https:\/\/archive.sana.sy\/tr\/index.php?rest_route=\/wp\/v2\/users\/36"}],"replies":[{"embeddable":true,"href":"https:\/\/archive.sana.sy\/tr\/index.php?rest_route=%2Fwp%2Fv2%2Fcomments&post=276432"}],"version-history":[{"count":0,"href":"https:\/\/archive.sana.sy\/tr\/index.php?rest_route=\/wp\/v2\/posts\/276432\/revisions"}],"wp:featuredmedia":[{"embeddable":true,"href":"https:\/\/archive.sana.sy\/tr\/index.php?rest_route=\/wp\/v2\/media\/276433"}],"wp:attachment":[{"href":"https:\/\/archive.sana.sy\/tr\/index.php?rest_route=%2Fwp%2Fv2%2Fmedia&parent=276432"}],"wp:term":[{"taxonomy":"category","embeddable":true,"href":"https:\/\/archive.sana.sy\/tr\/index.php?rest_route=%2Fwp%2Fv2%2Fcategories&post=276432"},{"taxonomy":"post_tag","embeddable":true,"href":"https:\/\/archive.sana.sy\/tr\/index.php?rest_route=%2Fwp%2Fv2%2Ftags&post=276432"}],"curies":[{"name":"wp","href":"https:\/\/api.w.org\/{rel}","templated":true}]}}