{"id":276438,"date":"2023-03-11T10:47:18","date_gmt":"2023-03-11T07:47:18","guid":{"rendered":"https:\/\/sana.sy\/tr\/?p=276438"},"modified":"2023-03-12T08:15:20","modified_gmt":"2023-03-12T05:15:20","slug":"cek-sendika-meclisi-toprak-butunlugunu-ve-egemenligini-savunmasinda-suriyenin-yanindayiz","status":"publish","type":"post","link":"https:\/\/archive.sana.sy\/tr\/?p=276438","title":{"rendered":"\u00c7ek Sendika Meclisi: Toprak B\u00fct\u00fcnl\u00fc\u011f\u00fcn\u00fc Ve Egemenli\u011fini Savunmas\u0131nda Suriye&#8217;nin Yan\u0131nday\u0131z"},"content":{"rendered":"<p>PRAG \u2013 \u00c7ek, Moravya ve Silesko sendika meclisi, \u00c7ek ilerici sendikac\u0131lar\u0131n egemenli\u011fini ve toprak b\u00fct\u00fcnl\u00fc\u011f\u00fcn\u00fc savunmada ve i\u00e7 i\u015flerine kar\u0131\u015fmama talebinde Suriye&#8217;nin yan\u0131nda yer ald\u0131klar\u0131n\u0131 a\u00e7\u0131klad\u0131.<\/p>\n<p>\u00c7ek Meclisi \u0130dari Sekreteri Martin Beech, Prag SANA muhabirine yapt\u0131\u011f\u0131 a\u00e7\u0131klamada, \u0130srail&#8217;in Suriye&#8217;ye y\u00f6nelik sald\u0131r\u0131lar\u0131n\u0131 durdurmas\u0131 ve topraklar\u0131n\u0131n bir k\u0131sm\u0131ndaki Amerikan i\u015fgaline son vermesi gerekti\u011fini vurgulad\u0131.<\/p>\n<p>Beech, \u201c\u00c7ek sendikac\u0131lar, Suriye&#8217;nin maruz kald\u0131\u011f\u0131 durumlar\u0131n sona erdirilmesi i\u00e7in y\u00fcr\u00fctt\u00fc\u011f\u00fc t\u00fcm \u00e7abalar\u0131, \u00f6zellikle de abluka ve Bat\u0131l\u0131 \u00fclkelerin uygulad\u0131\u011f\u0131 yapt\u0131r\u0131mlar\u0131n kald\u0131r\u0131lmas\u0131n\u0131 destekliyor\u201d dedi.<\/p>\n<p>Beech, \u0130srail&#8217;in Halep Uluslararas\u0131 Havaliman\u0131&#8217;na y\u00f6nelik sald\u0131r\u0131s\u0131n\u0131 k\u0131nad\u0131 ve bunun devlet ter\u00f6r\u00fc oldu\u011funu ve kesinlikle kabul edilemeyece\u011fini vurgulayarak, \u0130srail varl\u0131\u011f\u0131n\u0131n Suriya&#8217;n\u0131n maruz kald\u0131\u011f\u0131 y\u0131k\u0131c\u0131 depremin ard\u0131ndan i\u00e7inde bulundu\u011fu insani durumu kendisine kar\u015f\u0131 t\u0131rmanarak istismar etti\u011fine dikkat \u00e7ekti.<\/p>\n<p><a href=\"https:\/\/t.me\/SuriyeArapHaberAjansI\">Telgram Kanal\u0131m\u0131z\u00a0<\/a><\/p>\n<p><a href=\"https:\/\/www.facebook.com\/SANAHaberAjansi\/\">Facebook Sayfam\u0131z<\/a><\/p>\n","protected":false},"excerpt":{"rendered":"<p>PRAG \u2013 \u00c7ek, Moravya ve Silesko sendika meclisi, \u00c7ek ilerici sendikac\u0131lar\u0131n egemenli\u011fini ve toprak b\u00fct\u00fcnl\u00fc\u011f\u00fcn\u00fc savunmada ve i\u00e7 i\u015flerine kar\u0131\u015fmama talebinde Suriye&#8217;nin yan\u0131nda yer ald\u0131klar\u0131n\u0131 a\u00e7\u0131klad\u0131. \u00c7ek Meclisi \u0130dari Sekreteri Martin Beech, Prag SANA muhabirine yapt\u0131\u011f\u0131 a\u00e7\u0131klamada, \u0130srail&#8217;in Suriye&#8217;ye y\u00f6nelik sald\u0131r\u0131lar\u0131n\u0131 durdurmas\u0131 ve topraklar\u0131n\u0131n bir k\u0131sm\u0131ndaki Amerikan i\u015fgaline son vermesi gerekti\u011fini vurgulad\u0131. Beech, \u201c\u00c7ek sendikac\u0131lar, &hellip;<\/p>\n","protected":false},"author":36,"featured_media":276439,"comment_status":"closed","ping_status":"closed","sticky":false,"template":"","format":"standard","meta":{"footnotes":""},"categories":[458,459,17988],"tags":[],"class_list":["post-276438","post","type-post","status-publish","format-standard","has-post-thumbnail","","category-dunya1","category-haberler-arap-uluslararasi-politika","category-son-haberler"],"_links":{"self":[{"href":"https:\/\/archive.sana.sy\/tr\/index.php?rest_route=\/wp\/v2\/posts\/276438","targetHints":{"allow":["GET"]}}],"collection":[{"href":"https:\/\/archive.sana.sy\/tr\/index.php?rest_route=\/wp\/v2\/posts"}],"about":[{"href":"https:\/\/archive.sana.sy\/tr\/index.php?rest_route=\/wp\/v2\/types\/post"}],"author":[{"embeddable":true,"href":"https:\/\/archive.sana.sy\/tr\/index.php?rest_route=\/wp\/v2\/users\/36"}],"replies":[{"embeddable":true,"href":"https:\/\/archive.sana.sy\/tr\/index.php?rest_route=%2Fwp%2Fv2%2Fcomments&post=276438"}],"version-history":[{"count":0,"href":"https:\/\/archive.sana.sy\/tr\/index.php?rest_route=\/wp\/v2\/posts\/276438\/revisions"}],"wp:featuredmedia":[{"embeddable":true,"href":"https:\/\/archive.sana.sy\/tr\/index.php?rest_route=\/wp\/v2\/media\/276439"}],"wp:attachment":[{"href":"https:\/\/archive.sana.sy\/tr\/index.php?rest_route=%2Fwp%2Fv2%2Fmedia&parent=276438"}],"wp:term":[{"taxonomy":"category","embeddable":true,"href":"https:\/\/archive.sana.sy\/tr\/index.php?rest_route=%2Fwp%2Fv2%2Fcategories&post=276438"},{"taxonomy":"post_tag","embeddable":true,"href":"https:\/\/archive.sana.sy\/tr\/index.php?rest_route=%2Fwp%2Fv2%2Ftags&post=276438"}],"curies":[{"name":"wp","href":"https:\/\/api.w.org\/{rel}","templated":true}]}}