{"id":276584,"date":"2023-03-13T11:31:27","date_gmt":"2023-03-13T08:31:27","guid":{"rendered":"https:\/\/sana.sy\/tr\/?p=276584"},"modified":"2023-03-14T08:47:40","modified_gmt":"2023-03-14T05:47:40","slug":"turkiyenin-dogusunda-4-2-buyuklugunde-deprem-meydana-geldi","status":"publish","type":"post","link":"https:\/\/archive.sana.sy\/tr\/?p=276584","title":{"rendered":"T\u00fcrkiye&#8217;nin Do\u011fusunda 4.2 B\u00fcy\u00fckl\u00fc\u011f\u00fcnde Deprem Meydana Geldi"},"content":{"rendered":"<p><strong>ANKARA \u2013 <\/strong>T\u00fcrkiye&#8217;nin do\u011fusunda Richter \u00f6l\u00e7e\u011fine g\u00f6re 4,2 b\u00fcy\u00fckl\u00fc\u011f\u00fcnde bir deprem bug\u00fcn vurdu.<\/p>\n<p>Avrupa Akdeniz Sismoloji Merkezi, depremin Malatya&#8217;n\u0131n 38 kilometre g\u00fcneydo\u011fusunda 5 kilometre derinlikte meydana geldi\u011fini belirtti.<\/p>\n<p>Deprem nedeniyle herhangi bir yaralanma bildirilmedi.<\/p>\n<p><a href=\"https:\/\/t.me\/SuriyeArapHaberAjansI\">Telegram Kanal\u0131m\u0131z\u00a0<\/a><\/p>\n<p><a href=\"https:\/\/www.facebook.com\/SANAHaberAjansi\/\">Facebook Sayfam\u0131z<\/a><\/p>\n","protected":false},"excerpt":{"rendered":"<p>ANKARA \u2013 T\u00fcrkiye&#8217;nin do\u011fusunda Richter \u00f6l\u00e7e\u011fine g\u00f6re 4,2 b\u00fcy\u00fckl\u00fc\u011f\u00fcnde bir deprem bug\u00fcn vurdu. Avrupa Akdeniz Sismoloji Merkezi, depremin Malatya&#8217;n\u0131n 38 kilometre g\u00fcneydo\u011fusunda 5 kilometre derinlikte meydana geldi\u011fini belirtti. Deprem nedeniyle herhangi bir yaralanma bildirilmedi. Telegram Kanal\u0131m\u0131z\u00a0 Facebook Sayfam\u0131z<\/p>\n","protected":false},"author":39,"featured_media":276585,"comment_status":"closed","ping_status":"closed","sticky":false,"template":"","format":"standard","meta":{"footnotes":""},"categories":[458,459,17988],"tags":[],"class_list":["post-276584","post","type-post","status-publish","format-standard","has-post-thumbnail","","category-dunya1","category-haberler-arap-uluslararasi-politika","category-son-haberler"],"_links":{"self":[{"href":"https:\/\/archive.sana.sy\/tr\/index.php?rest_route=\/wp\/v2\/posts\/276584","targetHints":{"allow":["GET"]}}],"collection":[{"href":"https:\/\/archive.sana.sy\/tr\/index.php?rest_route=\/wp\/v2\/posts"}],"about":[{"href":"https:\/\/archive.sana.sy\/tr\/index.php?rest_route=\/wp\/v2\/types\/post"}],"author":[{"embeddable":true,"href":"https:\/\/archive.sana.sy\/tr\/index.php?rest_route=\/wp\/v2\/users\/39"}],"replies":[{"embeddable":true,"href":"https:\/\/archive.sana.sy\/tr\/index.php?rest_route=%2Fwp%2Fv2%2Fcomments&post=276584"}],"version-history":[{"count":0,"href":"https:\/\/archive.sana.sy\/tr\/index.php?rest_route=\/wp\/v2\/posts\/276584\/revisions"}],"wp:featuredmedia":[{"embeddable":true,"href":"https:\/\/archive.sana.sy\/tr\/index.php?rest_route=\/wp\/v2\/media\/276585"}],"wp:attachment":[{"href":"https:\/\/archive.sana.sy\/tr\/index.php?rest_route=%2Fwp%2Fv2%2Fmedia&parent=276584"}],"wp:term":[{"taxonomy":"category","embeddable":true,"href":"https:\/\/archive.sana.sy\/tr\/index.php?rest_route=%2Fwp%2Fv2%2Fcategories&post=276584"},{"taxonomy":"post_tag","embeddable":true,"href":"https:\/\/archive.sana.sy\/tr\/index.php?rest_route=%2Fwp%2Fv2%2Ftags&post=276584"}],"curies":[{"name":"wp","href":"https:\/\/api.w.org\/{rel}","templated":true}]}}