{"id":276591,"date":"2023-03-13T13:03:17","date_gmt":"2023-03-13T10:03:17","guid":{"rendered":"https:\/\/sana.sy\/tr\/?p=276591"},"modified":"2023-03-14T08:47:46","modified_gmt":"2023-03-14T05:47:46","slug":"mikdad-ummanli-mevkidasi-ile-ikili-iliskileri-ve-bolgedeki-gelismeleri-gorustu","status":"publish","type":"post","link":"https:\/\/archive.sana.sy\/tr\/?p=276591","title":{"rendered":"Mikdad, Ummanl\u0131 Mevkida\u015f\u0131 \u0130le \u0130kili \u0130li\u015fkileri Ve B\u00f6lgedeki Geli\u015fmeleri G\u00f6r\u00fc\u015ft\u00fc"},"content":{"rendered":"<p><strong>\u015eAM \u2013 <\/strong>D\u0131\u015fi\u015fleri ve Gurbet\u00e7iler Bakan\u0131 Dr. Faysal El Mikdad, Ummanl\u0131 mevkida\u015f\u0131 Badr Ebn Hemad El Busaidi ile bir telefon g\u00f6r\u00fc\u015fmesi yapt\u0131 ve iki karde\u015f \u00fclke aras\u0131ndaki ikili ili\u015fkileri ve b\u00f6lgedeki \u00a0son geli\u015fmeleri ele ald\u0131.<\/p>\n<p>D\u0131\u015fi\u015fleri ve Gurbet\u00e7iler Bakanl\u0131\u011f\u0131 bug\u00fcn Twitter hesab\u0131ndan yapt\u0131\u011f\u0131 a\u00e7\u0131klamada, iki bakan\u0131n g\u00f6r\u00fc\u015fmede iki karde\u015f \u00fclke aras\u0131ndaki ikili ili\u015fkilerin \u00e7e\u015fitli alanlarda geli\u015ftirilmesine ili\u015fkin konular\u0131n g\u00f6r\u00fc\u015ft\u00fcklerini ve b\u00f6lgedeki son geli\u015fmelerin ele al\u0131nd\u0131\u011f\u0131n\u0131 belirtti.<\/p>\n<p>Bakan Mekdad, Suriye&#8217;nin \u00f6zellikle Cumhurba\u015fkan\u0131 Be\u015f\u015far Esad&#8217;\u0131n ge\u00e7ti\u011fimiz g\u00fcnlerde Umman Sultanl\u0131\u011f\u0131&#8217;na yapt\u0131\u011f\u0131 ziyaret ve Sultan Haisam Ebn Tar\u0131k ile yapt\u0131\u011f\u0131 g\u00f6r\u00fc\u015fmeler sonras\u0131nda iki karde\u015f \u00fclke aras\u0131ndaki ili\u015fkilerin mevcut seviyesinden duydu\u011fu memnuniyeti dile getirdi.<\/p>\n<p><a href=\"https:\/\/t.me\/SuriyeArapHaberAjansI\">Telegram Kanal\u0131m\u0131z\u00a0<\/a><\/p>\n<p><a href=\"https:\/\/www.facebook.com\/SANAHaberAjansi\/\">Facebook Sayfam\u0131z<\/a><\/p>\n","protected":false},"excerpt":{"rendered":"<p>\u015eAM \u2013 D\u0131\u015fi\u015fleri ve Gurbet\u00e7iler Bakan\u0131 Dr. Faysal El Mikdad, Ummanl\u0131 mevkida\u015f\u0131 Badr Ebn Hemad El Busaidi ile bir telefon g\u00f6r\u00fc\u015fmesi yapt\u0131 ve iki karde\u015f \u00fclke aras\u0131ndaki ikili ili\u015fkileri ve b\u00f6lgedeki \u00a0son geli\u015fmeleri ele ald\u0131. D\u0131\u015fi\u015fleri ve Gurbet\u00e7iler Bakanl\u0131\u011f\u0131 bug\u00fcn Twitter hesab\u0131ndan yapt\u0131\u011f\u0131 a\u00e7\u0131klamada, iki bakan\u0131n g\u00f6r\u00fc\u015fmede iki karde\u015f \u00fclke aras\u0131ndaki ikili ili\u015fkilerin \u00e7e\u015fitli alanlarda &hellip;<\/p>\n","protected":false},"author":39,"featured_media":276592,"comment_status":"closed","ping_status":"closed","sticky":false,"template":"","format":"standard","meta":{"footnotes":""},"categories":[479,17988,478],"tags":[],"class_list":["post-276591","post","type-post","status-publish","format-standard","has-post-thumbnail","","category-haberler-yerel","category-son-haberler","category-yerel"],"_links":{"self":[{"href":"https:\/\/archive.sana.sy\/tr\/index.php?rest_route=\/wp\/v2\/posts\/276591","targetHints":{"allow":["GET"]}}],"collection":[{"href":"https:\/\/archive.sana.sy\/tr\/index.php?rest_route=\/wp\/v2\/posts"}],"about":[{"href":"https:\/\/archive.sana.sy\/tr\/index.php?rest_route=\/wp\/v2\/types\/post"}],"author":[{"embeddable":true,"href":"https:\/\/archive.sana.sy\/tr\/index.php?rest_route=\/wp\/v2\/users\/39"}],"replies":[{"embeddable":true,"href":"https:\/\/archive.sana.sy\/tr\/index.php?rest_route=%2Fwp%2Fv2%2Fcomments&post=276591"}],"version-history":[{"count":0,"href":"https:\/\/archive.sana.sy\/tr\/index.php?rest_route=\/wp\/v2\/posts\/276591\/revisions"}],"wp:featuredmedia":[{"embeddable":true,"href":"https:\/\/archive.sana.sy\/tr\/index.php?rest_route=\/wp\/v2\/media\/276592"}],"wp:attachment":[{"href":"https:\/\/archive.sana.sy\/tr\/index.php?rest_route=%2Fwp%2Fv2%2Fmedia&parent=276591"}],"wp:term":[{"taxonomy":"category","embeddable":true,"href":"https:\/\/archive.sana.sy\/tr\/index.php?rest_route=%2Fwp%2Fv2%2Fcategories&post=276591"},{"taxonomy":"post_tag","embeddable":true,"href":"https:\/\/archive.sana.sy\/tr\/index.php?rest_route=%2Fwp%2Fv2%2Ftags&post=276591"}],"curies":[{"name":"wp","href":"https:\/\/api.w.org\/{rel}","templated":true}]}}