{"id":276614,"date":"2023-03-13T14:00:11","date_gmt":"2023-03-13T11:00:11","guid":{"rendered":"https:\/\/sana.sy\/tr\/?p=276614"},"modified":"2023-03-13T17:21:58","modified_gmt":"2023-03-13T14:21:58","slug":"suriyedeki-kusatmayi-kirmak-icin-arap-ve-uluslararasi-kampanya-depremzedelere-yardim-toplamak-icin-bir-kampanya-baslatti","status":"publish","type":"post","link":"https:\/\/archive.sana.sy\/tr\/?p=276614","title":{"rendered":"Suriye&#8217;deki Ku\u015fatmay\u0131 K\u0131rmak \u0130\u00e7in Arap Ve Uluslararasi Kampanya, Depremzedelere Yard\u0131m Kampanyas\u0131  Ba\u015flatt\u0131"},"content":{"rendered":"<p><strong>BEYRUT<\/strong>&#8211; Bug\u00fcn Suriye&#8217;deki ku\u015fatmay\u0131 k\u0131rmak i\u00e7in Arap ve uluslararas\u0131 pop\u00fcler kampanya, Suriye&#8217;de depremden etkilenenlere yard\u0131m toplamak i\u00e7in bir kampanya ba\u015flatt\u0131.<\/p>\n<p>Kampanya yapt\u0131\u011f\u0131 a\u00e7\u0131klamada, \u00fcyelerinden ve kurumlar\u0131ndan, depreme maruz kalan alanlarda etkilenen ki\u015filere sunmak i\u00e7in gerekli bir dizi ihtiyac\u0131 g\u00fcvence alt\u0131na almak i\u00e7in destek ve yard\u0131m toplamay\u0131 isteyerek, bu ihtiya\u00e7lar\u0131n ila\u00e7lar\u0131, t\u0131bbi cihazlar\u0131, okul malzemelerini ve di\u011fer yard\u0131mlar\u0131 i\u00e7erdi\u011fini belirtti.<\/p>\n<p>Kampanya ayr\u0131ca doktorlar\u0131 ve psikologlar\u0131, \u00f6zellikle deprem nedeniyle zor ko\u015fullar ya\u015fayan kad\u0131nlar ve \u00e7ocuklar i\u00e7in psikolojik destek sa\u011flamak i\u00e7in Suriye&#8217;ye giderek kampanyas\u0131na kat\u0131lmaya \u00e7a\u011f\u0131rd\u0131.<\/p>\n<p>&nbsp;<\/p>\n<p>R.M.<\/p>\n<p><a href=\"https:\/\/t.me\/SuriyeArapHaberAjansI\">Telegram Kanal\u0131m\u0131z\u00a0<\/a><\/p>\n<p><a href=\"https:\/\/www.facebook.com\/SANAHaberAjansi\/\">Facebook Sayfam\u0131z<\/a><\/p>\n","protected":false},"excerpt":{"rendered":"<p>BEYRUT&#8211; Bug\u00fcn Suriye&#8217;deki ku\u015fatmay\u0131 k\u0131rmak i\u00e7in Arap ve uluslararas\u0131 pop\u00fcler kampanya, Suriye&#8217;de depremden etkilenenlere yard\u0131m toplamak i\u00e7in bir kampanya ba\u015flatt\u0131. Kampanya yapt\u0131\u011f\u0131 a\u00e7\u0131klamada, \u00fcyelerinden ve kurumlar\u0131ndan, depreme maruz kalan alanlarda etkilenen ki\u015filere sunmak i\u00e7in gerekli bir dizi ihtiyac\u0131 g\u00fcvence alt\u0131na almak i\u00e7in destek ve yard\u0131m toplamay\u0131 isteyerek, bu ihtiya\u00e7lar\u0131n ila\u00e7lar\u0131, t\u0131bbi cihazlar\u0131, okul malzemelerini ve &hellip;<\/p>\n","protected":false},"author":41,"featured_media":276615,"comment_status":"closed","ping_status":"closed","sticky":false,"template":"","format":"standard","meta":{"footnotes":""},"categories":[458,459,479,17988,478],"tags":[],"class_list":["post-276614","post","type-post","status-publish","format-standard","has-post-thumbnail","","category-dunya1","category-haberler-arap-uluslararasi-politika","category-haberler-yerel","category-son-haberler","category-yerel"],"_links":{"self":[{"href":"https:\/\/archive.sana.sy\/tr\/index.php?rest_route=\/wp\/v2\/posts\/276614","targetHints":{"allow":["GET"]}}],"collection":[{"href":"https:\/\/archive.sana.sy\/tr\/index.php?rest_route=\/wp\/v2\/posts"}],"about":[{"href":"https:\/\/archive.sana.sy\/tr\/index.php?rest_route=\/wp\/v2\/types\/post"}],"author":[{"embeddable":true,"href":"https:\/\/archive.sana.sy\/tr\/index.php?rest_route=\/wp\/v2\/users\/41"}],"replies":[{"embeddable":true,"href":"https:\/\/archive.sana.sy\/tr\/index.php?rest_route=%2Fwp%2Fv2%2Fcomments&post=276614"}],"version-history":[{"count":0,"href":"https:\/\/archive.sana.sy\/tr\/index.php?rest_route=\/wp\/v2\/posts\/276614\/revisions"}],"wp:featuredmedia":[{"embeddable":true,"href":"https:\/\/archive.sana.sy\/tr\/index.php?rest_route=\/wp\/v2\/media\/276615"}],"wp:attachment":[{"href":"https:\/\/archive.sana.sy\/tr\/index.php?rest_route=%2Fwp%2Fv2%2Fmedia&parent=276614"}],"wp:term":[{"taxonomy":"category","embeddable":true,"href":"https:\/\/archive.sana.sy\/tr\/index.php?rest_route=%2Fwp%2Fv2%2Fcategories&post=276614"},{"taxonomy":"post_tag","embeddable":true,"href":"https:\/\/archive.sana.sy\/tr\/index.php?rest_route=%2Fwp%2Fv2%2Ftags&post=276614"}],"curies":[{"name":"wp","href":"https:\/\/api.w.org\/{rel}","templated":true}]}}