{"id":276623,"date":"2023-03-13T12:26:30","date_gmt":"2023-03-13T09:26:30","guid":{"rendered":"https:\/\/sana.sy\/tr\/?p=276623"},"modified":"2023-03-14T13:00:32","modified_gmt":"2023-03-14T10:00:32","slug":"sukriden-pedersona-deprem-felaketiyle-yuzlesmek-icin-suriyeye-destek","status":"publish","type":"post","link":"https:\/\/archive.sana.sy\/tr\/?p=276623","title":{"rendered":"\u015e\u00fckri\u2019den Pederson\u2019a: Deprem Felaketiyle Y\u00fczle\u015fmek \u0130\u00e7in Suriye&#8217;ye Destek"},"content":{"rendered":"<p><strong>KAH\u0130RE &#8211; <\/strong>M\u0131s\u0131r D\u0131\u015fi\u015fleri Bakan\u0131 Sameh Shoukry, ge\u00e7en ay\u0131n 6&#8217;s\u0131nda maruz kald\u0131\u011f\u0131 y\u0131k\u0131c\u0131 depremin sonu\u00e7lar\u0131yla y\u00fczle\u015fmek i\u00e7in t\u00fcm taraflar\u0131 Suriye&#8217;ye yard\u0131m etmeye \u00e7a\u011f\u0131rd\u0131.<\/p>\n<p>M\u0131s\u0131r D\u0131\u015fi\u015fleri Bakanl\u0131\u011f\u0131 s\u00f6zc\u00fcs\u00fc Ahmed Ebu Zeid bug\u00fcn yapt\u0131\u011f\u0131 a\u00e7\u0131klamada, \u2018\u015e\u00fckri, Kahire&#8217;de yapt\u0131klar\u0131 g\u00f6r\u00fc\u015fmede Birle\u015fmi\u015f Milletler Suriye \u00d6zel Temsilcisi Geir Pedersen&#8217;e M\u0131s\u0131r&#8217;\u0131n depremin sonu\u00e7lar\u0131yla y\u00fczle\u015fmek i\u00e7in Suriye&#8217;ye sa\u011flad\u0131\u011f\u0131 destek ve bu krizde Suriye&#8217;nin yan\u0131nda yer almak i\u00e7in \u015eam&#8217;a yapt\u0131\u011f\u0131 ziyaret hakk\u0131nda bilgi verdi.\u2019\u2019diyerek, Suriye&#8217;nin bu sonu\u00e7lara dayanmas\u0131na yard\u0131mc\u0131 olmak i\u00e7in t\u00fcm taraflar\u0131n s\u00fcrekli deste\u011fine olan ihtiyac\u0131 vurgulad\u0131.<\/p>\n<p>\u015e\u00fckri ayr\u0131ca, M\u0131s\u0131r&#8217;\u0131n krizi bir an \u00f6nce \u00e7\u00f6zme, Suriye topraklar\u0131n\u0131n b\u00fct\u00fcnl\u00fc\u011f\u00fcn\u00fc ve birli\u011fini koruma, ter\u00f6r\u00fcn ve i\u00e7 i\u015flerine y\u00f6nelik her t\u00fcrl\u00fc d\u0131\u015f m\u00fcdahaleyi sona erdirme kararl\u0131l\u0131\u011f\u0131 \u00e7er\u00e7evesinde siyasi s\u00fcrecin yeniden canland\u0131r\u0131lmas\u0131n\u0131n \u00f6nemini kaydetti.<\/p>\n","protected":false},"excerpt":{"rendered":"<p>KAH\u0130RE &#8211; M\u0131s\u0131r D\u0131\u015fi\u015fleri Bakan\u0131 Sameh Shoukry, ge\u00e7en ay\u0131n 6&#8217;s\u0131nda maruz kald\u0131\u011f\u0131 y\u0131k\u0131c\u0131 depremin sonu\u00e7lar\u0131yla y\u00fczle\u015fmek i\u00e7in t\u00fcm taraflar\u0131 Suriye&#8217;ye yard\u0131m etmeye \u00e7a\u011f\u0131rd\u0131. M\u0131s\u0131r D\u0131\u015fi\u015fleri Bakanl\u0131\u011f\u0131 s\u00f6zc\u00fcs\u00fc Ahmed Ebu Zeid bug\u00fcn yapt\u0131\u011f\u0131 a\u00e7\u0131klamada, \u2018\u015e\u00fckri, Kahire&#8217;de yapt\u0131klar\u0131 g\u00f6r\u00fc\u015fmede Birle\u015fmi\u015f Milletler Suriye \u00d6zel Temsilcisi Geir Pedersen&#8217;e M\u0131s\u0131r&#8217;\u0131n depremin sonu\u00e7lar\u0131yla y\u00fczle\u015fmek i\u00e7in Suriye&#8217;ye sa\u011flad\u0131\u011f\u0131 destek ve bu krizde &hellip;<\/p>\n","protected":false},"author":41,"featured_media":0,"comment_status":"closed","ping_status":"closed","sticky":false,"template":"","format":"standard","meta":{"footnotes":""},"categories":[1],"tags":[],"class_list":["post-276623","post","type-post","status-publish","format-standard","","category-news-not-sorted"],"_links":{"self":[{"href":"https:\/\/archive.sana.sy\/tr\/index.php?rest_route=\/wp\/v2\/posts\/276623","targetHints":{"allow":["GET"]}}],"collection":[{"href":"https:\/\/archive.sana.sy\/tr\/index.php?rest_route=\/wp\/v2\/posts"}],"about":[{"href":"https:\/\/archive.sana.sy\/tr\/index.php?rest_route=\/wp\/v2\/types\/post"}],"author":[{"embeddable":true,"href":"https:\/\/archive.sana.sy\/tr\/index.php?rest_route=\/wp\/v2\/users\/41"}],"replies":[{"embeddable":true,"href":"https:\/\/archive.sana.sy\/tr\/index.php?rest_route=%2Fwp%2Fv2%2Fcomments&post=276623"}],"version-history":[{"count":0,"href":"https:\/\/archive.sana.sy\/tr\/index.php?rest_route=\/wp\/v2\/posts\/276623\/revisions"}],"wp:attachment":[{"href":"https:\/\/archive.sana.sy\/tr\/index.php?rest_route=%2Fwp%2Fv2%2Fmedia&parent=276623"}],"wp:term":[{"taxonomy":"category","embeddable":true,"href":"https:\/\/archive.sana.sy\/tr\/index.php?rest_route=%2Fwp%2Fv2%2Fcategories&post=276623"},{"taxonomy":"post_tag","embeddable":true,"href":"https:\/\/archive.sana.sy\/tr\/index.php?rest_route=%2Fwp%2Fv2%2Ftags&post=276623"}],"curies":[{"name":"wp","href":"https:\/\/api.w.org\/{rel}","templated":true}]}}