{"id":276672,"date":"2023-03-14T12:00:53","date_gmt":"2023-03-14T09:00:53","guid":{"rendered":"https:\/\/sana.sy\/tr\/?p=276672"},"modified":"2023-03-15T08:11:37","modified_gmt":"2023-03-15T05:11:37","slug":"rusyanin-kamcatka-kiyilarinda-deprem","status":"publish","type":"post","link":"https:\/\/archive.sana.sy\/tr\/?p=276672","title":{"rendered":"Rusya&#8217;n\u0131n Kam\u00e7atka K\u0131y\u0131lar\u0131nda Deprem"},"content":{"rendered":"<p><strong>MOSKOVA<\/strong> &#8211; Rusya&#8217;n\u0131n Kam\u00e7atka b\u00f6lgesinin do\u011fu k\u0131y\u0131s\u0131 yak\u0131nlar\u0131nda bug\u00fcn Richter \u00f6l\u00e7e\u011fine g\u00f6re 5.1 b\u00fcy\u00fckl\u00fc\u011f\u00fcnde bir deprem meydana geldi ve herhangi bir hasara yol a\u00e7mad\u0131.<\/p>\n<p>Novosti ajans\u0131, Rusya Bilimler Akademisi&#8217;nin Kam\u00e7atka b\u00f6lgesindeki Jeofizik \u0130lgi \u015eubesi&#8217;nin, Petropavlovsk-Kamchatsky \u015fehrinin 194 kilometre g\u00fcneydo\u011fusundaki Pasifik Okyanusu&#8217;nda deprem kaydedildi ve sars\u0131nt\u0131n\u0131n derinli\u011fi 15 kilometre oldu.\u2019\u2019 ifadelerini aktard\u0131.<\/p>\n<p>&nbsp;<\/p>\n<p>R.M.<\/p>\n<p><a href=\"https:\/\/t.me\/SuriyeArapHaberAjansI\">Telegram Kanal\u0131m\u0131z\u00a0<\/a><\/p>\n<p><a href=\"https:\/\/www.facebook.com\/SANAHaberAjansi\/\">Facebook Sayfam\u0131z<\/a><\/p>\n","protected":false},"excerpt":{"rendered":"<p>MOSKOVA &#8211; Rusya&#8217;n\u0131n Kam\u00e7atka b\u00f6lgesinin do\u011fu k\u0131y\u0131s\u0131 yak\u0131nlar\u0131nda bug\u00fcn Richter \u00f6l\u00e7e\u011fine g\u00f6re 5.1 b\u00fcy\u00fckl\u00fc\u011f\u00fcnde bir deprem meydana geldi ve herhangi bir hasara yol a\u00e7mad\u0131. Novosti ajans\u0131, Rusya Bilimler Akademisi&#8217;nin Kam\u00e7atka b\u00f6lgesindeki Jeofizik \u0130lgi \u015eubesi&#8217;nin, Petropavlovsk-Kamchatsky \u015fehrinin 194 kilometre g\u00fcneydo\u011fusundaki Pasifik Okyanusu&#8217;nda deprem kaydedildi ve sars\u0131nt\u0131n\u0131n derinli\u011fi 15 kilometre oldu.\u2019\u2019 ifadelerini aktard\u0131. &nbsp; R.M. Telegram Kanal\u0131m\u0131z\u00a0 &hellip;<\/p>\n","protected":false},"author":41,"featured_media":276585,"comment_status":"closed","ping_status":"closed","sticky":false,"template":"","format":"standard","meta":{"footnotes":""},"categories":[458,459,17988],"tags":[],"class_list":["post-276672","post","type-post","status-publish","format-standard","has-post-thumbnail","","category-dunya1","category-haberler-arap-uluslararasi-politika","category-son-haberler"],"_links":{"self":[{"href":"https:\/\/archive.sana.sy\/tr\/index.php?rest_route=\/wp\/v2\/posts\/276672","targetHints":{"allow":["GET"]}}],"collection":[{"href":"https:\/\/archive.sana.sy\/tr\/index.php?rest_route=\/wp\/v2\/posts"}],"about":[{"href":"https:\/\/archive.sana.sy\/tr\/index.php?rest_route=\/wp\/v2\/types\/post"}],"author":[{"embeddable":true,"href":"https:\/\/archive.sana.sy\/tr\/index.php?rest_route=\/wp\/v2\/users\/41"}],"replies":[{"embeddable":true,"href":"https:\/\/archive.sana.sy\/tr\/index.php?rest_route=%2Fwp%2Fv2%2Fcomments&post=276672"}],"version-history":[{"count":0,"href":"https:\/\/archive.sana.sy\/tr\/index.php?rest_route=\/wp\/v2\/posts\/276672\/revisions"}],"wp:featuredmedia":[{"embeddable":true,"href":"https:\/\/archive.sana.sy\/tr\/index.php?rest_route=\/wp\/v2\/media\/276585"}],"wp:attachment":[{"href":"https:\/\/archive.sana.sy\/tr\/index.php?rest_route=%2Fwp%2Fv2%2Fmedia&parent=276672"}],"wp:term":[{"taxonomy":"category","embeddable":true,"href":"https:\/\/archive.sana.sy\/tr\/index.php?rest_route=%2Fwp%2Fv2%2Fcategories&post=276672"},{"taxonomy":"post_tag","embeddable":true,"href":"https:\/\/archive.sana.sy\/tr\/index.php?rest_route=%2Fwp%2Fv2%2Ftags&post=276672"}],"curies":[{"name":"wp","href":"https:\/\/api.w.org\/{rel}","templated":true}]}}