{"id":276846,"date":"2023-03-16T11:26:19","date_gmt":"2023-03-16T08:26:19","guid":{"rendered":"https:\/\/sana.sy\/tr\/?p=276846"},"modified":"2023-03-17T11:59:56","modified_gmt":"2023-03-17T08:59:56","slug":"uluslararasi-irak-masa-tenisi-sampiyonasinda-suriyeye-iki-bronz-madalya","status":"publish","type":"post","link":"https:\/\/archive.sana.sy\/tr\/?p=276846","title":{"rendered":"Uluslararas\u0131 Irak Masa Tenisi \u015eampiyonas\u0131n\u2019da Suriye\u2019ye \u0130ki Bronz Madalya"},"content":{"rendered":"<p><strong>BA\u011eDAT<\/strong> \u2013 Suriye Masa Tenisi Tak\u0131m\u0131, S\u00fcleymaniye kentinde d\u00fczenlenen Uluslararas\u0131 Irak \u015fampiyonas\u0131nda iki yeni bronz madalya daha kazand\u0131.<\/p>\n<p>Tek bayanlar m\u00fcsabakas\u0131nda 17 ya\u015f alt\u0131 kategorisinde Hind Zaza ve 11 ya\u015f alt\u0131 kategorisinde Bana Arnuk iki bronz madalya kazand\u0131.<\/p>\n<p>D\u00fcn de 13 ya\u015f alt\u0131 m\u00fcsabakalar\u0131nda tak\u0131m\u0131m\u0131z\u0131n ilk bronz madalyas\u0131n\u0131 \u0130baa Hallak elde etmi\u015fti.<\/p>\n<p><a href=\"https:\/\/t.me\/SuriyeArapHaberAjansI\">Telegram Kanal\u0131m\u0131z\u00a0<\/a><\/p>\n<p><a href=\"https:\/\/www.facebook.com\/SANAHaberAjansi\/\">Facebook Sayfam\u0131z<\/a><\/p>\n","protected":false},"excerpt":{"rendered":"<p>BA\u011eDAT \u2013 Suriye Masa Tenisi Tak\u0131m\u0131, S\u00fcleymaniye kentinde d\u00fczenlenen Uluslararas\u0131 Irak \u015fampiyonas\u0131nda iki yeni bronz madalya daha kazand\u0131. Tek bayanlar m\u00fcsabakas\u0131nda 17 ya\u015f alt\u0131 kategorisinde Hind Zaza ve 11 ya\u015f alt\u0131 kategorisinde Bana Arnuk iki bronz madalya kazand\u0131. D\u00fcn de 13 ya\u015f alt\u0131 m\u00fcsabakalar\u0131nda tak\u0131m\u0131m\u0131z\u0131n ilk bronz madalyas\u0131n\u0131 \u0130baa Hallak elde etmi\u015fti. Telegram Kanal\u0131m\u0131z\u00a0 Facebook &hellip;<\/p>\n","protected":false},"author":39,"featured_media":276847,"comment_status":"closed","ping_status":"closed","sticky":false,"template":"","format":"standard","meta":{"footnotes":""},"categories":[498,17988,496],"tags":[],"class_list":["post-276846","post","type-post","status-publish","format-standard","has-post-thumbnail","","category-dunya-turnuvalari","category-son-haberler","category-spor"],"_links":{"self":[{"href":"https:\/\/archive.sana.sy\/tr\/index.php?rest_route=\/wp\/v2\/posts\/276846","targetHints":{"allow":["GET"]}}],"collection":[{"href":"https:\/\/archive.sana.sy\/tr\/index.php?rest_route=\/wp\/v2\/posts"}],"about":[{"href":"https:\/\/archive.sana.sy\/tr\/index.php?rest_route=\/wp\/v2\/types\/post"}],"author":[{"embeddable":true,"href":"https:\/\/archive.sana.sy\/tr\/index.php?rest_route=\/wp\/v2\/users\/39"}],"replies":[{"embeddable":true,"href":"https:\/\/archive.sana.sy\/tr\/index.php?rest_route=%2Fwp%2Fv2%2Fcomments&post=276846"}],"version-history":[{"count":0,"href":"https:\/\/archive.sana.sy\/tr\/index.php?rest_route=\/wp\/v2\/posts\/276846\/revisions"}],"wp:featuredmedia":[{"embeddable":true,"href":"https:\/\/archive.sana.sy\/tr\/index.php?rest_route=\/wp\/v2\/media\/276847"}],"wp:attachment":[{"href":"https:\/\/archive.sana.sy\/tr\/index.php?rest_route=%2Fwp%2Fv2%2Fmedia&parent=276846"}],"wp:term":[{"taxonomy":"category","embeddable":true,"href":"https:\/\/archive.sana.sy\/tr\/index.php?rest_route=%2Fwp%2Fv2%2Fcategories&post=276846"},{"taxonomy":"post_tag","embeddable":true,"href":"https:\/\/archive.sana.sy\/tr\/index.php?rest_route=%2Fwp%2Fv2%2Ftags&post=276846"}],"curies":[{"name":"wp","href":"https:\/\/api.w.org\/{rel}","templated":true}]}}