{"id":276849,"date":"2023-03-16T10:00:04","date_gmt":"2023-03-16T07:00:04","guid":{"rendered":"https:\/\/sana.sy\/tr\/?p=276849"},"modified":"2023-03-17T11:59:52","modified_gmt":"2023-03-17T08:59:52","slug":"israil-isgal-guclerinin-bati-yakada-duzenledigi-baskinlarda-iki-filistinli-yaralandi","status":"publish","type":"post","link":"https:\/\/archive.sana.sy\/tr\/?p=276849","title":{"rendered":"\u0130srail \u0130\u015fgal G\u00fc\u00e7lerinin Bat\u0131 Yaka&#8217;da D\u00fczenledi\u011fi Bask\u0131nlarda \u0130ki Filistinli Yaraland\u0131"},"content":{"rendered":"<p><strong>\u0130\u015eGAL ED\u0130LEN KUD\u00dcS<\/strong> \u2013 \u0130srail i\u015fgal g\u00fc\u00e7lerinin Bat\u0131 Yaka&#8217;daki farkl\u0131 b\u00f6lgelerine d\u00fczenledi\u011fi bask\u0131nlarda onlarca Filistinli yaraland\u0131 ve di\u011ferleri tutukland\u0131.<\/p>\n<p>WAFA Haber Ajans\u0131, y\u00fczlerce yerle\u015fimcinin i\u015fgal g\u00fc\u00e7lerinin korumas\u0131 alt\u0131nda Nablus&#8217;un do\u011fusundaki \u201cYusef&#8217;in Mezar\u0131\u201d b\u00f6lgesini bast\u0131\u011f\u0131n\u0131, Filistinlilere kur\u015fun ve zehirli gaz bombalar\u0131yla sald\u0131rd\u0131\u011f\u0131n\u0131 belirtirken, 6 Filistinliyi yaralad\u0131\u011f\u0131n\u0131 ve 50&#8217;den fazla bo\u011fulma vakas\u0131n\u0131n oldu\u011funa i\u015faret etti.<\/p>\n<p>Ajans ayr\u0131ca, \u0130\u015fgal g\u00fc\u00e7lerinin Cenin, Kalkila\u2019daki birka\u00e7 mahallesi ve Beyt Lahm&#8217;daki Beyt Cala beldesine bask\u0131n d\u00fczenledi\u011fini ve 8 Filistinliyi tutuklad\u0131\u011f\u0131n\u0131.<\/p>\n<p><a href=\"https:\/\/t.me\/SuriyeArapHaberAjansI\">Telegram Kanal\u0131m\u0131z\u00a0<\/a><\/p>\n<p><a href=\"https:\/\/www.facebook.com\/SANAHaberAjansi\/\">Facebook Sayfam\u0131z<\/a><\/p>\n<p>&nbsp;<\/p>\n","protected":false},"excerpt":{"rendered":"<p>\u0130\u015eGAL ED\u0130LEN KUD\u00dcS \u2013 \u0130srail i\u015fgal g\u00fc\u00e7lerinin Bat\u0131 Yaka&#8217;daki farkl\u0131 b\u00f6lgelerine d\u00fczenledi\u011fi bask\u0131nlarda onlarca Filistinli yaraland\u0131 ve di\u011ferleri tutukland\u0131. WAFA Haber Ajans\u0131, y\u00fczlerce yerle\u015fimcinin i\u015fgal g\u00fc\u00e7lerinin korumas\u0131 alt\u0131nda Nablus&#8217;un do\u011fusundaki \u201cYusef&#8217;in Mezar\u0131\u201d b\u00f6lgesini bast\u0131\u011f\u0131n\u0131, Filistinlilere kur\u015fun ve zehirli gaz bombalar\u0131yla sald\u0131rd\u0131\u011f\u0131n\u0131 belirtirken, 6 Filistinliyi yaralad\u0131\u011f\u0131n\u0131 ve 50&#8217;den fazla bo\u011fulma vakas\u0131n\u0131n oldu\u011funa i\u015faret etti. Ajans ayr\u0131ca, &hellip;<\/p>\n","protected":false},"author":39,"featured_media":276850,"comment_status":"closed","ping_status":"closed","sticky":false,"template":"","format":"standard","meta":{"footnotes":""},"categories":[458,459,17988],"tags":[],"class_list":["post-276849","post","type-post","status-publish","format-standard","has-post-thumbnail","","category-dunya1","category-haberler-arap-uluslararasi-politika","category-son-haberler"],"_links":{"self":[{"href":"https:\/\/archive.sana.sy\/tr\/index.php?rest_route=\/wp\/v2\/posts\/276849","targetHints":{"allow":["GET"]}}],"collection":[{"href":"https:\/\/archive.sana.sy\/tr\/index.php?rest_route=\/wp\/v2\/posts"}],"about":[{"href":"https:\/\/archive.sana.sy\/tr\/index.php?rest_route=\/wp\/v2\/types\/post"}],"author":[{"embeddable":true,"href":"https:\/\/archive.sana.sy\/tr\/index.php?rest_route=\/wp\/v2\/users\/39"}],"replies":[{"embeddable":true,"href":"https:\/\/archive.sana.sy\/tr\/index.php?rest_route=%2Fwp%2Fv2%2Fcomments&post=276849"}],"version-history":[{"count":0,"href":"https:\/\/archive.sana.sy\/tr\/index.php?rest_route=\/wp\/v2\/posts\/276849\/revisions"}],"wp:featuredmedia":[{"embeddable":true,"href":"https:\/\/archive.sana.sy\/tr\/index.php?rest_route=\/wp\/v2\/media\/276850"}],"wp:attachment":[{"href":"https:\/\/archive.sana.sy\/tr\/index.php?rest_route=%2Fwp%2Fv2%2Fmedia&parent=276849"}],"wp:term":[{"taxonomy":"category","embeddable":true,"href":"https:\/\/archive.sana.sy\/tr\/index.php?rest_route=%2Fwp%2Fv2%2Fcategories&post=276849"},{"taxonomy":"post_tag","embeddable":true,"href":"https:\/\/archive.sana.sy\/tr\/index.php?rest_route=%2Fwp%2Fv2%2Ftags&post=276849"}],"curies":[{"name":"wp","href":"https:\/\/api.w.org\/{rel}","templated":true}]}}