{"id":276861,"date":"2023-03-16T19:09:21","date_gmt":"2023-03-16T16:09:21","guid":{"rendered":"http:\/\/107.6.182.27\/tr\/?p=276861"},"modified":"2023-03-19T11:37:08","modified_gmt":"2023-03-19T08:37:08","slug":"cumhurbaskani-esad-rtye-amerika-dunyanin-en-buyuk-haydut-ulkesi","status":"publish","type":"post","link":"https:\/\/archive.sana.sy\/tr\/?p=276861","title":{"rendered":"Cumhurba\u015fkan\u0131 Esad RT&#8217;ye: Amerika D\u00fcnyan\u0131n En B\u00fcy\u00fck Haydut \u00dclkesi &#8211; Video"},"content":{"rendered":"<p style=\"text-align: justify;\"><span style=\"color: #800000;\">MOSKOVA<\/span> &#8211; Cumhurba\u015fkan\u0131 Be\u015f\u015far Esad, Suriye&#8217;ye y\u00f6nelik bir Arap hareketinin ba\u015flad\u0131\u011f\u0131n\u0131 belirterek, Arap Birli\u011fi&#8217;ne geri d\u00f6nmenin kendi ba\u015f\u0131na bir hedef olmad\u0131\u011f\u0131n\u0131, daha ziyade amac\u0131n ortak Arap eylemi oldu\u011funu ve Suudi-\u0130ran anla\u015fmas\u0131n\u0131n t\u00fcm b\u00f6lge \u00fclkelerine olumlu yans\u0131yaca\u011f\u0131na i\u015faret etti.<\/p>\n<p style=\"text-align: justify;\">Bu, Ba\u015fkan Esad&#8217;\u0131n Rus RT kanal\u0131na verdi\u011fi bir r\u00f6portaj s\u0131ras\u0131nda geldi. R\u00f6portajda, Bat\u0131&#8217;n\u0131n Suriye ve d\u00fcnya ile izledi\u011fi ikiy\u00fczl\u00fcl\u00fck ve yalanlara dayal\u0131 politikay\u0131 ele ald\u0131 ve Amerika&#8217;n\u0131n b\u00f6lgedeki en b\u00fcy\u00fck haydut \u00fclke oldu\u011funu, genelkurmay ba\u015fkan\u0131n\u0131n kuzeydo\u011fu Suriye&#8217;ye yapt\u0131\u011f\u0131 ziyaretin uluslararas\u0131 hukukun ihlali oldu\u011funu vurgulad\u0131.<\/p>\n<p style=\"text-align: justify;\"><span style=\"color: #0000ff;\">R\u00f6portaj\u0131n Tam Metni:<\/span><\/p>\n<p style=\"text-align: justify;\"><span style=\"color: #0000ff;\">Soru: Say\u0131n Cumhurba\u015fkan\u0131, resmi ve aleni ziyaretiniz, h\u0131zlanan b\u00f6lgesel ve uluslararas\u0131 de\u011fi\u015fimler \u0131\u015f\u0131\u011f\u0131nda geldi.. \u015eam a\u00e7\u0131s\u0131ndan ne de\u011fi\u015fti?.. Suriye bug\u00fcn yeni bir a\u015famaya m\u0131 giriyor? Rusya Devlet Ba\u015fkan\u0131 Vladimir Putin ile 15 Mart&#8217;ta g\u00f6r\u00fc\u015fmenizin herhangi bir sembol\u00fc var m\u0131?<\/span><\/p>\n<p style=\"text-align: justify;\">Cumhurba\u015fkan\u0131 Esad: Bug\u00fcn\u00fcn sembol\u00fc, hay\u0131r&#8230; Ziyaretin \u00f6nemi var evet.. Ama ne de\u011fi\u015fti.. \u015eam d\u00fcnyan\u0131n bir par\u00e7as\u0131, etkiler ve etkilenir.. Soru bunun i\u00e7in neyin de\u011fi\u015fmedi\u011fi. Son birka\u00e7 y\u0131ld\u0131r Corona t\u00fcm ya\u015fam tarzlar\u0131n\u0131 ve t\u00fcm politikalar\u0131 ekonomi, \u00e7\u0131karlar ve hizalamalar\u0131 de\u011fi\u015ftirmeye ba\u015flad\u0131.. Ukrayna&#8217;daki sava\u015f geldi daha da fazla de\u011fi\u015fiklikler ya\u015fand\u0131. Ger\u00e7ek \u015fu ki, bug\u00fcn daha de\u011fi\u015fen bir d\u00fcnyada ya\u015f\u0131yoruz ve bu ziyaret, her g\u00fcn i\u00e7inde bulundu\u011fumuz veya etkilendi\u011fimiz bu yeni d\u00fcnyaya kar\u015f\u0131 Rusya ve Suriye aras\u0131nda yeni ortak alg\u0131lar\u0131 yeniden tesis etmesi a\u00e7\u0131s\u0131ndan \u00f6nemlidir.<\/p>\n<p style=\"text-align: justify;\"><span style=\"color: #0000ff;\">Soru: Suriye, deprem sonras\u0131ndaki yans\u0131malar\u0131 siyasi ve ekonomik olarak ya\u015f\u0131yor. D\u00fcn Kremlin&#8217;de Ba\u015fkan Putin ile hangi dosyalar\u0131 g\u00f6r\u00fc\u015ft\u00fcn\u00fcz?<\/span><\/p>\n<p style=\"text-align: justify;\">Cumhurba\u015fkan\u0131 Esad: Siyasi a\u00e7\u0131dan olaylar sizi beklemiyor, diyalogda, alg\u0131larda, sonra da y\u00fcr\u00fctme planlar\u0131nda ge\u00e7 kal\u0131rsak bu olaylar bizi pas ge\u00e7er, cephede \u00e7ok \u015fey kaybederiz. Bizim i\u00e7in veya Rusya i\u00e7in ulusal \u00e7\u0131karlar d\u00fczeyi. Ekonomik a\u00e7\u0131dan bak\u0131ld\u0131\u011f\u0131nda, sava\u015f ve ku\u015fatma ve onun da \u00f6tesinde bir deprem s\u00f6z konusu oldu\u011funda, ekonomik \u00e7al\u0131\u015fma daha acil bir ihtiya\u00e7 haline geliyor. Afet zamanlar\u0131nda ekonomi hakk\u0131nda konu\u015fmak, di\u011fer t\u00fcm konu\u015fmalardan daha \u00f6nemli olabilir. Bu nedenle, bu ziyaret s\u0131ras\u0131nda ortaya \u00e7\u0131kan ekonomik dosyalar en geni\u015f, en kapsaml\u0131 ve en spesifik olanlard\u0131, yani \u00f6zel olarak projelerden bahsetmek. Bu nedenle ziyaretin zamanlamas\u0131, her ne kadar depremle planlanm\u0131\u015f olsa da, belki de tesad\u00fcfen, bu ziyaretin zamanlamas\u0131, gerek T\u00fcrk dosyas\u0131nda gerekse ba\u015fkalar\u0131nda yer alan siyasi geli\u015fmeler veya ekonomik i\u015fbirli\u011fi ile ilgili ekonomik i\u015fbirli\u011fi meselesi nedeniyle bence. Suriye&#8217;deki durum \u00e7ok uygun bir zamanda geliyor.<\/p>\n<p style=\"text-align: justify;\"><span style=\"color: #0000ff;\">Soru: Yapt\u0131r\u0131mlardan bahsediyorsunuz ama Suriye&#8217;ye y\u00f6nelik baz\u0131 yapt\u0131r\u0131mlar depremin yans\u0131malar\u0131 nedeniyle kald\u0131r\u0131ld\u0131. Bug\u00fcn, hasar g\u00f6ren Suriye \u015fehirlerinin rehabilite edilmesi i\u00e7in ne gerekiyor? 12 y\u0131ll\u0131k sava\u015f\u0131n ve bug\u00fcn\u00fcn depreminin belirli bir say\u0131s\u0131 var m\u0131?.. Say\u0131 \u015fimdi hayali gibi g\u00f6r\u00fcn\u00fcyor?<\/span><\/p>\n<p style=\"text-align: justify;\">Cumhurba\u015fkan\u0131 Esad: Sava\u015f i\u00e7in tahminler 400 milyar dolardan fazlayd\u0131 ama bu yakla\u015f\u0131k bir rakam. Bundan da fazlas\u0131 olabilir, devletin kontrol\u00fc d\u0131\u015f\u0131nda kalan alanlar oldu\u011fu d\u00fc\u015f\u00fcn\u00fcl\u00fcrse deprem i\u00e7in varsay\u0131lan rakam 50 milyar dolar. Bu da varsay\u0131msal bir rakamd\u0131r \u00e7\u00fcnk\u00fc ister kamu ister \u00f6zel binalar veya altyap\u0131 olsun, hasar\u0131n incelenmesi hen\u00fcz tamamlanmam\u0131\u015ft\u0131r ve bunun i\u00e7in zamana ihtiya\u00e7 vard\u0131r. Ancak ister sava\u015fta olsun, ister depremde hasara, bina, tesis ve altyap\u0131y\u0131 etkileyen sadece fiziki hasar oldu\u011fu, bilakis genel olarak ekonominin zarar\u0131 oldu\u011fu gerek\u00e7esiyle bakmak caiz de\u011fildir. Ekonomik a\u00e7\u0131dan deprem kay\u0131plar\u0131, fiziksel a\u00e7\u0131dan zarardan \u00e7ok daha fazla olabilir. \u015eimdi yap\u0131lmas\u0131 gereken, sorunuzun ba\u015f\u0131na, yani kald\u0131r\u0131lan cezalar oldu\u011fu konusuna d\u00f6nmektir. Hay\u0131r.. Ger\u00e7ekten, hay\u0131r.. Bir miktar insani yard\u0131ma izin verildi, ancak ekonominin, herhangi bir \u00fclkede sanayi, ticaret ve di\u011fer \u015feyler dahil olmak \u00fczere kamusal ya\u015fam i\u00e7in gerekli olan \u00e7e\u015fitli birincil ve birincil olmayan malzemelere kolay eri\u015fime ihtiyac\u0131 var. Bu konu de\u011fi\u015fmedi. Suriye, yard\u0131m ne olursa olsun, sava\u015ftan sonra ve depremden sonra kendini rehabilite edebilir \u00e7\u00fcnk\u00fc yeniden yap\u0131lanma i\u00e7in t\u00fcm bile\u015fenlere sahip ama sorun \u015fu ki bu s\u00fcre\u00e7 art\u0131k daha pahal\u0131 ve daha zor ve yine de yap\u0131l\u0131yor. Ancak \u00f6rne\u011fin elektrik gibi belirli sekt\u00f6rlerde. \u00d6yleyse, Suriye&#8217;nin ihtiyac\u0131 olan nedir? Yard\u0131mdan \u00f6nce sadece ablukay\u0131 kald\u0131rmakt\u0131r.<\/p>\n<p style=\"text-align: justify;\"><span style=\"color: #0000ff;\">Soru: Bat\u0131, ister devletin kontrol\u00fcndeki ister devletin kontrol\u00fc d\u0131\u015f\u0131ndaki b\u00f6lgelerde olsun, Suriye halk\u0131na yard\u0131m etmek i\u00e7in yapt\u0131r\u0131mlar\u0131n kald\u0131r\u0131ld\u0131\u011f\u0131n\u0131 medyaya s\u00f6ylerken yalan s\u00f6yl\u00fcyor. Bu siyasi ikiy\u00fczl\u00fcl\u00fck m\u00fc?<\/span><\/p>\n<p style=\"text-align: justify;\">Cumhurba\u015fkan\u0131 Esad: Avrupa politikas\u0131 her \u015feyde ve t\u00fcm dosyalarda yalan \u00fczerine kuruludur. Suriye dosyas\u0131 yalan dosyalardan biridir, yani tabii ki yalan s\u00f6yl\u00fcyor. Bug\u00fcn yalan s\u00f6ylemezseniz Bat\u0131l\u0131 olamazs\u0131n\u0131z. \u015eimdi ger\u00e7ek bu ve abartm\u0131yorum. Y\u0131llar boyunca bir\u00e7ok dosyada onlarla ilgilendik. Suriye ile Bat\u0131 aras\u0131ndaki ili\u015fkiler iyiyken bile, ili\u015fki ikiy\u00fczl\u00fcl\u00fckt\u00fc ve Bat\u0131&#8217;n\u0131n yalan s\u00f6ylemesine kar\u015f\u0131yd\u0131. Suriye, di\u011fer \u00fclkelerde oldu\u011fu gibi. Ukrayna meselesinde oldu\u011fu gibi, her konuda oldu\u011fu gibi.. Tabii ki yalan s\u00f6yl\u00fcyorlar. Suriye&#8217;deki deprem nedeniyle insanl\u0131k d\u0131\u015f\u0131 bir tav\u0131r sergiledikleri s\u00f6ylenmesin diye sahte insan y\u00fcz\u00fcn\u00fc g\u00f6stermek istiyorlar ama bir \u015fey de ortaya koymad\u0131lar.<\/p>\n<p style=\"text-align: justify;\"><span style=\"color: #0000ff;\">Soru: Deprem T\u00fcrk \u015fehirlerini de vurdu ve bug\u00fcn \u015eam ile Ankara aras\u0131ndaki ili\u015fkilerin normalle\u015ftirilmesi i\u00e7in \u00e7aba sarf edildi\u011fi art\u0131k bir s\u0131r de\u011fil. Ortak felaket, yak\u0131nla\u015fma s\u00fcrecini h\u0131zland\u0131rabilir ve anla\u015fmazl\u0131\u011f\u0131n sayfas\u0131n\u0131 \u00e7evirebilir mi? Baz\u0131 al\u0131\u015ft\u0131rmalarla ilgili belki de g\u00f6zlerini kapatmak.. Zaman\u0131 gelmedi mi?<\/span><\/p>\n<p style=\"text-align: justify;\"><img loading=\"lazy\" decoding=\"async\" class=\"size-medium wp-image-276890 alignright\" src=\"http:\/\/sana.sy\/tr\/wp-content\/uploads\/2023\/03\/11-11-scaled-1-300x200.jpg\" alt=\"\" width=\"300\" height=\"200\" srcset=\"https:\/\/archive.sana.sy\/tr\/wp-content\/uploads\/2023\/03\/11-11-scaled-1-300x200.jpg 300w, https:\/\/archive.sana.sy\/tr\/wp-content\/uploads\/2023\/03\/11-11-scaled-1-1024x683.jpg 1024w, https:\/\/archive.sana.sy\/tr\/wp-content\/uploads\/2023\/03\/11-11-scaled-1-150x100.jpg 150w, https:\/\/archive.sana.sy\/tr\/wp-content\/uploads\/2023\/03\/11-11-scaled-1-768x512.jpg 768w, https:\/\/archive.sana.sy\/tr\/wp-content\/uploads\/2023\/03\/11-11-scaled-1-1536x1024.jpg 1536w, https:\/\/archive.sana.sy\/tr\/wp-content\/uploads\/2023\/03\/11-11-scaled-1-2048x1366.jpg 2048w\" sizes=\"auto, (max-width: 300px) 100vw, 300px\" \/>Cumhurba\u015fkan\u0131 Esad: Deprem T\u00fcrk vatanda\u015f\u0131n\u0131 etkiledi.. insanlar\u0131 etkiledi.. Genel olarak iki halk aras\u0131nda temelde bir fark oldu\u011funu d\u00fc\u015f\u00fcnm\u00fcyorum, sorun T\u00fcrkiye&#8217;deki politikac\u0131lar\u0131n sorunu, \u00f6zel h\u0131rslar\u0131 var. Bunu Suriye&#8217;deki sava\u015f yoluyla ba\u015farmak istiyorlar. Sava\u015f\u0131n ba\u015f\u0131ndaki durum buydu, bug\u00fcn de durum bu. Dolay\u0131s\u0131yla sorunuzun cevab\u0131, \u015fu anda T\u00fcrkiye&#8217;nin politikalar\u0131n\u0131 de\u011fi\u015ftiren ve yak\u0131nla\u015fmaya iten tek depremin T\u00fcrkiye&#8217;deki cumhurba\u015fkanl\u0131\u011f\u0131 se\u00e7imleri oldu\u011fudur. Ba\u015fka bir \u015fey yok.<\/p>\n<p style=\"text-align: justify;\"><span style=\"color: #0000ff;\">Soru: Bu ba\u011flamda ge\u00e7ti\u011fimiz g\u00fcnlerde ba\u015fkan Erdo\u011fan ile Rusya sponsorlu\u011funda m\u0131 yoksa Astana D\u00f6rtl\u00fcs\u00fc \u00e7er\u00e7evesinde Rusya-\u0130ran m\u0131 oldu\u011fu s\u00f6ylendi. Siyasette bildi\u011finiz gibi kal\u0131c\u0131 dostluklar daimi d\u00fc\u015fmanl\u0131klar da yoktur. T\u00fcrkiye ba\u015fkan\u0131 Recep Tayyip Erdo\u011fan ile g\u00f6r\u00fc\u015fmeye haz\u0131r m\u0131s\u0131n\u0131z?<\/span><\/p>\n<p style=\"text-align: justify;\">Cumhurba\u015fkan\u0131 Esad: B\u00f6yle bir durumda do\u011fal soru \u015fudur: Herhangi bir siyasi toplant\u0131n\u0131n amac\u0131 nedir, hangi d\u00fczeydedir? Belirli sonu\u00e7lara ula\u015fmakt\u0131r, peki nedir bu sonu\u00e7lar.. Bizim i\u00e7in Suriye&#8217;de \u00f6ncelik t\u00fcm yasad\u0131\u015f\u0131 yabanc\u0131 g\u00fc\u00e7lerin geri \u00e7ekilmesidir. Bu, a\u011f\u0131rl\u0131kl\u0131 olarak Amerikan ve T\u00fcrk anlam\u0131na gelir, \u00e7\u00fcnk\u00fc Suriye&#8217;de ba\u015fka yasad\u0131\u015f\u0131 g\u00fc\u00e7 yok. Ter\u00f6r\u00fc desteklemeyi b\u0131rak\u0131n. Bu s\u00f6zde \u201cCebhat Tahrir el \u015eam\u201d ve \u201cEl-Nusra\u201d anlam\u0131na geliyor, isimlerinin bir \u00f6nemi yok. Bile\u015fen birdir ve destek\u00e7i birdir. D\u0131\u015fi\u015fleri bakan yard\u0131mc\u0131lar\u0131 d\u00fczeyinde d\u00f6rtl\u00fc g\u00f6r\u00fc\u015fmeye gelen son T\u00fcrk teklifi, toplant\u0131 i\u00e7in herhangi bir g\u00fcndem bulunmamaktad\u0131r. Herhangi bir taraf\u0131n dayatt\u0131\u011f\u0131 herhangi bir \u015fart\u0131n olmamas\u0131d\u0131r. Herhangi bir beklenti i\u00e7inde olmamak. Toplant\u0131n\u0131n amac\u0131 nedir? Neden gidiyoruz? Foto\u011fraf \u00e7ekmek i\u00e7in mi? Dolay\u0131s\u0131yla onlar Suriye&#8217;nin azami \u015fartlarla gidece\u011fini pazarlamaya \u00e7al\u0131\u015ft\u0131klar\u0131 i\u00e7in \u015fartlar koymad\u0131k. Geri \u00e7ekilme konusunu g\u00fcndeme getirirken, bu de\u011fi\u015fmeyecek sabit bir taraft\u0131r. Bu siyasi de\u011fil, milli bir meseledir. Ama neden, nas\u0131l ya da herhangi bir \u015feyi bilmeden bir toplant\u0131ya girmek, sorun bu, net bir g\u00fcndem olu\u015fturmaya \u00e7al\u0131\u015f\u0131yoruz.<\/p>\n<p style=\"text-align: justify;\"><span style=\"color: #0000ff;\">Soru: Yani yar\u0131n burada Moskova&#8217;da d\u0131\u015fi\u015fleri bakan yard\u0131mc\u0131lar\u0131 d\u00fczeyinde yap\u0131lmas\u0131 planlanan toplant\u0131ya kat\u0131lmayacaks\u0131n\u0131z.. Bu toplant\u0131 olmayacak m\u0131?<\/span><\/p>\n<p style=\"text-align: justify;\">Cumhurba\u015fkan\u0131 Esad: Ya net bir g\u00fcndem olmas\u0131 ya da Suriye&#8217;nin geri \u00e7ekilme maddesini onaylamas\u0131 konusunda \u0131srar ediyoruz. G\u00fcndem yoksa Suriye taraf\u0131n\u0131n tek g\u00fcndemi T\u00fcrkiye&#8217;nin Suriye&#8217;den \u00e7ekilmesi olacakt\u0131r.<\/p>\n<p style=\"text-align: justify;\"><span style=\"color: #0000ff;\">Soru: Say\u0131n Cumhurba\u015fkan\u0131, \u015fartlar veya Suriye vizyonu yerine gelirse, T\u00fcrkiye Cumhurba\u015fkan\u0131 Erdo\u011fan ile g\u00f6r\u00fc\u015fmeniz 14 May\u0131s&#8217;ta yap\u0131lmas\u0131 planlanan T\u00fcrkiye se\u00e7imlerinden \u00f6nce mi yoksa sonra m\u0131 olacak? Ba\u015fkanl\u0131k ya da milletvekilli\u011fi se\u00e7imlerinde Esad &#8211; Erdo\u011fan zirvesinin ya da bu zirvenin yap\u0131lmamas\u0131n\u0131n T\u00fcrkiye se\u00e7imlerinde \u00e7ok \u015fey belirleyece\u011fini s\u00f6yl\u00fcyorlar. Burada zamanlama \u00e7ok \u00f6nemlidir. ba\u015fkan Erdo\u011fan&#8217;a se\u00e7im kart\u0131n\u0131 vermeye haz\u0131r m\u0131s\u0131n\u0131z?<\/span><\/p>\n<p style=\"text-align: justify;\">Cumhurba\u015fkan\u0131 Esad: \u0130ki taraf aras\u0131nda bir g\u00f6r\u00fc\u015fme oldu\u011funda ortak bir \u015feyler olmal\u0131, do\u011fru olan teklifinizde tabii ki tamamen farkl\u0131 \u00f6ncelikler ortaya koyuyorsunuz. Aralar\u0131nda kesi\u015fim yok. T\u00fcrk devletinin ve T\u00fcrk ba\u015fkan\u0131n\u0131n \u00f6nceli\u011fi se\u00e7imlerdir, ba\u015fka bir \u015fey de\u011fildir.<\/p>\n<p style=\"text-align: justify;\">her \u015fey se\u00e7ime hizmet eder. Suriye&#8217;ye gelince, \u00f6ncelik, geri \u00e7ekilmek, egemenli\u011fin geri kazan\u0131lmas\u0131d\u0131r. Her \u015fey egemenli\u011fin yeniden sa\u011flanmas\u0131na ve Suriye topraklar\u0131ndan \u00e7ekilmeye hizmet ediyor. Peki yak\u0131nla\u015fma nerede, yak\u0131nla\u015fma yok, birinci hedef ikinciyi kar\u015f\u0131l\u0131yorsa, Suriye&#8217;den \u00e7ekilme ona ba\u015fkanl\u0131k se\u00e7imlerinde zafer getirecekse, sorunumuz yok. Ancak \u015fimdiye kadar bu yak\u0131nsamay\u0131 g\u00f6rm\u00fcyoruz. Her bir taraf farkl\u0131 \u00f6nceliklere g\u00f6re hareket ediyor ve sorun burada yat\u0131yor.<\/p>\n<p style=\"text-align: justify;\"><span style=\"color: #0000ff;\">Soru: Ancak bu durum uzak de\u011fil.<\/span><\/p>\n<p style=\"text-align: justify;\">Cumhurba\u015fkan\u0131 Esad: Tabii dedi\u011fim gibi \u015fartlar yerine getirilirse, sa\u011flan\u0131rsa veya yerine getirilirse bizim i\u00e7in \u015fartlar geri \u00e7ekilmedir. \u015eartlar\u0131 kar\u015f\u0131l\u0131yorsan\u0131z bu g\u00f6r\u00fc\u015fme i\u00e7in bir tarih yok, bug\u00fcn ya da yar\u0131n olabilir. Yani sorun yok, zamanlama sorun de\u011fil ama bizim i\u00e7in bu \u015fartlar olu\u015fmadan zamanlama olamaz.<\/p>\n<p style=\"text-align: justify;\"><span style=\"color: #0000ff;\">Soru: T\u00fcrkiye&#8217;nin i\u00e7 denklemine nas\u0131l bak\u0131yorsunuz? Muhalefet ya da alt\u0131l\u0131 muhalefet Adalet ve Kalk\u0131nma h\u00fck\u00fcmetinden \u00e7ok \u015eam&#8217;a ve \u015eam&#8217;\u0131n vizyonuna a\u00e7\u0131k g\u00f6r\u00fcn\u00fcyor?<\/span><\/p>\n<p style=\"text-align: justify;\">Cumhurba\u015fkan\u0131 Esad: Sava\u015f\u0131n ba\u015flang\u0131c\u0131ndan bu yana, bu g\u00fc\u00e7lerin baz\u0131lar\u0131yla hemfikir olsak da olmasak da T\u00fcrkiye&#8217;nin i\u00e7 \u00e7at\u0131\u015fmas\u0131n\u0131n bir par\u00e7as\u0131 olmamaya \u00e7al\u0131\u015ft\u0131k. Ulusal davam\u0131z\u0131 ba\u015fka bir \u00fclkenin siyaseti denen \u015feyin bir par\u00e7as\u0131 haline getirmek b\u00fcy\u00fck bir hata olur, \u00e7\u00fcnk\u00fc bu ba\u015fka bir \u00fclke ve biz bu hareketin bir par\u00e7as\u0131 de\u011filiz. \u0130kincisi, \u00e7\u00fcnk\u00fc bu bizim i\u00e7in k\u00fc\u00e7\u00fck de\u011fil, b\u00fcy\u00fck bir mesele olan meseleyi g\u00f6lgede b\u0131rakmak anlam\u0131na geliyor.<\/p>\n<p style=\"text-align: justify;\"><span style=\"color: #0000ff;\">Soru: T\u00fcrk Savunma Bakan\u0131, \u00fclkesinin ordusunun Suriye&#8217;deki varl\u0131\u011f\u0131n\u0131n sizin tarif etti\u011finiz gibi bir i\u015fgal olmad\u0131\u011f\u0131n\u0131 s\u00f6yledi ve Ankara, \u015eam&#8217;\u0131n K\u00fcrt birlikleri konusundaki tutumunu anlamas\u0131n\u0131 bekliyor.. T\u00fcrkiye&#8217;nin ulusal g\u00fcvenli\u011fini ve Suriye Arap Cumhuriyeti&#8217;nin birlik ve egemenli\u011fini tehdit eden &#8220;b\u00f6l\u00fcc\u00fc bir e\u011filim&#8230; milliyet\u00e7i bir e\u011filim&#8221; s\u00f6yleminden T\u00fcrk h\u00fck\u00fcmetinin duydu\u011fu kayg\u0131y\u0131 anl\u0131yor musunuz?<\/span><\/p>\n<p style=\"text-align: justify;\">Cumhurba\u015fkan\u0131 Esad: \u0130\u015fgal de\u011filse nedir, Suriye&#8217;de bar\u0131nd\u0131rma yani, nedir bu mant\u0131k? Hangi yasaya dayand\u0131\u011f\u0131n\u0131 bilmiyorum, belki de Hammurabi yasas\u0131n\u0131n \u00f6n\u00fcndeki yasalara d\u00f6nerse, bu ana kadar bu tan\u0131mda kendisine yard\u0131mc\u0131 olacak hi\u00e7bir \u015fey bulamayacak. O a\u015famaya g\u00f6re Roma yasalar\u0131na ba\u011fl\u0131 olmad\u0131k\u00e7a, devletler s\u0131n\u0131rlar\u0131n\u0131 askeri g\u00fc\u00e7lerine g\u00f6re belirlerken,<\/p>\n<p style=\"text-align: justify;\">o d\u00f6nemde ya\u015fam\u0131\u015f olabilir. Anlay\u0131\u015fa gelince, ger\u00e7e\u011fin yar\u0131s\u0131n\u0131 de\u011fil, tam tersini s\u00f6yl\u00fcyor. O bir asker ve asker cesur olmal\u0131. Ke\u015fke bu ger\u00e7e\u011fi, yani sava\u015ftan \u00f6nce, 2000&#8217;den 1998&#8217;e kadar s\u0131n\u0131rlarda sorun olmad\u0131\u011f\u0131n\u0131 s\u00f6yleme cesareti g\u00f6sterseydi. Adana mutabakat\u0131 vard\u0131, mutabakat vard\u0131, i\u015fbirli\u011fi vard\u0131 ve g\u00fcvenlik dosyas\u0131nda neredeyse tam bir mutabakat vard\u0131. \u015eu anda ya\u015fanan g\u00fcvenlik zaaflar\u0131n\u0131n T\u00fcrk siyasetinden, \u00f6zellikle de Erdo\u011fan siyasetinden kaynakland\u0131\u011f\u0131n\u0131 s\u00f6yleme c\u00fcretini g\u00f6stermeliydi, anlamas\u0131 gereken \u015fu: Bu sonuca g\u00f6t\u00fcren sizlersiniz. G\u00fcvenlik ve m\u00fclteciler olmak \u00fczere iki ana dosyas\u0131 var ve her ikisi de bir T\u00fcrkiye sorunu olarak Erdo\u011fan liderli\u011findeki Adalet ve Kalk\u0131nma Partisi taraf\u0131ndan \u00fcretiliyor.<\/p>\n<p style=\"text-align: justify;\"><span style=\"color: #0000ff;\">Soru: Adana Anla\u015fmas\u0131&#8217;ndan bahsettiniz, bu anla\u015fma Suriye topraklar\u0131ndaki T\u00fcrk varl\u0131\u011f\u0131n\u0131 hakl\u0131 \u00e7\u0131karmaz m\u0131? Bir anla\u015fmaya g\u00f6re ulusal g\u00fcvenliklerini koruduklar\u0131n\u0131 s\u00f6yl\u00fcyorlar, mesafe de\u011fi\u015febilir, 5 kilometre.. \u015eimdi 30 km talep ediyorlar ama anla\u015fma var m\u0131?<\/span><\/p>\n<p style=\"text-align: justify;\">Cumhurba\u015fkan\u0131 Esad: Birincisi, Parlamento taraf\u0131ndan onaylanan bir anla\u015fma de\u011fil, yasal olarak dakik olmak gerekirse, bir g\u00fcvenlik anla\u015fmas\u0131yd\u0131. \u0130kincisi, s\u0131n\u0131rdan 5 kilometre derinlikte ter\u00f6ristlerin takibinden bahsediyor. Yani durum m\u00fckemmel oldu\u011fu i\u00e7in kovu\u015fturma yap\u0131lmad\u0131. \u00c7\u00fcnk\u00fc s\u0131n\u0131rda Suriye devleti vard\u0131. Ordu, polis ve g\u00fcvenlik vard\u0131. G\u00f6revlerini yap\u0131yorlar, dolay\u0131s\u0131yla bu maddenin uygulanmas\u0131na gerek yoktu ve uygulanmad\u0131.<\/p>\n<p style=\"text-align: justify;\">Ve e\u011fer bir \u015feyi varsay\u0131yorlarsa, \u015fimdi ortaya koyduklar\u0131 soruna ula\u015fma sebebi onlard\u0131.<\/p>\n<p><span style=\"color: #0000ff;\">Soru: Suriye K\u00fcrtlerine d\u00f6necek olursak, ABD Genelkurmay Ba\u015fkan\u0131 Mark Milley&#8217;in Suriye&#8217;nin kuzeydo\u011fusundaki ziyaretinin ard\u0131ndan, K\u00fcrt birlikleri sizin i\u00e7in \u201cI\u015e\u0130D, El Nusra ve Tahrir El \u015eam\u201d haline geldi mi? Yani, onlarla ili\u015fkiyi kestiniz mi? Yasad\u0131\u015f\u0131 olarak tan\u0131mlayabilece\u011finiz bu t\u00fcr kar\u015f\u0131lama i\u015fleminden sonra size yabanc\u0131 geliyorlar m\u0131?<\/span><\/p>\n<p>Cumhurba\u015fkan\u0131 Esad: Hay\u0131r, ziyareti bu gruplara ili\u015fkin de\u011ferlendirmemizle ili\u015fkilendiremem. \u0130lk olarak ziyaret, ba\u015fkalar\u0131n\u0131 su\u00e7lad\u0131klar\u0131 gibi Amerika&#8217;n\u0131n d\u00fcnyan\u0131n en b\u00fcy\u00fck haydut \u00fclkesi oldu\u011funu g\u00f6steriyor. Uluslararas\u0131 hukuku en \u00e7ok \u00e7i\u011fneyen \u00fclke onlard\u0131r ve bu ziyaret bir \u00fclkenin egemenli\u011fine, dolay\u0131s\u0131yla uluslararas\u0131 hukuka ayk\u0131r\u0131d\u0131r. O gruplara gelince, K\u00fcrtleri \u201cK\u00fcrt Koruma Birlikleri\u201d olarak adland\u0131rmakla su\u00e7lad\u0131klar\u0131 anla\u015f\u0131lmas\u0131n diye. Araplar\u0131n da i\u00e7inde bulundu\u011fu bir \u201cDSG\u201d var, bu y\u00fczden de\u011ferlendirmede \u00e7\u0131k\u0131\u015f noktam\u0131z\u0131n, yabanc\u0131 bir g\u00fc\u00e7 i\u00e7in \u00e7al\u0131\u015fan herhangi bir parti veya ki\u015finin d\u00fcped\u00fcz hain ve ajan oldu\u011funu s\u00f6yl\u00fcyoruz. Vatansever K\u00fcrtler var, K\u00fcrtlerin b\u00fcy\u00fck bir k\u0131sm\u0131 vatandan yana ama o b\u00f6lgenin Amerika ajan\u0131 olan gruplar\u0131n kontrol\u00fcnde oldu\u011fu ve kimsenin ulusal bir y\u00f6ne hareket etmesine izin vermedi\u011fi ko\u015fullardad\u0131r, bu y\u00fczden \u00e7o\u011funluk milli de\u011fil gibi g\u00f6r\u00fcnse de prensip olarak Amerikal\u0131larla \u00e7al\u0131\u015fan herkesin ajan oldu\u011funu s\u00f6yleyelim. Bu apa\u00e7\u0131k ortadad\u0131r.<\/p>\n<p><span style=\"color: #0000ff;\">Soru: Biraz b\u00f6lgesel konu\u015fmak istiyorum.. \u0130ran-Suudi anla\u015fmas\u0131n\u0131 nas\u0131l de\u011ferlendiriyorsunuz?.. diplomatik ili\u015fkilerin yeniden kurulmas\u0131.. \u0130ran&#8217;\u0131n Suriye&#8217;deki varl\u0131\u011f\u0131 ve n\u00fcfuzu nedeniyle Suriye&#8217;nin Araplardan uzak oldu\u011fu hep s\u00f6ylendi. Anla\u015fma sizce Suriye dosyas\u0131n\u0131n \u00e7\u00f6z\u00fcm\u00fcne nas\u0131l yans\u0131yacak ve bu Suriye dahilini nas\u0131l etkileyecek?<\/span><\/p>\n<p>Cumhurba\u015fkan\u0131 Esad: Birincisi, birka\u00e7 y\u0131l \u00f6nce m\u00fczakerelerin, temaslar\u0131n ve temaslar\u0131n onsuz ger\u00e7ekle\u015fmesine ra\u011fmen, uzla\u015fma, g\u00f6r\u00fc\u015fme veya \u00c7in arabuluculu\u011fuyla a\u00e7\u0131klanan duyuru a\u00e7\u0131s\u0131ndan harika bir s\u00fcrpriz. yeni de\u011fil, ama zamanlama iyiydi. Bir yandan bu.. \u00d6te yandan Suriye arenas\u0131, o d\u00f6nemde baz\u0131 taraflarca oldu\u011fu gibi art\u0131k \u0130ran-Suudi \u00e7at\u0131\u015fmas\u0131n\u0131n yeri de\u011fil. Suudi politikas\u0131 y\u0131llard\u0131r Suriye&#8217;ye y\u00f6nelik farkl\u0131 bir y\u00f6n ald\u0131 ve art\u0131k b\u00f6yle de\u011fil&#8230; Yani i\u00e7 i\u015flerine kar\u0131\u015fmak veya Suriye&#8217;de herhangi bir fraksiyonu desteklemek \u00e7er\u00e7evesinde de\u011fildi veya s\u00fcrecinde de\u011fildi. Y\u0131llard\u0131r Suriye ile de. Bence bu ili\u015fkinin do\u011fas\u0131na dair bir anlay\u0131\u015f var. Suriye ile \u0130ran aras\u0131nda 40 y\u0131l \u00f6ncesine dayanan bir t\u00fcr vefa var, dostlar\u0131m\u0131za vefal\u0131 olmazsak di\u011fer dostlara, hatta karde\u015flere nas\u0131l vefal\u0131 olabiliriz? Bence Arap sahnesinde bu konu art\u0131k bir sorun de\u011fil, g\u00f6rd\u00fc\u011f\u00fcm\u00fcze g\u00f6re, bug\u00fcn de g\u00f6rd\u00fc\u011f\u00fcm\u00fcz bu.<\/p>\n<p><span style=\"color: #0000ff;\">Soru: Sizce bu anla\u015fma L\u00fcbnan dosyas\u0131n\u0131 nas\u0131l etkiler.. L\u00fcbnan her zaman belki de b\u00f6lgesel anla\u015fmalar\u0131n kristalle\u015fti\u011fi k\u00fc\u00e7\u00fck bir arena olmu\u015ftur. \u015eimdi S\u00fcleyman Franciyye i\u00e7in bir adayl\u0131k var. Sizce bu olur mu? Suudi-\u0130ran anla\u015fmas\u0131 L\u00fcbnan&#8217;\u0131 i\u00e7inden ge\u00e7ti\u011fi bu a\u015famadan ge\u00e7irir mi?<\/span><\/p>\n<p>Cumhurba\u015fkan\u0131 Esad: \u00c7\u00fcnk\u00fc hepimiz etkiliyor ve etkileniyoruz ve baz\u0131 durumlarda devlete ba\u011fl\u0131 olarak etkilendi\u011finden daha fazla etkileniyor. Olumsuz ve olumlu etkilenmemiz normaldir. Bu t\u00fcr bir Suudi-\u0130ran anla\u015fmas\u0131 veya ba\u015fka bir anla\u015fma, genel olarak b\u00f6lgeye olumlu yans\u0131mal\u0131 ve bu nedenle Suriye ve L\u00fcbnan&#8217;\u0131 \u00e7e\u015fitli \u015fekillerde olumlu etkileyecektir, \u015fimdi hangi noktada belirlemek zor.<\/p>\n<p><span style=\"color: #0000ff;\">Soru: Medyaya g\u00f6re Tahran ile Riyad aras\u0131ndaki anla\u015fmadan en \u00e7ok \u201c\u0130srail\u201d zarar g\u00f6rm\u00fc\u015f durumda.. Suriye topraklar\u0131n\u0131 bombalamaya devam ederek b\u00f6lgenin kartlar\u0131n\u0131 yeniden kar\u0131\u015ft\u0131rmas\u0131ndan korkmuyor musunuz? Onlar her bombalamadan sonra, hedef al\u0131nan\u0131n \u0130ran&#8217;a ba\u011fl\u0131 mevkiler ve milisler mi?<\/span><\/p>\n<p>Cumhurba\u015fkan\u0131 Esad: Temelde bunu s\u00fcrekli yap\u0131yor, temelde bunu yapmay\u0131 b\u0131rakmad\u0131 ve kartlar\u0131n da\u011f\u0131t\u0131lmas\u0131 s\u00fcrecini zaman zaman \u201c\u0130srail\u201d y\u00fcr\u00fct\u00fcyor.<\/p>\n<p>2013 y\u0131l\u0131nda Suriye Arap Ordusu&#8217;nun o d\u00f6nemdeki ter\u00f6ristlere kar\u015f\u0131 ilerlemeye ba\u015flamas\u0131yla ba\u015flad\u0131. Sonra, Amerika ile i\u015fbirli\u011fi i\u00e7inde, \u00f6zellikle 2014 y\u0131l\u0131nda, yine Suriye g\u00fc\u00e7lerinin ilerleyi\u015finin zemininde, \u201cI\u015e\u0130D\u201di ortaya att\u0131. \u015eimdi ne zaman ter\u00f6ristlere kar\u015f\u0131 bir ilerleme olsa \u201c\u0130srail\u201d harekete ge\u00e7iyor. Bu gruplarla do\u011frudan i\u015fbirli\u011fi i\u00e7inde .. vurarak .. Dolay\u0131s\u0131yla kartlar\u0131 da\u011f\u0131tma politikas\u0131, her olumlu olaydan sonra bekledi\u011fimiz s\u00fcrekli bir politikad\u0131r ve bu normaldir \u00e7\u00fcnk\u00fc \u201c\u0130srail\u201d bir tarafta d\u00fc\u015fmand\u0131r. Ve \u201c\u0130srail\u201d ter\u00f6r \u00fczerine in\u015fa edilmi\u015f bir yar\u0131 devlet oldu\u011fu i\u00e7in onun yan\u0131nda yer almas\u0131 do\u011fald\u0131r.<\/p>\n<p><span style=\"color: #0000ff;\">Soru: \u201c\u0130srail\u201d Suriye&#8217;yi bombalamaktan ne istiyor, yak\u0131n zamanda depremden etkilenenler i\u00e7in insani yard\u0131m kabul eden Uluslararas\u0131 Halep Havaliman\u0131&#8217;n\u0131 bombalad\u0131. Size ne s\u00f6yleniyor.. Moskova size ne dedi, neden bu bombalama?<\/span><\/p>\n<p>Cumhurba\u015fkan\u0131 Esad: Suriye&#8217;nin zay\u0131flat\u0131lmas\u0131ndan ba\u015fka bir \u015fey de\u011fil.. Bunun \u0130ran&#8217;la alakas\u0131 yok.. Bombalanan hedeflerin \u00e7o\u011funun Suriye hedefleri oldu\u011funu ve \u0130ran taraf\u0131yla alakas\u0131 olmad\u0131\u011f\u0131n\u0131 biliyorlar.. Sadece Suriye&#8217;yi zay\u0131flatmak .<\/p>\n<p><span style=\"color: #0000ff;\">Soru: Arap zirvesi bu y\u0131l Suudi Arabistan&#8217;da yap\u0131lacak.. Davet gelirse kat\u0131l\u0131r m\u0131s\u0131n\u0131z?. Peki Suudi d\u0131\u015fi\u015fleri bakan\u0131n\u0131n \u015eam&#8217;a yapaca\u011f\u0131 ziyaret ve ayr\u0131ca Suudi Arabistan&#8217;\u0131n ziyareti hakk\u0131nda neler \u00f6nerildi? Ad\u0131 ne olursa olsun bir Arap delegasyonunun veya bir temas grubunun ba\u015f\u0131ndaki \u00dcrd\u00fcn Kral\u0131.. Arap hareketini nas\u0131l de\u011ferlendiriyorsunuz.. Suudileri \u015eam&#8217;da kar\u015f\u0131lamaya haz\u0131r m\u0131s\u0131n\u0131z?<\/span><\/p>\n<p>Cumhurba\u015fkan\u0131 Esad: Sadece fikirlerin ortaya konmas\u0131 ile Arap hareketinin ba\u015flang\u0131c\u0131 var.. \u015eu ana kadar elimizde bir \u015fey yok.. Nas\u0131l geli\u015fiyor, ba\u015fka fikirleri bekliyoruz.. Suriye&#8217;deki krizin \u00e7\u00f6z\u00fclmesi meselesi.. Yani bunlar \u00e7ok geni\u015f ba\u015fl\u0131klar hen\u00fcz detay i\u00e7ermiyor, herhangi bir Arap \u00fclkesiyle, Suudi Arabistan&#8217;la veya ba\u015fkalar\u0131yla g\u00f6r\u00fc\u015fmeye dair, tabi ki biz hi\u00e7bir Arap \u00fclkesiyle ili\u015fkilerimizi koparmad\u0131k. Arap \u00fclkeleri Suriye ile ili\u015fkilerini kesen \u00fclkelerdir. Biz ilke olarak ili\u015fkileri koparman\u0131n siyasette do\u011fru bir ilke oldu\u011funa inanm\u0131yoruz. Arap olmayan \u00fclkeler de dahil olmak \u00fczere Suriye ile ili\u015fkisini kesen herkesle ileti\u015fim kurmam\u0131z do\u011fald\u0131r, bu genel bir ilkedir.<\/p>\n<p><span style=\"color: #0000ff;\">Soru: Davet gelirse Arap zirvesine kat\u0131lacak m\u0131s\u0131n\u0131z?<\/span><\/p>\n<p>Cumhurba\u015fkan\u0131 Esad: Arap zirvesine gelince, \u00f6ncelikle Suriye&#8217;nin \u00fcyeli\u011fi donduruldu, zirveye kat\u0131lmak bu dondurmay\u0131 iptal etmeyi, bu da esasen bir Arap zirvesi gerektiriyor. Ancak, Cezayir D\u0131\u015fi\u015fleri Bakan\u0131 bizi ziyaret etti\u011finde Cezayir&#8217;deki \u00f6nceki Arap zirvesinde bu konuda netle\u015fen Suriye pozisyonuna gelince. Arap Birli\u011fi&#8217;ne d\u00f6nmenin ba\u015fl\u0131 ba\u015f\u0131na bir hedef olmad\u0131\u011f\u0131n\u0131 \u015fubat ay\u0131ndaki deprem a\u015famas\u0131nda Suriye&#8217;yi ziyaret eden bakanlara bu pozisyonu ilettik. Ama\u00e7 ortak Arap eylemidir. Arap Birli\u011fi, ko\u015fullar\u0131 ve belirsiz sistemi nedeniyle, genellikle bir hesapla\u015fma arenas\u0131d\u0131r, bu nedenle, \u00f6nce Suriye, b\u00f6l\u00fcnmenin bir i\u015fareti olan Arap Birli\u011fi&#8217;ne d\u00f6nmemelidir. \u00a0Yaln\u0131zca bir fikir birli\u011fi i\u015fareti oldu\u011funda geri d\u00f6n\u00fcn.<\/p>\n<p><span style=\"color: #0000ff;\">Soru: Araplar\u0131n birle\u015fmesi belki binlerce y\u0131l alacakt\u0131r?<\/span><\/p>\n<p>Cumhurba\u015fkan\u0131 Esad: Binlerce y\u0131l bekleriz ama bu bir prensiptir. Katma de\u011fer ar\u0131yorsak. Ba\u015fta da s\u00f6yledi\u011fim gibi, d\u00f6n\u00fc\u015f\u00fcn kendisi ama\u00e7 de\u011fildir. D\u00f6nd\u00fc\u011f\u00fcn\u00fcn s\u00f6ylenmesi i\u00e7in mi geri d\u00f6neceksin.<\/p>\n<p><span style=\"color: #0000ff;\">Soru: Prens Muhammed bin Salman ile aran\u0131zda \u00a0herhangi bir g\u00f6r\u00fc\u015fme pek \u00e7ok denklemi alt \u00fcst edebilir?<\/span><\/p>\n<p>Cumhurba\u015fkan\u0131 Esad: Bu ba\u015fka bir konu, o y\u00fczden Cezayir bakan\u0131n\u0131 ve di\u011fer Arap bakanlar\u0131 ilk bilgilendirdi\u011fimizde konu devam ediyor, uzla\u015fma olmadan geri d\u00f6nmeyece\u011fiz. \u0130kincisi, geri d\u00f6n\u00fc\u015f\u00fcn \u015fart\u0131, ikili ili\u015fkilerin iyi olmas\u0131, b\u00f6ylece hesapla\u015fma alan\u0131 kalmamas\u0131, Suriye-Arap ili\u015fkilerinin ikili olarak in\u015fa edilmesi gerekiyor. Bu ili\u015fkiler normale d\u00f6nd\u00fc\u011f\u00fcnde Suriye&#8217;nin Arap Birli\u011fi&#8217;ne d\u00f6n\u00fc\u015f\u00fc Arap Birli\u011fi i\u00e7in negatif de\u011fil katma de\u011fer olacakt\u0131r. Dolay\u0131s\u0131yla bu ikili ad\u0131mlar at\u0131lmadan \u00f6nce \u015fu anki \u015fartlar\u0131n bu d\u00f6n\u00fc\u015f i\u00e7in elveri\u015fli oldu\u011funu d\u00fc\u015f\u00fcnm\u00fcyorum.<\/p>\n<p><span style=\"color: #0000ff;\">Soru: Rusya&#8217;y\u0131 ziyaret ediyorsunuz ve \u015fu anda Donbass&#8217;ta, uluslararas\u0131 alanda Ukrayna sava\u015f\u0131 olarak bilinen ve burada \u00f6zel askeri operasyon olarak bilinen \u015feyde NATO ile kar\u015f\u0131 kar\u015f\u0131ya geliyor. Bu \u00e7at\u0131\u015fma sizin i\u00e7in, Suriye i\u00e7in ne ifade ediyor? G\u00f6rd\u00fc\u011f\u00fcm\u00fcz gibi \u00c7in, Suudi Arabistan ile \u0130ran aras\u0131nda arabuluculuk yap\u0131yorsa, Amerikan etkisinin fiilen azalmaya ba\u015flad\u0131\u011f\u0131n\u0131 s\u00f6yleyenler var. ABD bir\u00e7ok b\u00f6lgeden yava\u015f yava\u015f \u00e7ekiliyor, ger\u00e7ekten \u00e7ok kutuplu bir d\u00fcnyayla m\u0131 kar\u015f\u0131 kar\u015f\u0131yay\u0131z?<\/span><\/p>\n<p>Cumhurba\u015fkan\u0131 Esad: \u00c7ok kutupluluk olu\u015fum a\u015famas\u0131nda, ne kadar s\u00fcrer, ka\u00e7 y\u0131l s\u00fcrer, uzun bir s\u00fcre\u00e7, \u00e7\u00fcnk\u00fc hakim Bat\u0131, \u00f6zellikle ABD, birka\u00e7 y\u0131ld\u0131r varolu\u015f sava\u015f\u0131 veriyor. Bu tek kutupluluktan veya Amerikan etkisinin azalmas\u0131ndan nas\u0131l bahsedebiliriz? Kesinlikle geri ad\u0131m at\u0131yor. Ger\u00e7ek\u00e7i olmak gerekirse bu, Amerika&#8217;n\u0131n art\u0131k d\u00fcnyan\u0131n en b\u00fcy\u00fck g\u00fcc\u00fc olmad\u0131\u011f\u0131 anlam\u0131na gelmiyor. Ancak Amerika a\u00e7\u0131k bir pazara y\u00f6neldi\u011finde, tek bir k\u00fcresel pazar. En g\u00fc\u00e7l\u00fcs\u00fc oldu\u011fu ve Trump g\u00fcnlerinde geri \u00e7ekilmeye ba\u015flad\u0131\u011f\u0131 i\u00e7in, her alanda a\u00e7\u0131l\u0131ma y\u00f6nelip \u00c7inli teknoloji \u015firketlerini ku\u015fatmaya ba\u015flad\u0131\u011f\u0131n\u0131zda bu, Amerika&#8217;n\u0131n art\u0131k kendisini mutlak g\u00fc\u00e7 olarak g\u00f6rmedi\u011fi anlam\u0131na geliyor.<\/p>\n<p><span style=\"color: #0000ff;\">Soru: Ge\u00e7mi\u015fte Trump&#8217;\u0131 ele\u015ftirirdik ama Biden&#8217;\u0131n yan\u0131nda aziz gibi mi duruyor?<\/span><\/p>\n<p>Cumhurba\u015fkan\u0131 Esad: Aynen ve bu da bu karar\u0131n ne cumhurba\u015fkan\u0131n\u0131n karar\u0131 ne de y\u00f6netimin karar\u0131 oldu\u011funu teyit ediyor. \u00d6te yandan tek kutuptan bahsederken bu kutbun ne oldu\u011funu siyasi, askeri ve ekonomik olarak tan\u0131mlamam\u0131z gerekiyor. Bence en tehlikelisi ekonomik olan ve Amerika&#8217;n\u0131n en b\u00fcy\u00fck zaaf\u0131 da dolar. Dolar ekonomik hegemonyan\u0131n tepesinden \u00e7ekildi\u011finde o zaman bu uluslararas\u0131 denge de\u011fi\u015fecek ve o zaman \u00e7ok kutuplu bir d\u00fcnya olacak. Siyasi ve askeri \u00e7ok kutuplu ama dolar\u0131n hakimiyeti, o zaman d\u00fcnya tek kutup olarak kalacak.<\/p>\n<p><span style=\"color: #0000ff;\">Soru: Erdo\u011fan&#8217;a d\u00f6nersek, Ba\u015fkan Putin&#8217;in arabuluculuk yapmaya \u00e7al\u0131\u015ft\u0131\u011f\u0131n\u0131n gayet iyi fark\u0131nday\u0131z. Bir form\u00fcl bulmaya \u00e7al\u0131\u015f\u0131yor&#8230; Putin size Kremlin&#8217;de ne dedi, belki de Suriye&#8217;nin normalle\u015fmeye gitmesi halinde T\u00fcrkiye&#8217;nin \u00e7ekilip s\u0131n\u0131rlar\u0131na d\u00f6nece\u011fine dair baz\u0131 garantiler verdi mi? Biz de \u201cErdo\u011fan&#8217;\u0131n se\u00e7im kart\u0131\u201d s\u00f6z\u00fcne d\u00f6n\u00fcyoruz. Bu konuda Putin size ne s\u00f6yle di?<\/span><\/p>\n<p>Cumhurba\u015fkan\u0131 Esad: Rusya&#8217;n\u0131n politikas\u0131 ger\u00e7ek\u00e7i bir politika, birincisi garanti vermediler, sebeplerinden biri bu olabilir. S\u00fcrekli politikalar\u0131n\u0131 de\u011fi\u015ftiriyor ve bir k\u0131s\u0131r d\u00f6ng\u00fc i\u00e7inde d\u00f6n\u00fcyor, bu y\u00fczden d\u00fcnyada kimsenin garanti alabilece\u011fini d\u00fc\u015f\u00fcnm\u00fcyorum.<\/p>\n<p><span style=\"color: #0000ff;\">Soru: Ama son d\u00f6nemdeki de\u011fi\u015fiklik iyi, Suriye&#8217;ye a\u00e7\u0131lmaya ve m\u00fcltecileri geri g\u00f6ndermeye haz\u0131r, Suriye a\u00e7\u0131s\u0131ndan bu olumlu olabilir mi?<\/span><\/p>\n<p>Cumhurba\u015fkan\u0131 Esad: Bu taahh\u00fcd\u00fcn s\u00fcresi nedir? Ba\u015fkanl\u0131k se\u00e7imine kadar, ba\u015fkanl\u0131k se\u00e7iminden sonra T\u00fcrkiye&#8217;nin politikas\u0131 nedir, kimse bilmiyor. Dolay\u0131s\u0131yla hepsi ge\u00e7icidir, taahh\u00fct diye bir \u015fey yoktur, Suriye&#8217;nin hedeflerine de\u011fil, T\u00fcrkiye&#8217;nin hedeflerine ula\u015fan k\u0131sa vadeli taktiklerdir. Dolay\u0131s\u0131yla Ruslar bu t\u00fcr garantiler vermediler ve d\u00fcnyadaki hi\u00e7 kimseden bize bu t\u00fcr garantiler vermesini isteyemeyiz.<\/p>\n<p>https:\/\/youtu.be\/M0fZa7Peb3k<\/p>\n<p><a href=\"https:\/\/t.me\/SuriyeArapHaberAjansI\">Telegram Kanal\u0131m\u0131z\u00a0<\/a><\/p>\n<p><a href=\"https:\/\/www.facebook.com\/SANAHaberAjansi\/\">Facebook Sayfam\u0131z<\/a><\/p>\n","protected":false},"excerpt":{"rendered":"<p>MOSKOVA &#8211; Cumhurba\u015fkan\u0131 Be\u015f\u015far Esad, Suriye&#8217;ye y\u00f6nelik bir Arap hareketinin ba\u015flad\u0131\u011f\u0131n\u0131 belirterek, Arap Birli\u011fi&#8217;ne geri d\u00f6nmenin kendi ba\u015f\u0131na bir hedef olmad\u0131\u011f\u0131n\u0131, daha ziyade amac\u0131n ortak Arap eylemi oldu\u011funu ve Suudi-\u0130ran anla\u015fmas\u0131n\u0131n t\u00fcm b\u00f6lge \u00fclkelerine olumlu yans\u0131yaca\u011f\u0131na i\u015faret etti. Bu, Ba\u015fkan Esad&#8217;\u0131n Rus RT kanal\u0131na verdi\u011fi bir r\u00f6portaj s\u0131ras\u0131nda geldi. R\u00f6portajda, Bat\u0131&#8217;n\u0131n Suriye ve d\u00fcnya ile &hellip;<\/p>\n","protected":false},"author":1,"featured_media":276985,"comment_status":"closed","ping_status":"closed","sticky":false,"template":"","format":"standard","meta":{"footnotes":""},"categories":[458,459,611,605,17988,2554,2555],"tags":[],"class_list":["post-276861","post","type-post","status-publish","format-standard","has-post-thumbnail","","category-dunya1","category-haberler-arap-uluslararasi-politika","category-roportaj","category-sayin-cumhurbaskani","category-son-haberler","category-suriye-ve-dunya","category-suriye-ve-turkiye"],"_links":{"self":[{"href":"https:\/\/archive.sana.sy\/tr\/index.php?rest_route=\/wp\/v2\/posts\/276861","targetHints":{"allow":["GET"]}}],"collection":[{"href":"https:\/\/archive.sana.sy\/tr\/index.php?rest_route=\/wp\/v2\/posts"}],"about":[{"href":"https:\/\/archive.sana.sy\/tr\/index.php?rest_route=\/wp\/v2\/types\/post"}],"author":[{"embeddable":true,"href":"https:\/\/archive.sana.sy\/tr\/index.php?rest_route=\/wp\/v2\/users\/1"}],"replies":[{"embeddable":true,"href":"https:\/\/archive.sana.sy\/tr\/index.php?rest_route=%2Fwp%2Fv2%2Fcomments&post=276861"}],"version-history":[{"count":0,"href":"https:\/\/archive.sana.sy\/tr\/index.php?rest_route=\/wp\/v2\/posts\/276861\/revisions"}],"wp:featuredmedia":[{"embeddable":true,"href":"https:\/\/archive.sana.sy\/tr\/index.php?rest_route=\/wp\/v2\/media\/276985"}],"wp:attachment":[{"href":"https:\/\/archive.sana.sy\/tr\/index.php?rest_route=%2Fwp%2Fv2%2Fmedia&parent=276861"}],"wp:term":[{"taxonomy":"category","embeddable":true,"href":"https:\/\/archive.sana.sy\/tr\/index.php?rest_route=%2Fwp%2Fv2%2Fcategories&post=276861"},{"taxonomy":"post_tag","embeddable":true,"href":"https:\/\/archive.sana.sy\/tr\/index.php?rest_route=%2Fwp%2Fv2%2Ftags&post=276861"}],"curies":[{"name":"wp","href":"https:\/\/api.w.org\/{rel}","templated":true}]}}