{"id":276868,"date":"2023-03-16T21:41:59","date_gmt":"2023-03-16T18:41:59","guid":{"rendered":"http:\/\/107.6.182.27\/tr\/?p=276868"},"modified":"2023-03-18T15:18:24","modified_gmt":"2023-03-18T12:18:24","slug":"cumhurbaskani-esad-rusya-federasyonuna-yaptigi-uc-gunluk-resmi-ziyaretin-ardindan-sama-vardi","status":"publish","type":"post","link":"https:\/\/archive.sana.sy\/tr\/?p=276868","title":{"rendered":"Cumhurba\u015fkan\u0131 Esad, Rusya Federasyonu&#8217;na Yapt\u0131\u011f\u0131 \u00dc\u00e7 G\u00fcnl\u00fck Resmi Ziyaretin Ard\u0131ndan \u015eam&#8217;a Vard\u0131"},"content":{"rendered":"<p><strong>\u015eAM<\/strong> &#8211; Say\u0131n Cumhurba\u015fkan\u0131 Be\u015f\u015far Esad, Rusya Federasyonu&#8217;na yapt\u0131\u011f\u0131 \u00fc\u00e7 g\u00fcnl\u00fck resmi ziyaretin ard\u0131ndan bu ak\u015fam \u015eam&#8217;a vard\u0131.<\/p>\n<p>Cumhurba\u015fkan\u0131 Esad, Vnukova Uluslararas\u0131 Havaliman\u0131&#8217;nda, kar\u015f\u0131land\u0131\u011f\u0131 ayn\u0131 akredite t\u00f6renle u\u011furland\u0131<strong>.<\/strong><\/p>\n<div id='gallery-1' class='gallery galleryid-276868 gallery-columns-1 gallery-size-full'><figure class='gallery-item'>\n\t\t\t<div class='gallery-icon landscape'>\n\t\t\t\t<a href='https:\/\/archive.sana.sy\/tr\/wp-content\/uploads\/2023\/03\/000-13.jpg'><img loading=\"lazy\" decoding=\"async\" width=\"1200\" height=\"800\" src=\"https:\/\/archive.sana.sy\/tr\/wp-content\/uploads\/2023\/03\/000-13.jpg\" class=\"attachment-full size-full\" alt=\"\" srcset=\"https:\/\/archive.sana.sy\/tr\/wp-content\/uploads\/2023\/03\/000-13.jpg 1200w, https:\/\/archive.sana.sy\/tr\/wp-content\/uploads\/2023\/03\/000-13-300x200.jpg 300w, https:\/\/archive.sana.sy\/tr\/wp-content\/uploads\/2023\/03\/000-13-1024x683.jpg 1024w, https:\/\/archive.sana.sy\/tr\/wp-content\/uploads\/2023\/03\/000-13-150x100.jpg 150w, https:\/\/archive.sana.sy\/tr\/wp-content\/uploads\/2023\/03\/000-13-768x512.jpg 768w\" sizes=\"auto, (max-width: 1200px) 100vw, 1200px\" \/><\/a>\n\t\t\t<\/div><\/figure><figure class='gallery-item'>\n\t\t\t<div class='gallery-icon landscape'>\n\t\t\t\t<a href='https:\/\/archive.sana.sy\/tr\/wp-content\/uploads\/2023\/03\/1-31.jpg'><img loading=\"lazy\" decoding=\"async\" width=\"2500\" height=\"1583\" src=\"https:\/\/archive.sana.sy\/tr\/wp-content\/uploads\/2023\/03\/1-31.jpg\" class=\"attachment-full size-full\" alt=\"\" srcset=\"https:\/\/archive.sana.sy\/tr\/wp-content\/uploads\/2023\/03\/1-31.jpg 2500w, https:\/\/archive.sana.sy\/tr\/wp-content\/uploads\/2023\/03\/1-31-300x190.jpg 300w, https:\/\/archive.sana.sy\/tr\/wp-content\/uploads\/2023\/03\/1-31-1024x648.jpg 1024w, https:\/\/archive.sana.sy\/tr\/wp-content\/uploads\/2023\/03\/1-31-150x95.jpg 150w, https:\/\/archive.sana.sy\/tr\/wp-content\/uploads\/2023\/03\/1-31-768x486.jpg 768w, https:\/\/archive.sana.sy\/tr\/wp-content\/uploads\/2023\/03\/1-31-1536x973.jpg 1536w, https:\/\/archive.sana.sy\/tr\/wp-content\/uploads\/2023\/03\/1-31-2048x1297.jpg 2048w\" sizes=\"auto, (max-width: 2500px) 100vw, 2500px\" \/><\/a>\n\t\t\t<\/div><\/figure><figure class='gallery-item'>\n\t\t\t<div class='gallery-icon landscape'>\n\t\t\t\t<a href='https:\/\/archive.sana.sy\/tr\/wp-content\/uploads\/2023\/03\/2-24.jpg'><img loading=\"lazy\" decoding=\"async\" width=\"2500\" height=\"1318\" src=\"https:\/\/archive.sana.sy\/tr\/wp-content\/uploads\/2023\/03\/2-24.jpg\" class=\"attachment-full size-full\" alt=\"\" srcset=\"https:\/\/archive.sana.sy\/tr\/wp-content\/uploads\/2023\/03\/2-24.jpg 2500w, https:\/\/archive.sana.sy\/tr\/wp-content\/uploads\/2023\/03\/2-24-300x158.jpg 300w, https:\/\/archive.sana.sy\/tr\/wp-content\/uploads\/2023\/03\/2-24-1024x540.jpg 1024w, https:\/\/archive.sana.sy\/tr\/wp-content\/uploads\/2023\/03\/2-24-150x79.jpg 150w, https:\/\/archive.sana.sy\/tr\/wp-content\/uploads\/2023\/03\/2-24-768x405.jpg 768w, https:\/\/archive.sana.sy\/tr\/wp-content\/uploads\/2023\/03\/2-24-1536x810.jpg 1536w, https:\/\/archive.sana.sy\/tr\/wp-content\/uploads\/2023\/03\/2-24-2048x1080.jpg 2048w\" sizes=\"auto, (max-width: 2500px) 100vw, 2500px\" \/><\/a>\n\t\t\t<\/div><\/figure><figure class='gallery-item'>\n\t\t\t<div class='gallery-icon landscape'>\n\t\t\t\t<a href='https:\/\/archive.sana.sy\/tr\/wp-content\/uploads\/2023\/03\/3-27.jpg'><img loading=\"lazy\" decoding=\"async\" width=\"2500\" height=\"1431\" src=\"https:\/\/archive.sana.sy\/tr\/wp-content\/uploads\/2023\/03\/3-27.jpg\" class=\"attachment-full size-full\" alt=\"\" srcset=\"https:\/\/archive.sana.sy\/tr\/wp-content\/uploads\/2023\/03\/3-27.jpg 2500w, https:\/\/archive.sana.sy\/tr\/wp-content\/uploads\/2023\/03\/3-27-300x172.jpg 300w, https:\/\/archive.sana.sy\/tr\/wp-content\/uploads\/2023\/03\/3-27-1024x586.jpg 1024w, https:\/\/archive.sana.sy\/tr\/wp-content\/uploads\/2023\/03\/3-27-150x86.jpg 150w, https:\/\/archive.sana.sy\/tr\/wp-content\/uploads\/2023\/03\/3-27-768x440.jpg 768w, https:\/\/archive.sana.sy\/tr\/wp-content\/uploads\/2023\/03\/3-27-1536x879.jpg 1536w, https:\/\/archive.sana.sy\/tr\/wp-content\/uploads\/2023\/03\/3-27-2048x1172.jpg 2048w\" sizes=\"auto, (max-width: 2500px) 100vw, 2500px\" \/><\/a>\n\t\t\t<\/div><\/figure><figure class='gallery-item'>\n\t\t\t<div class='gallery-icon portrait'>\n\t\t\t\t<a href='https:\/\/archive.sana.sy\/tr\/wp-content\/uploads\/2023\/03\/4-24.jpg'><img loading=\"lazy\" decoding=\"async\" width=\"1500\" height=\"1962\" src=\"https:\/\/archive.sana.sy\/tr\/wp-content\/uploads\/2023\/03\/4-24.jpg\" class=\"attachment-full size-full\" alt=\"\" srcset=\"https:\/\/archive.sana.sy\/tr\/wp-content\/uploads\/2023\/03\/4-24.jpg 1500w, https:\/\/archive.sana.sy\/tr\/wp-content\/uploads\/2023\/03\/4-24-229x300.jpg 229w, https:\/\/archive.sana.sy\/tr\/wp-content\/uploads\/2023\/03\/4-24-783x1024.jpg 783w, https:\/\/archive.sana.sy\/tr\/wp-content\/uploads\/2023\/03\/4-24-115x150.jpg 115w, https:\/\/archive.sana.sy\/tr\/wp-content\/uploads\/2023\/03\/4-24-768x1005.jpg 768w, https:\/\/archive.sana.sy\/tr\/wp-content\/uploads\/2023\/03\/4-24-1174x1536.jpg 1174w\" sizes=\"auto, (max-width: 1500px) 100vw, 1500px\" \/><\/a>\n\t\t\t<\/div><\/figure>\n\t\t<\/div>\n\n<p><a href=\"https:\/\/t.me\/SuriyeArapHaberAjansI\">Telegram Kanal\u0131m\u0131z\u00a0<\/a><\/p>\n<p><a href=\"https:\/\/www.facebook.com\/SANAHaberAjansi\/\">Facebook Sayfam\u0131z<\/a><\/p>\n","protected":false},"excerpt":{"rendered":"<p>\u015eAM &#8211; Say\u0131n Cumhurba\u015fkan\u0131 Be\u015f\u015far Esad, Rusya Federasyonu&#8217;na yapt\u0131\u011f\u0131 \u00fc\u00e7 g\u00fcnl\u00fck resmi ziyaretin ard\u0131ndan bu ak\u015fam \u015eam&#8217;a vard\u0131. Cumhurba\u015fkan\u0131 Esad, Vnukova Uluslararas\u0131 Havaliman\u0131&#8217;nda, kar\u015f\u0131land\u0131\u011f\u0131 ayn\u0131 akredite t\u00f6renle u\u011furland\u0131. Telegram Kanal\u0131m\u0131z\u00a0 Facebook Sayfam\u0131z<\/p>\n","protected":false},"author":1,"featured_media":0,"comment_status":"closed","ping_status":"closed","sticky":false,"template":"","format":"standard","meta":{"footnotes":""},"categories":[458,459,605,17988],"tags":[],"class_list":["post-276868","post","type-post","status-publish","format-standard","","category-dunya1","category-haberler-arap-uluslararasi-politika","category-sayin-cumhurbaskani","category-son-haberler"],"_links":{"self":[{"href":"https:\/\/archive.sana.sy\/tr\/index.php?rest_route=\/wp\/v2\/posts\/276868","targetHints":{"allow":["GET"]}}],"collection":[{"href":"https:\/\/archive.sana.sy\/tr\/index.php?rest_route=\/wp\/v2\/posts"}],"about":[{"href":"https:\/\/archive.sana.sy\/tr\/index.php?rest_route=\/wp\/v2\/types\/post"}],"author":[{"embeddable":true,"href":"https:\/\/archive.sana.sy\/tr\/index.php?rest_route=\/wp\/v2\/users\/1"}],"replies":[{"embeddable":true,"href":"https:\/\/archive.sana.sy\/tr\/index.php?rest_route=%2Fwp%2Fv2%2Fcomments&post=276868"}],"version-history":[{"count":0,"href":"https:\/\/archive.sana.sy\/tr\/index.php?rest_route=\/wp\/v2\/posts\/276868\/revisions"}],"wp:attachment":[{"href":"https:\/\/archive.sana.sy\/tr\/index.php?rest_route=%2Fwp%2Fv2%2Fmedia&parent=276868"}],"wp:term":[{"taxonomy":"category","embeddable":true,"href":"https:\/\/archive.sana.sy\/tr\/index.php?rest_route=%2Fwp%2Fv2%2Fcategories&post=276868"},{"taxonomy":"post_tag","embeddable":true,"href":"https:\/\/archive.sana.sy\/tr\/index.php?rest_route=%2Fwp%2Fv2%2Ftags&post=276868"}],"curies":[{"name":"wp","href":"https:\/\/api.w.org\/{rel}","templated":true}]}}