{"id":276892,"date":"2023-03-17T13:36:59","date_gmt":"2023-03-17T10:36:59","guid":{"rendered":"https:\/\/sana.sy\/tr\/?p=276892"},"modified":"2023-03-18T10:28:02","modified_gmt":"2023-03-18T07:28:02","slug":"israil-isgalinin-suclarini-kinamak-icin-ceninde-genel-bir-grev-illan-etti","status":"publish","type":"post","link":"https:\/\/archive.sana.sy\/tr\/?p=276892","title":{"rendered":"\u0130srail \u0130\u015fgalinin Su\u00e7lar\u0131n\u0131 K\u0131namak \u0130\u00e7in Cenin&#8217;de Genel Grev \u0130lan Edildi"},"content":{"rendered":"<p><strong>\u0130\u015eGAL ED\u0130LEN KUD\u00dcS<\/strong> \u2013 \u0130srail&#8217;in, d\u00fcn Cenin kenti ve kamp\u0131na kar\u015f\u0131 4 Filistinlinin \u015fehit d\u00fc\u015fmesiyle sonu\u00e7lanan sald\u0131r\u0131s\u0131n\u0131 k\u0131namak i\u00e7in bug\u00fcn Bat\u0131 Yaka&#8217;daki Cenin kentinde genel bir grev ger\u00e7ekle\u015fti.<\/p>\n<p>Filistinli WAFA Haber Ajans\u0131, Filistinli ulusal g\u00fc\u00e7lerinin \u00e7a\u011fr\u0131lan grevin hayat\u0131n her kesimini kapsad\u0131\u011f\u0131n\u0131, ticari d\u00fckkanlar ve \u00f6zel kurumlar\u0131n kap\u0131lar\u0131n\u0131 kapatt\u0131\u011f\u0131n\u0131, ula\u015f\u0131m\u0131n durdu\u011funu belirtti.<\/p>\n<p>D\u00fcn, i\u015fgal g\u00fc\u00e7leri \u00e7ok say\u0131da Cenin kent merkezine bask\u0131n d\u00fczenledi ve kalabal\u0131k bir sokakta Filistinlilere do\u011frudan ve a\u011f\u0131r ate\u015f a\u00e7arak 4 Filistinliyi \u015fehit d\u00fc\u015ft\u00fc ve 4&#8217;\u00fc a\u011f\u0131r olmak \u00fczere 23 ki\u015fiyi yaralad\u0131.<\/p>\n<p><a href=\"https:\/\/t.me\/SuriyeArapHaberAjansI\">Telegram Kanal\u0131m\u0131z\u00a0<\/a><\/p>\n<p><a href=\"https:\/\/www.facebook.com\/SANAHaberAjansi\/\">Facebook Sayfam\u0131z<\/a><\/p>\n","protected":false},"excerpt":{"rendered":"<p>\u0130\u015eGAL ED\u0130LEN KUD\u00dcS \u2013 \u0130srail&#8217;in, d\u00fcn Cenin kenti ve kamp\u0131na kar\u015f\u0131 4 Filistinlinin \u015fehit d\u00fc\u015fmesiyle sonu\u00e7lanan sald\u0131r\u0131s\u0131n\u0131 k\u0131namak i\u00e7in bug\u00fcn Bat\u0131 Yaka&#8217;daki Cenin kentinde genel bir grev ger\u00e7ekle\u015fti. Filistinli WAFA Haber Ajans\u0131, Filistinli ulusal g\u00fc\u00e7lerinin \u00e7a\u011fr\u0131lan grevin hayat\u0131n her kesimini kapsad\u0131\u011f\u0131n\u0131, ticari d\u00fckkanlar ve \u00f6zel kurumlar\u0131n kap\u0131lar\u0131n\u0131 kapatt\u0131\u011f\u0131n\u0131, ula\u015f\u0131m\u0131n durdu\u011funu belirtti. D\u00fcn, i\u015fgal g\u00fc\u00e7leri \u00e7ok &hellip;<\/p>\n","protected":false},"author":39,"featured_media":276893,"comment_status":"closed","ping_status":"closed","sticky":false,"template":"","format":"standard","meta":{"footnotes":""},"categories":[458,459,17988],"tags":[],"class_list":["post-276892","post","type-post","status-publish","format-standard","has-post-thumbnail","","category-dunya1","category-haberler-arap-uluslararasi-politika","category-son-haberler"],"_links":{"self":[{"href":"https:\/\/archive.sana.sy\/tr\/index.php?rest_route=\/wp\/v2\/posts\/276892","targetHints":{"allow":["GET"]}}],"collection":[{"href":"https:\/\/archive.sana.sy\/tr\/index.php?rest_route=\/wp\/v2\/posts"}],"about":[{"href":"https:\/\/archive.sana.sy\/tr\/index.php?rest_route=\/wp\/v2\/types\/post"}],"author":[{"embeddable":true,"href":"https:\/\/archive.sana.sy\/tr\/index.php?rest_route=\/wp\/v2\/users\/39"}],"replies":[{"embeddable":true,"href":"https:\/\/archive.sana.sy\/tr\/index.php?rest_route=%2Fwp%2Fv2%2Fcomments&post=276892"}],"version-history":[{"count":0,"href":"https:\/\/archive.sana.sy\/tr\/index.php?rest_route=\/wp\/v2\/posts\/276892\/revisions"}],"wp:featuredmedia":[{"embeddable":true,"href":"https:\/\/archive.sana.sy\/tr\/index.php?rest_route=\/wp\/v2\/media\/276893"}],"wp:attachment":[{"href":"https:\/\/archive.sana.sy\/tr\/index.php?rest_route=%2Fwp%2Fv2%2Fmedia&parent=276892"}],"wp:term":[{"taxonomy":"category","embeddable":true,"href":"https:\/\/archive.sana.sy\/tr\/index.php?rest_route=%2Fwp%2Fv2%2Fcategories&post=276892"},{"taxonomy":"post_tag","embeddable":true,"href":"https:\/\/archive.sana.sy\/tr\/index.php?rest_route=%2Fwp%2Fv2%2Ftags&post=276892"}],"curies":[{"name":"wp","href":"https:\/\/api.w.org\/{rel}","templated":true}]}}