{"id":276898,"date":"2023-03-16T20:07:49","date_gmt":"2023-03-16T17:07:49","guid":{"rendered":"https:\/\/sana.sy\/tr\/?p=276898"},"modified":"2023-03-18T10:27:50","modified_gmt":"2023-03-18T07:27:50","slug":"bakan-mahluf-depremin-yansimalarina-karsilik-verme-gelismelerini-bm-mukim-koordinatoru-ile-ele-aldi","status":"publish","type":"post","link":"https:\/\/archive.sana.sy\/tr\/?p=276898","title":{"rendered":"Bakan Mahluf, Depremin Yans\u0131malar\u0131na Kar\u015f\u0131l\u0131k Verme Geli\u015fmelerini BM Mukim Koordinat\u00f6r\u00fc \u0130le Ele Ald\u0131"},"content":{"rendered":"<p><strong>\u015eAM<\/strong> &#8211; Yerel Y\u00f6netim ve \u00c7evre Bakan\u0131, Y\u00fcksek Yard\u0131m Komitesi Ba\u015fkan\u0131 M\u00fchendis H\u00fcseyin Mahluf, Birle\u015fmi\u015f Milletler Suriye Mukim Koordinat\u00f6r\u00fc Mustafa bin Al Malih ile depremin etkilerini azaltmak i\u00e7in ulusal \u00e7abalar\u0131n desteklenmesi \u00e7er\u00e7evesinde depremden etkilenen illere nelerin sa\u011flanmakta oldu\u011fu y\u00f6n\u00fcnde Suriye&#8217;de faaliyet g\u00f6steren BM kurulu\u015flar\u0131n\u0131n m\u00fcdahalesindeki son geli\u015fmeleri g\u00f6r\u00fc\u015ft\u00fc.<\/p>\n<p>Bakan Mahluf, etkilenen illerde h\u00fck\u00fcmet, Y\u00fcksek Yard\u0131m Komitesi ve onun alt komiteleri taraf\u0131ndan al\u0131nan \u00f6nlemleri sunarak, depremin ba\u015f\u0131ndan itibaren operasyonel odalar\u0131n\u0131n, \u00a0hayat kurtarmaya, molozlar\u0131 kald\u0131rmaya, evi y\u0131k\u0131lan ve \u00e7atlayanlara sa\u011fl\u0131k hizmeti ve bar\u0131nak sa\u011flamaya odaklan\u0131ld\u0131\u011f\u0131n\u0131, teknik ekiplerin, hasar g\u00f6ren binalarda incelemeler yaparak durumlar\u0131n\u0131 de\u011ferlendirip s\u0131n\u0131fland\u0131rmaya ba\u015flad\u0131\u011f\u0131n\u0131 s\u00f6yledi.<\/p>\n<p><img loading=\"lazy\" decoding=\"async\" class=\"size-full wp-image-276900 alignright\" src=\"http:\/\/sana.sy\/tr\/wp-content\/uploads\/2023\/03\/21-2-300x181-1.jpg\" alt=\"\" width=\"300\" height=\"181\" srcset=\"https:\/\/archive.sana.sy\/tr\/wp-content\/uploads\/2023\/03\/21-2-300x181-1.jpg 300w, https:\/\/archive.sana.sy\/tr\/wp-content\/uploads\/2023\/03\/21-2-300x181-1-150x91.jpg 150w\" sizes=\"auto, (max-width: 300px) 100vw, 300px\" \/>Mahluf, i\u015fin h\u0131zland\u0131r\u0131lmas\u0131 i\u00e7in gerekli nitelikli makine veya yedek par\u00e7a teminini engelleyen haks\u0131z ekonomik ambargo sonucu makine eksikli\u011fi ve eskimesi nedeniyle i\u015fin zor ko\u015fullarda y\u00fcr\u00fct\u00fcld\u00fc\u011f\u00fcn\u00fc belirterek, Suriye Kalk\u0131nma Vakf\u0131, Suriye Arap K\u0131z\u0131lay\u0131, sivil ve ekonomik kurulu\u015flar, t\u00fcm end\u00fcstriyel faaliyetlerdeki ulusal ortaklarla i\u015fbirli\u011fi i\u00e7inde ve h\u00fck\u00fcmet \u00e7abalar\u0131yla entegre olan Suriye&#8217;de faaliyet g\u00f6steren Birle\u015fmi\u015f Milletler kurulu\u015flar\u0131n\u0131n sa\u011flad\u0131\u011f\u0131 \u00e7al\u0131\u015fmalar\u0131n \u00f6nemine i\u015faret etti ve sendikalar\u0131n, etkilenen vilayetlerdeki \u00e7al\u0131\u015fma sisteminde, depremin etkilerinin hafifletilmesine katk\u0131da bulunan olumlu bir etkiye sahip olduklar\u0131na dikkat \u00e7ekti.<\/p>\n<p>Bakan Mahluf ayr\u0131ca, depremden etkilenen illerde ya\u015fayan Suriyelilerin ge\u00e7im kaynaklar\u0131na, mesleki ve \u00fcretken durumlar\u0131na destek olmak \u00fczere, ister bina hasarlar\u0131 ve bunlar\u0131n g\u00fc\u00e7lendirilmesi, ister hasar g\u00f6rm\u00fc\u015f ve milyonlarca insan\u0131 etkileyen altyap\u0131, kamu hizmetleri, a\u011flar ve hizmetlerin rehabilitasyonu olsun, b\u00fcy\u00fck ihtiya\u00e7lar\u0131 kar\u015f\u0131lamak i\u00e7in resmin iletilmesini ve uluslararas\u0131 \u00e7abalar\u0131n seferber edilmesini istedi.<\/p>\n<p>Buna kar\u015f\u0131l\u0131k Bin Al Malih, Suriye&#8217;ye uygulanan yapt\u0131r\u0131mlar\u0131n buradaki insani yard\u0131m \u00e7al\u0131\u015fmalar\u0131na zarar verdi\u011fini vurgulayarak, bug\u00fcn Suriye&#8217;nin 2011&#8217;den bu yana ya\u015fanan sava\u015f ve durumu daha da zorla\u015ft\u0131ran deprem nedeniyle \u00e7ifte kriz ya\u015fad\u0131\u011f\u0131n\u0131, yard\u0131ma muhta\u00e7 insan say\u0131s\u0131n\u0131n da artt\u0131\u011f\u0131n\u0131 a\u00e7\u0131klad\u0131.<\/p>\n<p>Bin Al Malih, Suriye&#8217;deki ihtiya\u00e7 hacminin b\u00fcy\u00fck oldu\u011funa ve yard\u0131m hakk\u0131n\u0131n verilmesi gerekti\u011fine i\u015faret ederek, Suriye h\u00fck\u00fcmetinin etkilenen t\u00fcm yerlere yard\u0131m ula\u015ft\u0131rmak i\u00e7in t\u00fcm imkanlar\u0131 sa\u011flad\u0131\u011f\u0131n\u0131 ve insani destek ve kurtarma sa\u011flamak i\u00e7in ba\u011f\u0131\u015f\u00e7\u0131lardan daha fazla fon sa\u011flamaya \u00e7al\u0131\u015faca\u011f\u0131n\u0131 belirtti.<\/p>\n<p><a href=\"https:\/\/t.me\/SuriyeArapHaberAjansI\">Telegram Kanal\u0131m\u0131z\u00a0<\/a><\/p>\n<p><a href=\"https:\/\/www.facebook.com\/SANAHaberAjansi\/\">Facebook Sayfam\u0131z<\/a><\/p>\n","protected":false},"excerpt":{"rendered":"<p>\u015eAM &#8211; Yerel Y\u00f6netim ve \u00c7evre Bakan\u0131, Y\u00fcksek Yard\u0131m Komitesi Ba\u015fkan\u0131 M\u00fchendis H\u00fcseyin Mahluf, Birle\u015fmi\u015f Milletler Suriye Mukim Koordinat\u00f6r\u00fc Mustafa bin Al Malih ile depremin etkilerini azaltmak i\u00e7in ulusal \u00e7abalar\u0131n desteklenmesi \u00e7er\u00e7evesinde depremden etkilenen illere nelerin sa\u011flanmakta oldu\u011fu y\u00f6n\u00fcnde Suriye&#8217;de faaliyet g\u00f6steren BM kurulu\u015flar\u0131n\u0131n m\u00fcdahalesindeki son geli\u015fmeleri g\u00f6r\u00fc\u015ft\u00fc. Bakan Mahluf, etkilenen illerde h\u00fck\u00fcmet, Y\u00fcksek Yard\u0131m &hellip;<\/p>\n","protected":false},"author":1,"featured_media":276899,"comment_status":"closed","ping_status":"closed","sticky":false,"template":"","format":"standard","meta":{"footnotes":""},"categories":[479,17988,478],"tags":[],"class_list":["post-276898","post","type-post","status-publish","format-standard","has-post-thumbnail","","category-haberler-yerel","category-son-haberler","category-yerel"],"_links":{"self":[{"href":"https:\/\/archive.sana.sy\/tr\/index.php?rest_route=\/wp\/v2\/posts\/276898","targetHints":{"allow":["GET"]}}],"collection":[{"href":"https:\/\/archive.sana.sy\/tr\/index.php?rest_route=\/wp\/v2\/posts"}],"about":[{"href":"https:\/\/archive.sana.sy\/tr\/index.php?rest_route=\/wp\/v2\/types\/post"}],"author":[{"embeddable":true,"href":"https:\/\/archive.sana.sy\/tr\/index.php?rest_route=\/wp\/v2\/users\/1"}],"replies":[{"embeddable":true,"href":"https:\/\/archive.sana.sy\/tr\/index.php?rest_route=%2Fwp%2Fv2%2Fcomments&post=276898"}],"version-history":[{"count":0,"href":"https:\/\/archive.sana.sy\/tr\/index.php?rest_route=\/wp\/v2\/posts\/276898\/revisions"}],"wp:featuredmedia":[{"embeddable":true,"href":"https:\/\/archive.sana.sy\/tr\/index.php?rest_route=\/wp\/v2\/media\/276899"}],"wp:attachment":[{"href":"https:\/\/archive.sana.sy\/tr\/index.php?rest_route=%2Fwp%2Fv2%2Fmedia&parent=276898"}],"wp:term":[{"taxonomy":"category","embeddable":true,"href":"https:\/\/archive.sana.sy\/tr\/index.php?rest_route=%2Fwp%2Fv2%2Fcategories&post=276898"},{"taxonomy":"post_tag","embeddable":true,"href":"https:\/\/archive.sana.sy\/tr\/index.php?rest_route=%2Fwp%2Fv2%2Ftags&post=276898"}],"curies":[{"name":"wp","href":"https:\/\/api.w.org\/{rel}","templated":true}]}}