{"id":276905,"date":"2023-03-17T15:14:23","date_gmt":"2023-03-17T12:14:23","guid":{"rendered":"https:\/\/sana.sy\/tr\/?p=276905"},"modified":"2023-03-18T10:28:05","modified_gmt":"2023-03-18T07:28:05","slug":"suriyenin-katilimiyla-uluslararasi-bagdat-cicek-festivali-faaliyetleri-baslatildi","status":"publish","type":"post","link":"https:\/\/archive.sana.sy\/tr\/?p=276905","title":{"rendered":"Suriye&#8217;nin Kat\u0131l\u0131m\u0131yla Uluslararas\u0131 Ba\u011fdat \u00c7i\u00e7ek Festivali Faaliyetleri Ba\u015flat\u0131ld\u0131"},"content":{"rendered":"<p><strong>BA\u011eDAT<\/strong> \u2013 Suriye&#8217;nin kat\u0131l\u0131m\u0131yla 12. oturumu Uluslararas\u0131 Ba\u011fdat \u00c7i\u00e7ek Festivali etkinlikleri, Corona pandemisi nedeniyle \u00fc\u00e7 y\u0131l aradan sonra Irak&#8217;\u0131n ba\u015fkenti Ba\u011fdat&#8217;ta ba\u015flad\u0131.<\/p>\n<p>D\u00fcn ak\u015fam faaliyetlerine ba\u015flayan festivale Suriye&#8217;nin yan\u0131 s\u0131ra M\u0131s\u0131r, Sudan, L\u00fcbnan, \u00dcrd\u00fcn, Hollanda, \u0130ran ve onlarca ofis, fidanl\u0131k ve tar\u0131m firmas\u0131 kat\u0131l\u0131yor.<\/p>\n<p><img loading=\"lazy\" decoding=\"async\" class=\"size-medium wp-image-276911 alignright\" src=\"http:\/\/sana.sy\/tr\/wp-content\/uploads\/2023\/03\/photo_2023-03-17_12-37-33-copy-300x189.jpg\" alt=\"\" width=\"300\" height=\"189\" srcset=\"https:\/\/archive.sana.sy\/tr\/wp-content\/uploads\/2023\/03\/photo_2023-03-17_12-37-33-copy-300x189.jpg 300w, https:\/\/archive.sana.sy\/tr\/wp-content\/uploads\/2023\/03\/photo_2023-03-17_12-37-33-copy-150x95.jpg 150w, https:\/\/archive.sana.sy\/tr\/wp-content\/uploads\/2023\/03\/photo_2023-03-17_12-37-33-copy.jpg 660w\" sizes=\"auto, (max-width: 300px) 100vw, 300px\" \/>Ba\u015fkent Ba\u011fdat Belediye Ba\u015fkan\u0131 Ammar Musa, SANA muhabirine yapt\u0131\u011f\u0131 a\u00e7\u0131klamada, Suriye&#8217;nin geni\u015f kat\u0131l\u0131m\u0131na \u00f6vg\u00fcde bulunarak, bunun tar\u0131m alan\u0131nda i\u015fbirli\u011fi umutlar\u0131 a\u00e7aca\u011f\u0131na ve iki \u00fclke aras\u0131ndaki deneyim al\u0131\u015fveri\u015fini art\u0131raca\u011f\u0131na i\u015faret etti.<\/p>\n<p>Suriye&#8217;nin Irak B\u00fcy\u00fckel\u00e7isi Sattam Cadaan El Dandah ise, Suriye&#8217;nin festivale kat\u0131l\u0131m\u0131n\u0131n Irakl\u0131lar ve Araplara bir sevgi ve bar\u0131\u015f mesaj\u0131 ve \u00e7i\u00e7ekler ve \u015fifal\u0131 bitkiler alan\u0131nda deneyim al\u0131\u015fveri\u015finde bulunmak i\u00e7in karde\u015flerle bir araya gelme f\u0131rsat\u0131 verdi\u011fine dikkat \u00e7ekti.<\/p>\n<div id='gallery-1' class='gallery galleryid-276905 gallery-columns-2 gallery-size-full'><figure class='gallery-item'>\n\t\t\t<div class='gallery-icon landscape'>\n\t\t\t\t<a href='https:\/\/archive.sana.sy\/tr\/wp-content\/uploads\/2023\/03\/photo_2023-03-17_12-37-18-copy.jpg'><img loading=\"lazy\" decoding=\"async\" width=\"660\" height=\"411\" src=\"https:\/\/archive.sana.sy\/tr\/wp-content\/uploads\/2023\/03\/photo_2023-03-17_12-37-18-copy.jpg\" class=\"attachment-full size-full\" alt=\"\" srcset=\"https:\/\/archive.sana.sy\/tr\/wp-content\/uploads\/2023\/03\/photo_2023-03-17_12-37-18-copy.jpg 660w, https:\/\/archive.sana.sy\/tr\/wp-content\/uploads\/2023\/03\/photo_2023-03-17_12-37-18-copy-300x187.jpg 300w, https:\/\/archive.sana.sy\/tr\/wp-content\/uploads\/2023\/03\/photo_2023-03-17_12-37-18-copy-150x93.jpg 150w\" sizes=\"auto, (max-width: 660px) 100vw, 660px\" \/><\/a>\n\t\t\t<\/div><\/figure><figure class='gallery-item'>\n\t\t\t<div class='gallery-icon landscape'>\n\t\t\t\t<a href='https:\/\/archive.sana.sy\/tr\/wp-content\/uploads\/2023\/03\/photo_2023-03-17_12-37-35-copy.jpg'><img loading=\"lazy\" decoding=\"async\" width=\"660\" height=\"397\" src=\"https:\/\/archive.sana.sy\/tr\/wp-content\/uploads\/2023\/03\/photo_2023-03-17_12-37-35-copy.jpg\" class=\"attachment-full size-full\" alt=\"\" srcset=\"https:\/\/archive.sana.sy\/tr\/wp-content\/uploads\/2023\/03\/photo_2023-03-17_12-37-35-copy.jpg 660w, https:\/\/archive.sana.sy\/tr\/wp-content\/uploads\/2023\/03\/photo_2023-03-17_12-37-35-copy-300x180.jpg 300w, https:\/\/archive.sana.sy\/tr\/wp-content\/uploads\/2023\/03\/photo_2023-03-17_12-37-35-copy-150x90.jpg 150w\" sizes=\"auto, (max-width: 660px) 100vw, 660px\" \/><\/a>\n\t\t\t<\/div><\/figure>\n\t\t<\/div>\n\n<p><a href=\"https:\/\/t.me\/SuriyeArapHaberAjansI\">Telegram Kanal\u0131m\u0131z\u00a0<\/a><\/p>\n<p><a href=\"https:\/\/www.facebook.com\/SANAHaberAjansi\/\">Facebook Sayfam\u0131z<\/a><\/p>\n","protected":false},"excerpt":{"rendered":"<p>BA\u011eDAT \u2013 Suriye&#8217;nin kat\u0131l\u0131m\u0131yla 12. oturumu Uluslararas\u0131 Ba\u011fdat \u00c7i\u00e7ek Festivali etkinlikleri, Corona pandemisi nedeniyle \u00fc\u00e7 y\u0131l aradan sonra Irak&#8217;\u0131n ba\u015fkenti Ba\u011fdat&#8217;ta ba\u015flad\u0131. D\u00fcn ak\u015fam faaliyetlerine ba\u015flayan festivale Suriye&#8217;nin yan\u0131 s\u0131ra M\u0131s\u0131r, Sudan, L\u00fcbnan, \u00dcrd\u00fcn, Hollanda, \u0130ran ve onlarca ofis, fidanl\u0131k ve tar\u0131m firmas\u0131 kat\u0131l\u0131yor. Ba\u015fkent Ba\u011fdat Belediye Ba\u015fkan\u0131 Ammar Musa, SANA muhabirine yapt\u0131\u011f\u0131 a\u00e7\u0131klamada, Suriye&#8217;nin &hellip;<\/p>\n","protected":false},"author":39,"featured_media":276906,"comment_status":"closed","ping_status":"closed","sticky":false,"template":"","format":"standard","meta":{"footnotes":""},"categories":[458,459,17988],"tags":[],"class_list":["post-276905","post","type-post","status-publish","format-standard","has-post-thumbnail","","category-dunya1","category-haberler-arap-uluslararasi-politika","category-son-haberler"],"_links":{"self":[{"href":"https:\/\/archive.sana.sy\/tr\/index.php?rest_route=\/wp\/v2\/posts\/276905","targetHints":{"allow":["GET"]}}],"collection":[{"href":"https:\/\/archive.sana.sy\/tr\/index.php?rest_route=\/wp\/v2\/posts"}],"about":[{"href":"https:\/\/archive.sana.sy\/tr\/index.php?rest_route=\/wp\/v2\/types\/post"}],"author":[{"embeddable":true,"href":"https:\/\/archive.sana.sy\/tr\/index.php?rest_route=\/wp\/v2\/users\/39"}],"replies":[{"embeddable":true,"href":"https:\/\/archive.sana.sy\/tr\/index.php?rest_route=%2Fwp%2Fv2%2Fcomments&post=276905"}],"version-history":[{"count":0,"href":"https:\/\/archive.sana.sy\/tr\/index.php?rest_route=\/wp\/v2\/posts\/276905\/revisions"}],"wp:featuredmedia":[{"embeddable":true,"href":"https:\/\/archive.sana.sy\/tr\/index.php?rest_route=\/wp\/v2\/media\/276906"}],"wp:attachment":[{"href":"https:\/\/archive.sana.sy\/tr\/index.php?rest_route=%2Fwp%2Fv2%2Fmedia&parent=276905"}],"wp:term":[{"taxonomy":"category","embeddable":true,"href":"https:\/\/archive.sana.sy\/tr\/index.php?rest_route=%2Fwp%2Fv2%2Fcategories&post=276905"},{"taxonomy":"post_tag","embeddable":true,"href":"https:\/\/archive.sana.sy\/tr\/index.php?rest_route=%2Fwp%2Fv2%2Ftags&post=276905"}],"curies":[{"name":"wp","href":"https:\/\/api.w.org\/{rel}","templated":true}]}}