{"id":276913,"date":"2023-03-17T22:15:58","date_gmt":"2023-03-17T19:15:58","guid":{"rendered":"https:\/\/sana.sy\/tr\/?p=276913"},"modified":"2023-03-19T08:13:14","modified_gmt":"2023-03-19T05:13:14","slug":"belarustaki-suriyeli-cocuklar-icin-kamplara-hazirlik-hakkinda-suriye-belarus-gorusmeleri","status":"publish","type":"post","link":"https:\/\/archive.sana.sy\/tr\/?p=276913","title":{"rendered":"Belarus&#8217;taki Suriyeli \u00c7ocuklar \u0130\u00e7in Kamplara Haz\u0131rl\u0131k Hakk\u0131nda Suriye-Belarus G\u00f6r\u00fc\u015fmeleri"},"content":{"rendered":"<p>M\u0130NSK \u2013 Suriye&#8217;nin Belarus B\u00fcy\u00fckel\u00e7isi Muhammed El Umrani, Belarus \u00c7ocuk Bak\u0131m Merkezi (Zubronak Dinlenme Sa\u011fl\u0131\u011f\u0131 Kamp\u0131) m\u00fcd\u00fcr\u00fc Nadezhda Gennadavina ile \u00f6n\u00fcm\u00fczdeki aylarda 225&#8217;ten fazla Suriyeli \u00e7ocuk i\u00e7in kamplarda kurulacak kamplar\u0131n haz\u0131rl\u0131klar\u0131n\u0131 g\u00f6r\u00fc\u015ft\u00fc.<\/p>\n<p><img loading=\"lazy\" decoding=\"async\" class=\"size-medium wp-image-276914 alignright\" src=\"http:\/\/sana.sy\/tr\/wp-content\/uploads\/2023\/03\/1-14-300x190.jpg\" alt=\"\" width=\"300\" height=\"190\" srcset=\"https:\/\/archive.sana.sy\/tr\/wp-content\/uploads\/2023\/03\/1-14-300x190.jpg 300w, https:\/\/archive.sana.sy\/tr\/wp-content\/uploads\/2023\/03\/1-14-150x95.jpg 150w, https:\/\/archive.sana.sy\/tr\/wp-content\/uploads\/2023\/03\/1-14.jpg 660w\" sizes=\"auto, (max-width: 300px) 100vw, 300px\" \/>El Umrani, Suriye taraf\u0131n\u0131n Belarus&#8217;un insani giri\u015fimi ve son y\u0131llarda Suriye&#8217;ye y\u00f6nelik ter\u00f6r sava\u015f\u0131, ekonomik yapt\u0131r\u0131mlar ve haks\u0131z zorlay\u0131c\u0131 yapt\u0131r\u0131mlar\u0131n yan\u0131 s\u0131ra ge\u00e7en \u015eubat ay\u0131n\u0131n 6&#8217;s\u0131nda Suriye&#8217;yi vuran depremin y\u0131k\u0131c\u0131 etkilerinden ac\u0131 \u00e7eken Suriyeli \u00e7ocuklar i\u00e7in sa\u011fl\u0131k ve dinlenme kamplar\u0131n\u0131 ba\u015far\u0131l\u0131 k\u0131lmak i\u00e7in yap\u0131lan ve halen yap\u0131lmakta olan t\u00fcm \u00e7abalar\u0131 takdir etti\u011fini ifade etti.<\/p>\n<p>El Umrani, bu kamplar\u0131n, bu y\u0131l kamplar\u0131n ba\u015far\u0131l\u0131 olmas\u0131 i\u00e7in gerekli t\u00fcm haz\u0131rl\u0131klar\u0131 ve \u00f6nlemleri almaya haz\u0131r olan Belarus ve Suriye aras\u0131ndaki g\u00fc\u00e7l\u00fc dostlu\u011fu yans\u0131tt\u0131\u011f\u0131n\u0131 vurgulad\u0131.<\/p>\n<p>Gennadievna ise, \u00fclkesinin bu kamplarda Suriyeli \u00e7ocuklar\u0131 kabul etmeye ve onlar\u0131 t\u00fcm \u00f6zen ve dikkatle sevgi ve mutlulukla ku\u015fatmaya devam etti\u011fini belirtti.<\/p>\n<p><a href=\"https:\/\/t.me\/SuriyeArapHaberAjansI\">Telegram Kanal\u0131m\u0131z\u00a0<\/a><\/p>\n<p><a href=\"https:\/\/www.facebook.com\/SANAHaberAjansi\/\">Facebook Sayfam\u0131z<\/a><\/p>\n","protected":false},"excerpt":{"rendered":"<p>M\u0130NSK \u2013 Suriye&#8217;nin Belarus B\u00fcy\u00fckel\u00e7isi Muhammed El Umrani, Belarus \u00c7ocuk Bak\u0131m Merkezi (Zubronak Dinlenme Sa\u011fl\u0131\u011f\u0131 Kamp\u0131) m\u00fcd\u00fcr\u00fc Nadezhda Gennadavina ile \u00f6n\u00fcm\u00fczdeki aylarda 225&#8217;ten fazla Suriyeli \u00e7ocuk i\u00e7in kamplarda kurulacak kamplar\u0131n haz\u0131rl\u0131klar\u0131n\u0131 g\u00f6r\u00fc\u015ft\u00fc. El Umrani, Suriye taraf\u0131n\u0131n Belarus&#8217;un insani giri\u015fimi ve son y\u0131llarda Suriye&#8217;ye y\u00f6nelik ter\u00f6r sava\u015f\u0131, ekonomik yapt\u0131r\u0131mlar ve haks\u0131z zorlay\u0131c\u0131 yapt\u0131r\u0131mlar\u0131n yan\u0131 s\u0131ra ge\u00e7en &hellip;<\/p>\n","protected":false},"author":36,"featured_media":276915,"comment_status":"closed","ping_status":"closed","sticky":false,"template":"","format":"standard","meta":{"footnotes":""},"categories":[458,459,17988],"tags":[],"class_list":["post-276913","post","type-post","status-publish","format-standard","has-post-thumbnail","","category-dunya1","category-haberler-arap-uluslararasi-politika","category-son-haberler"],"_links":{"self":[{"href":"https:\/\/archive.sana.sy\/tr\/index.php?rest_route=\/wp\/v2\/posts\/276913","targetHints":{"allow":["GET"]}}],"collection":[{"href":"https:\/\/archive.sana.sy\/tr\/index.php?rest_route=\/wp\/v2\/posts"}],"about":[{"href":"https:\/\/archive.sana.sy\/tr\/index.php?rest_route=\/wp\/v2\/types\/post"}],"author":[{"embeddable":true,"href":"https:\/\/archive.sana.sy\/tr\/index.php?rest_route=\/wp\/v2\/users\/36"}],"replies":[{"embeddable":true,"href":"https:\/\/archive.sana.sy\/tr\/index.php?rest_route=%2Fwp%2Fv2%2Fcomments&post=276913"}],"version-history":[{"count":0,"href":"https:\/\/archive.sana.sy\/tr\/index.php?rest_route=\/wp\/v2\/posts\/276913\/revisions"}],"wp:featuredmedia":[{"embeddable":true,"href":"https:\/\/archive.sana.sy\/tr\/index.php?rest_route=\/wp\/v2\/media\/276915"}],"wp:attachment":[{"href":"https:\/\/archive.sana.sy\/tr\/index.php?rest_route=%2Fwp%2Fv2%2Fmedia&parent=276913"}],"wp:term":[{"taxonomy":"category","embeddable":true,"href":"https:\/\/archive.sana.sy\/tr\/index.php?rest_route=%2Fwp%2Fv2%2Fcategories&post=276913"},{"taxonomy":"post_tag","embeddable":true,"href":"https:\/\/archive.sana.sy\/tr\/index.php?rest_route=%2Fwp%2Fv2%2Ftags&post=276913"}],"curies":[{"name":"wp","href":"https:\/\/api.w.org\/{rel}","templated":true}]}}