{"id":276922,"date":"2023-03-17T22:40:10","date_gmt":"2023-03-17T19:40:10","guid":{"rendered":"https:\/\/sana.sy\/tr\/?p=276922"},"modified":"2023-03-19T08:13:20","modified_gmt":"2023-03-19T05:13:20","slug":"bogdanov-ve-caferi-cumhurbaskani-esadin-ziyareti-sirasinda-varilan-anlasmalari-uygulamanin-yollarini-gorustu","status":"publish","type":"post","link":"https:\/\/archive.sana.sy\/tr\/?p=276922","title":{"rendered":"Bogdanov ve Caferi, Cumhurba\u015fkan\u0131 Esad&#8217;\u0131n Ziyareti S\u0131ras\u0131nda Var\u0131lan Anla\u015fmalar\u0131 Uygulaman\u0131n Yollar\u0131n\u0131 G\u00f6r\u00fc\u015ft\u00fc"},"content":{"rendered":"<p>MOSKOVA \u2013 Rusya Devlet Ba\u015fkan\u0131&#8217;n\u0131n Orta Do\u011fu ve Afrika \u00dclkeleri \u00d6zel Temsilcisi D\u0131\u015fi\u015fleri Bakan Yard\u0131mc\u0131s\u0131 Mihail Bogdanov, Suriye&#8217;nin Rusya B\u00fcy\u00fckel\u00e7isi Be\u015f\u015far Caferi ile iki g\u00fcn \u00f6nce Moskova&#8217;da Cumjhurba\u015fkan\u0131 Be\u015f\u015far Esad ile Rusya Devlet Ba\u015fkan\u0131 Vladimir Putin aras\u0131nda ger\u00e7ekle\u015fen g\u00f6r\u00fc\u015fmede belirlenen g\u00f6revlerin uygulanmas\u0131n\u0131 g\u00f6r\u00fc\u015ft\u00fc.<\/p>\n<p>Rusya D\u0131\u015fi\u015fleri Bakanl\u0131\u011f\u0131, &#8220;Bogdanov ile Caferi aras\u0131ndaki g\u00f6r\u00fc\u015fmede, Suriye Arap Cumhuriyeti Cumhurba\u015fkan\u0131 Say\u0131n Cumhurba\u015fkan\u0131 Be\u015f\u015far Esad&#8217;\u0131n Moskova&#8217;ya yapt\u0131\u011f\u0131 resmi ziyaret s\u0131ras\u0131nda var\u0131lan \u00e7ok y\u00f6nl\u00fc Rusya-Suriye i\u015fbirli\u011finin g\u00fc\u00e7lendirilmesine y\u00f6nelik anla\u015fmalar\u0131n uygulanmas\u0131n\u0131n yollar\u0131n\u0131 g\u00f6r\u00fc\u015ft\u00fcler&#8221; dedi.<\/p>\n<p><a href=\"https:\/\/t.me\/SuriyeArapHaberAjansI\">Telegram Kanal\u0131m\u0131z\u00a0<\/a><\/p>\n<p><a href=\"https:\/\/www.facebook.com\/SANAHaberAjansi\/\">Facebook Sayfam\u0131z<\/a><\/p>\n<p>&nbsp;<\/p>\n","protected":false},"excerpt":{"rendered":"<p>MOSKOVA \u2013 Rusya Devlet Ba\u015fkan\u0131&#8217;n\u0131n Orta Do\u011fu ve Afrika \u00dclkeleri \u00d6zel Temsilcisi D\u0131\u015fi\u015fleri Bakan Yard\u0131mc\u0131s\u0131 Mihail Bogdanov, Suriye&#8217;nin Rusya B\u00fcy\u00fckel\u00e7isi Be\u015f\u015far Caferi ile iki g\u00fcn \u00f6nce Moskova&#8217;da Cumjhurba\u015fkan\u0131 Be\u015f\u015far Esad ile Rusya Devlet Ba\u015fkan\u0131 Vladimir Putin aras\u0131nda ger\u00e7ekle\u015fen g\u00f6r\u00fc\u015fmede belirlenen g\u00f6revlerin uygulanmas\u0131n\u0131 g\u00f6r\u00fc\u015ft\u00fc. Rusya D\u0131\u015fi\u015fleri Bakanl\u0131\u011f\u0131, &#8220;Bogdanov ile Caferi aras\u0131ndaki g\u00f6r\u00fc\u015fmede, Suriye Arap Cumhuriyeti Cumhurba\u015fkan\u0131 &hellip;<\/p>\n","protected":false},"author":36,"featured_media":276923,"comment_status":"closed","ping_status":"closed","sticky":false,"template":"","format":"standard","meta":{"footnotes":""},"categories":[458,459,17988],"tags":[],"class_list":["post-276922","post","type-post","status-publish","format-standard","has-post-thumbnail","","category-dunya1","category-haberler-arap-uluslararasi-politika","category-son-haberler"],"_links":{"self":[{"href":"https:\/\/archive.sana.sy\/tr\/index.php?rest_route=\/wp\/v2\/posts\/276922","targetHints":{"allow":["GET"]}}],"collection":[{"href":"https:\/\/archive.sana.sy\/tr\/index.php?rest_route=\/wp\/v2\/posts"}],"about":[{"href":"https:\/\/archive.sana.sy\/tr\/index.php?rest_route=\/wp\/v2\/types\/post"}],"author":[{"embeddable":true,"href":"https:\/\/archive.sana.sy\/tr\/index.php?rest_route=\/wp\/v2\/users\/36"}],"replies":[{"embeddable":true,"href":"https:\/\/archive.sana.sy\/tr\/index.php?rest_route=%2Fwp%2Fv2%2Fcomments&post=276922"}],"version-history":[{"count":0,"href":"https:\/\/archive.sana.sy\/tr\/index.php?rest_route=\/wp\/v2\/posts\/276922\/revisions"}],"wp:featuredmedia":[{"embeddable":true,"href":"https:\/\/archive.sana.sy\/tr\/index.php?rest_route=\/wp\/v2\/media\/276923"}],"wp:attachment":[{"href":"https:\/\/archive.sana.sy\/tr\/index.php?rest_route=%2Fwp%2Fv2%2Fmedia&parent=276922"}],"wp:term":[{"taxonomy":"category","embeddable":true,"href":"https:\/\/archive.sana.sy\/tr\/index.php?rest_route=%2Fwp%2Fv2%2Fcategories&post=276922"},{"taxonomy":"post_tag","embeddable":true,"href":"https:\/\/archive.sana.sy\/tr\/index.php?rest_route=%2Fwp%2Fv2%2Ftags&post=276922"}],"curies":[{"name":"wp","href":"https:\/\/api.w.org\/{rel}","templated":true}]}}