{"id":276937,"date":"2023-03-17T22:56:09","date_gmt":"2023-03-17T19:56:09","guid":{"rendered":"https:\/\/sana.sy\/tr\/?p=276937"},"modified":"2023-03-19T08:13:22","modified_gmt":"2023-03-19T05:13:22","slug":"buyukelci-ali-ahmed-zorlayici-tek-tarafli-yaptirimlarin-insan-haklari-uzerinde-olumsuz-etkisi-vardir","status":"publish","type":"post","link":"https:\/\/archive.sana.sy\/tr\/?p=276937","title":{"rendered":"B\u00fcy\u00fckel\u00e7i Ali Ahmed: Zorlay\u0131c\u0131 Tek Tarafl\u0131 Yapt\u0131r\u0131mlar\u0131n \u0130nsan Haklar\u0131 \u00dczerinde Olumsuz Etkisi Vard\u0131r"},"content":{"rendered":"<p>CENEVRE \u2013 Suriye&#8217;nin Cenevre&#8217;deki Birle\u015fmi\u015f Milletler Ofisi ve uluslararas\u0131 kurulu\u015flar nezdindeki daimi temsilcisi B\u00fcy\u00fckel\u00e7i Haider Ali Ahmed, bir\u00e7ok \u00fclkeye uygulanan zorlay\u0131c\u0131 tek tarafl\u0131 yapt\u0131r\u0131mlar\u0131n temel insan haklar\u0131n\u0131 olumsuz etkiledi\u011fini ve bu nedenle herhangi bir k\u0131s\u0131tlama veya ko\u015ful olmaks\u0131z\u0131n derhal sona erdirilmesi gerekti\u011fini vurgulad\u0131.<\/p>\n<p>Ali Ahmed, bug\u00fcn bir grup \u00fclke ad\u0131na \u0130nsan Haklar\u0131 Konseyi&#8217;nde yapt\u0131\u011f\u0131 a\u00e7\u0131klamada, t\u00fcm zorlay\u0131c\u0131 tek tarafl\u0131 yapt\u0131r\u0131mlar\u0131n kald\u0131r\u0131lmas\u0131na ili\u015fkin: \u201c\u0130nsan Haklar\u0131 Evrensel Beyannamesi&#8217;nin 75. y\u0131ld\u00f6n\u00fcm\u00fc ve Viyana Bildirgesi ve Eylem Program\u0131&#8217;n\u0131n 30. y\u0131ld\u00f6n\u00fcm\u00fc kutlamalar\u0131, insan haklar\u0131na evrensel sayg\u0131n\u0131n ve bu haklar\u0131n g\u00f6zetilmesinin geli\u015ftirilmesine y\u00f6nelik taahh\u00fctleri yenilemek i\u00e7in bir f\u0131rsat sunuyor\u201d dedi.<\/p>\n<p>Ali Ahmed, &#8220;Birle\u015fmi\u015f Milletler \u015eart\u0131 ilkelerine dayanan adil bir uluslararas\u0131 d\u00fczenin kurulmas\u0131, \u0130nsan Haklar\u0131 Evrensel Beyannamesi&#8217;nde \u00f6ng\u00f6r\u00fclen hak ve \u00f6zg\u00fcrl\u00fcklerin tam olarak ger\u00e7ekle\u015ftirilmesini te\u015fvik eder&#8221; dedi.<\/p>\n<p>B\u00fcy\u00fckel\u00e7i Ahmad, yasa d\u0131\u015f\u0131 tek tarafl\u0131 zorlay\u0131c\u0131 yapt\u0131r\u0131mlar\u0131n uygulanmas\u0131n\u0131n uluslararas\u0131 dayan\u0131\u015fma ruhuyla \u00e7eli\u015fti\u011fini ve herkesin do\u011fu\u015ftan gelen insanl\u0131k onurunun tan\u0131nmas\u0131n\u0131 ve e\u015fit ve devredilemez haklardan yararlanmas\u0131n\u0131 reddetti\u011fini vurgulad\u0131.<\/p>\n<p>Suriye b\u00fcy\u00fckel\u00e7isi, Birle\u015fmi\u015f Milletler \u0130nsan Haklar\u0131 Y\u00fcksek Komiserli\u011fi&#8217;ne bu yapt\u0131r\u0131mlar\u0131n olumsuz etkilerine yeterince dikkat etmesi ve yetkisi \u00e7er\u00e7evesinde insan haklar\u0131n\u0131n ger\u00e7ekle\u015fmesinin \u00f6n\u00fcndeki bu engelin kald\u0131r\u0131lmas\u0131 ve daha fazla ihlalin \u00f6nlenmesi i\u00e7in \u00e7aba sarf etmesi \u00e7a\u011fr\u0131s\u0131nda bulundu.<\/p>\n<p><a href=\"https:\/\/t.me\/SuriyeArapHaberAjansI\">Telegram Kanal\u0131m\u0131z\u00a0<\/a><\/p>\n<p><a href=\"https:\/\/www.facebook.com\/SANAHaberAjansi\/\">Facebook Sayfam\u0131z<\/a><\/p>\n","protected":false},"excerpt":{"rendered":"<p>CENEVRE \u2013 Suriye&#8217;nin Cenevre&#8217;deki Birle\u015fmi\u015f Milletler Ofisi ve uluslararas\u0131 kurulu\u015flar nezdindeki daimi temsilcisi B\u00fcy\u00fckel\u00e7i Haider Ali Ahmed, bir\u00e7ok \u00fclkeye uygulanan zorlay\u0131c\u0131 tek tarafl\u0131 yapt\u0131r\u0131mlar\u0131n temel insan haklar\u0131n\u0131 olumsuz etkiledi\u011fini ve bu nedenle herhangi bir k\u0131s\u0131tlama veya ko\u015ful olmaks\u0131z\u0131n derhal sona erdirilmesi gerekti\u011fini vurgulad\u0131. Ali Ahmed, bug\u00fcn bir grup \u00fclke ad\u0131na \u0130nsan Haklar\u0131 Konseyi&#8217;nde yapt\u0131\u011f\u0131 a\u00e7\u0131klamada, &hellip;<\/p>\n","protected":false},"author":36,"featured_media":276938,"comment_status":"closed","ping_status":"closed","sticky":false,"template":"","format":"standard","meta":{"footnotes":""},"categories":[458,459,17988],"tags":[],"class_list":["post-276937","post","type-post","status-publish","format-standard","has-post-thumbnail","","category-dunya1","category-haberler-arap-uluslararasi-politika","category-son-haberler"],"_links":{"self":[{"href":"https:\/\/archive.sana.sy\/tr\/index.php?rest_route=\/wp\/v2\/posts\/276937","targetHints":{"allow":["GET"]}}],"collection":[{"href":"https:\/\/archive.sana.sy\/tr\/index.php?rest_route=\/wp\/v2\/posts"}],"about":[{"href":"https:\/\/archive.sana.sy\/tr\/index.php?rest_route=\/wp\/v2\/types\/post"}],"author":[{"embeddable":true,"href":"https:\/\/archive.sana.sy\/tr\/index.php?rest_route=\/wp\/v2\/users\/36"}],"replies":[{"embeddable":true,"href":"https:\/\/archive.sana.sy\/tr\/index.php?rest_route=%2Fwp%2Fv2%2Fcomments&post=276937"}],"version-history":[{"count":0,"href":"https:\/\/archive.sana.sy\/tr\/index.php?rest_route=\/wp\/v2\/posts\/276937\/revisions"}],"wp:featuredmedia":[{"embeddable":true,"href":"https:\/\/archive.sana.sy\/tr\/index.php?rest_route=\/wp\/v2\/media\/276938"}],"wp:attachment":[{"href":"https:\/\/archive.sana.sy\/tr\/index.php?rest_route=%2Fwp%2Fv2%2Fmedia&parent=276937"}],"wp:term":[{"taxonomy":"category","embeddable":true,"href":"https:\/\/archive.sana.sy\/tr\/index.php?rest_route=%2Fwp%2Fv2%2Fcategories&post=276937"},{"taxonomy":"post_tag","embeddable":true,"href":"https:\/\/archive.sana.sy\/tr\/index.php?rest_route=%2Fwp%2Fv2%2Ftags&post=276937"}],"curies":[{"name":"wp","href":"https:\/\/api.w.org\/{rel}","templated":true}]}}