{"id":276940,"date":"2023-03-18T11:02:09","date_gmt":"2023-03-18T08:02:09","guid":{"rendered":"https:\/\/sana.sy\/tr\/?p=276940"},"modified":"2023-03-19T08:13:31","modified_gmt":"2023-03-19T05:13:31","slug":"nebenzia-uluslararasi-ceza-mahkemesinin-baskan-putine-karsi-aldigi-karar-sacmadir","status":"publish","type":"post","link":"https:\/\/archive.sana.sy\/tr\/?p=276940","title":{"rendered":"Nebenzia: Uluslararas\u0131 Ceza Mahkemesi&#8217;nin Ba\u015fkan Putin&#8217;e Kar\u015f\u0131 Ald\u0131\u011f\u0131 Karar Sa\u00e7mad\u0131r"},"content":{"rendered":"<p>WASH\u0130NGTON \u2013 Rusya&#8217;n\u0131n Birle\u015fmi\u015f Milletler Daimi Temsilcisi Vasily Nebenzia, Uluslararas\u0131 Ceza Mahkemesi&#8217;nin Rusya Devlet Ba\u015fkan\u0131 Vladimir Putin hakk\u0131nda tutuklama emri \u00e7\u0131karma karar\u0131n\u0131 &#8220;sa\u00e7ma ve kabul edilemez&#8221; olarak nitelendirdi.<\/p>\n<p>Rus haber ajans\u0131 TASS&#8217;\u0131n aktard\u0131\u011f\u0131na g\u00f6re Nebenzia, &#8220;Bu, yasal a\u00e7\u0131dan kesinlikle sa\u00e7ma ve kabul edilemez ve Uluslararas\u0131 Ceza Mahkemesi&#8217;nin hi\u00e7bir karar\u0131n\u0131 tan\u0131m\u0131yoruz&#8221; dedi.<\/p>\n<p>Rusya D\u0131\u015fi\u015fleri Bakanl\u0131\u011f\u0131 s\u00f6zc\u00fcs\u00fc Maria Zakharova, Uluslararas\u0131 Ceza Mahkemesi&#8217;nin Ba\u015fkan Putin hakk\u0131nda tutuklama emri \u00e7\u0131karma karar\u0131n\u0131n Rusya i\u00e7in bir anlam ifade etmedi\u011fini belirtti.<\/p>\n<p><a href=\"https:\/\/t.me\/SuriyeArapHaberAjansI\">Telegram Kanal\u0131m\u0131z\u00a0<\/a><\/p>\n<p><a href=\"https:\/\/www.facebook.com\/SANAHaberAjansi\/\">Facebook Sayfam\u0131z<\/a><\/p>\n","protected":false},"excerpt":{"rendered":"<p>WASH\u0130NGTON \u2013 Rusya&#8217;n\u0131n Birle\u015fmi\u015f Milletler Daimi Temsilcisi Vasily Nebenzia, Uluslararas\u0131 Ceza Mahkemesi&#8217;nin Rusya Devlet Ba\u015fkan\u0131 Vladimir Putin hakk\u0131nda tutuklama emri \u00e7\u0131karma karar\u0131n\u0131 &#8220;sa\u00e7ma ve kabul edilemez&#8221; olarak nitelendirdi. Rus haber ajans\u0131 TASS&#8217;\u0131n aktard\u0131\u011f\u0131na g\u00f6re Nebenzia, &#8220;Bu, yasal a\u00e7\u0131dan kesinlikle sa\u00e7ma ve kabul edilemez ve Uluslararas\u0131 Ceza Mahkemesi&#8217;nin hi\u00e7bir karar\u0131n\u0131 tan\u0131m\u0131yoruz&#8221; dedi. Rusya D\u0131\u015fi\u015fleri Bakanl\u0131\u011f\u0131 s\u00f6zc\u00fcs\u00fc &hellip;<\/p>\n","protected":false},"author":36,"featured_media":276941,"comment_status":"closed","ping_status":"closed","sticky":false,"template":"","format":"standard","meta":{"footnotes":""},"categories":[458,459,17988],"tags":[],"class_list":["post-276940","post","type-post","status-publish","format-standard","has-post-thumbnail","","category-dunya1","category-haberler-arap-uluslararasi-politika","category-son-haberler"],"_links":{"self":[{"href":"https:\/\/archive.sana.sy\/tr\/index.php?rest_route=\/wp\/v2\/posts\/276940","targetHints":{"allow":["GET"]}}],"collection":[{"href":"https:\/\/archive.sana.sy\/tr\/index.php?rest_route=\/wp\/v2\/posts"}],"about":[{"href":"https:\/\/archive.sana.sy\/tr\/index.php?rest_route=\/wp\/v2\/types\/post"}],"author":[{"embeddable":true,"href":"https:\/\/archive.sana.sy\/tr\/index.php?rest_route=\/wp\/v2\/users\/36"}],"replies":[{"embeddable":true,"href":"https:\/\/archive.sana.sy\/tr\/index.php?rest_route=%2Fwp%2Fv2%2Fcomments&post=276940"}],"version-history":[{"count":0,"href":"https:\/\/archive.sana.sy\/tr\/index.php?rest_route=\/wp\/v2\/posts\/276940\/revisions"}],"wp:featuredmedia":[{"embeddable":true,"href":"https:\/\/archive.sana.sy\/tr\/index.php?rest_route=\/wp\/v2\/media\/276941"}],"wp:attachment":[{"href":"https:\/\/archive.sana.sy\/tr\/index.php?rest_route=%2Fwp%2Fv2%2Fmedia&parent=276940"}],"wp:term":[{"taxonomy":"category","embeddable":true,"href":"https:\/\/archive.sana.sy\/tr\/index.php?rest_route=%2Fwp%2Fv2%2Fcategories&post=276940"},{"taxonomy":"post_tag","embeddable":true,"href":"https:\/\/archive.sana.sy\/tr\/index.php?rest_route=%2Fwp%2Fv2%2Ftags&post=276940"}],"curies":[{"name":"wp","href":"https:\/\/api.w.org\/{rel}","templated":true}]}}