{"id":276947,"date":"2023-03-17T23:06:45","date_gmt":"2023-03-17T20:06:45","guid":{"rendered":"https:\/\/sana.sy\/tr\/?p=276947"},"modified":"2023-03-19T13:44:21","modified_gmt":"2023-03-19T10:44:21","slug":"276947","status":"publish","type":"post","link":"https:\/\/archive.sana.sy\/tr\/?p=276947","title":{"rendered":"Cumhurba\u015fkan\u0131 Esad: Suriye&#8217;ye Kar\u015f\u0131 Sava\u015f, Bat\u0131&#8217;n\u0131n De\u011fi\u015fmeyece\u011fini Ve Yapt\u0131\u011f\u0131 Her \u015eeyin Yanl\u0131\u015f \u0130nsani \u0130lkelerle \u00c7eli\u015fti\u011fini Kan\u0131tlad\u0131 &#8211; Video"},"content":{"rendered":"<p><strong>MOSKOVA<\/strong> &#8211; Say\u0131n Cumhurba\u015fkan\u0131 Be\u015f\u015far Esad, Suriye&#8217;ye y\u00f6nelik sava\u015f\u0131n, di\u011fer \u00fclkeleri kendi \u00e7\u0131karlar\u0131 pahas\u0131na da olsa kendi gereksinimlerini kar\u015f\u0131layan tabi devletlere d\u00f6n\u00fc\u015ft\u00fcrmeye \u00e7al\u0131\u015fan Bat\u0131&#8217;n\u0131n de\u011fi\u015fmeyece\u011fini kan\u0131tlad\u0131\u011f\u0131n\u0131 belirterek sorunun Ukrayna veya K\u0131r\u0131m meselesiyle ba\u015flamad\u0131\u011f\u0131n\u0131 ayn\u0131 \u015feyin Rusya&#8217;y\u0131 b\u00f6lmek ve zay\u0131flatmak i\u00e7in 300 y\u0131ll\u0131k bir Bat\u0131 hedefi olan \u015feyin bug\u00fcn Rusya&#8217;da da ya\u015fand\u0131\u011f\u0131na i\u015faret etti.<\/p>\n<p>Cumhurba\u015fkan\u0131 Esad, Rusya 1 kanal\u0131na verdi\u011fi r\u00f6portajda, Bat\u0131&#8217;n\u0131n yapt\u0131\u011f\u0131 ve y\u00fcr\u00fcd\u00fc\u011f\u00fc her \u015feyin yanl\u0131\u015f insani ilkeler a\u00e7\u0131s\u0131ndan anlatt\u0131klar\u0131n\u0131n tam tersi oldu\u011funa dikkat \u00e7ekerek, yaln\u0131zca kendi y\u00f6ntemleriyle i\u00e7erik koyduklar\u0131 terimleri ihra\u00e7 etmekte usta olduklar\u0131n\u0131 ve d\u00fcnyan\u0131n b\u00fcy\u00fck bir k\u0131sm\u0131n\u0131n buna inand\u0131\u011f\u0131na, \u00f6zg\u00fcrl\u00fc\u011f\u00fcn g\u00fczel bir terim oldu\u011funu ancak bu \u00f6zg\u00fcrl\u00fc\u011f\u00fcn bir ki\u015finin ba\u015fkalar\u0131n\u0131 \u00f6ld\u00fcrme \u00f6zg\u00fcrl\u00fc\u011f\u00fc, sabote etme ve k\u00f6t\u00fc olan her \u015feyi yapmakla nas\u0131l olabilece\u011fini, benzer anlamda demokrasinin Bat\u0131 i\u00e7in, demokrat olarak s\u0131n\u0131fland\u0131rmalar\u0131na arac\u0131 olarak sizin onlar nezdinde casus olman\u0131z anlam\u0131na geldi\u011fini vurgulad\u0131.<\/p>\n<p><span style=\"color: #ff0000;\">R\u00f6portaj\u0131n Tam Metni:<\/span><\/p>\n<p><span style=\"color: #0000ff;\">Soru: Say\u0131n Cumhurba\u015fkan\u0131, iyi g\u00fcnler. Sizinle do\u011frudan g\u00f6r\u00fc\u015fmemize izin verdi\u011finiz i\u00e7in te\u015fekk\u00fcr ederiz. Sadece \u00fclkeler ve halklar aras\u0131ndaki ili\u015fkilerde de\u011fil, cumhurba\u015fkanlar\u0131 aras\u0131ndaki ili\u015fkilerin de b\u00fcy\u00fck rol\u00fc var. Rusya Devlet Ba\u015fkan\u0131 Vladimir Putin ile sizin aras\u0131ndaki ili\u015fkiler nas\u0131l?<\/span><\/p>\n<p>Cumhurba\u015fkan\u0131 Esad: Ba\u015fkan Vladimir Putin ile ilk kez 2005 y\u0131l\u0131nda, yani neredeyse 18 y\u0131l \u00f6nce g\u00f6r\u00fc\u015ft\u00fcm. D\u00fcn konu\u015ftu\u011fumuzla konu\u015ftu\u011fumuz ayn\u0131 dil, d\u00fcnya neden de\u011fi\u015fti? Rusya&#8217;n\u0131n i\u00e7, d\u0131\u015f ve i\u00e7 durumu uluslararas\u0131 ve b\u00f6lgesel arenada birka\u00e7 kez de\u011fi\u015fti. Ve Suriye, bu iki \u015feye ba\u011fl\u0131: Birincisi, ba\u015fkan\u0131n do\u011fas\u0131, Putin ve ben. Bizler, \u00f6zel dilde ve beyan edilen dilde a\u00e7\u0131k ve net insanlar\u0131z. Ama bence daha \u00f6nemli olan bir nokta var ki, her birimizin dayand\u0131\u011f\u0131 k\u00fclt\u00fcrel temel nedir? S\u00f6m\u00fcrgecilik k\u00fclt\u00fcr\u00fcnden uzak, kibir, \u00fcst\u00fcn g\u00f6rmeden uzak ve ba\u015fkalar\u0131na sayg\u0131dan bir Rus k\u00fclt\u00fcr\u00fc oldu\u011funa inan\u0131yorum, bu pop\u00fcler bir k\u00fclt\u00fcr. Bu pop\u00fcler k\u00fclt\u00fcr siyasi eyleme yans\u0131d\u0131\u011f\u0131nda, ili\u015fkide her zaman istikrar olacakt\u0131r. G\u00fcven olacak ve sayg\u0131 olacak. Pratik olarak konu\u015facak olursak, co\u011frafi anlamda ve ekonomik anlamda k\u00fc\u00e7\u00fck bir \u00fclkeyiz, tarihi rol\u00fcm\u00fcz nedeniyle b\u00f6lgemizde \u00f6zel bir \u00f6neme sahip olabiliriz. Ama biz bir s\u00fcper g\u00fc\u00e7 de\u011filiz, Sovyetler Birli\u011fi ile u\u011fra\u015f\u0131rken bile bizden farkl\u0131 bir \u00fclkeyle u\u011fra\u015ft\u0131\u011f\u0131m\u0131z\u0131 hi\u00e7 hissetmedik.<\/p>\n<p><a href=\"http:\/\/sana.sy\/tr\/wp-content\/uploads\/2023\/03\/\u0644\u0642\u0627\u0621-\u0631\u0648\u0633\u064a\u0627-\u0661-7-copy.jpg\"><img loading=\"lazy\" decoding=\"async\" class=\"alignright wp-image-276949 size-medium\" src=\"http:\/\/sana.sy\/tr\/wp-content\/uploads\/2023\/03\/\u0644\u0642\u0627\u0621-\u0631\u0648\u0633\u064a\u0627-\u0661-7-copy-300x193.jpg\" alt=\"\" width=\"300\" height=\"193\" srcset=\"https:\/\/archive.sana.sy\/tr\/wp-content\/uploads\/2023\/03\/\u0644\u0642\u0627\u0621-\u0631\u0648\u0633\u064a\u0627-\u0661-7-copy-300x193.jpg 300w, https:\/\/archive.sana.sy\/tr\/wp-content\/uploads\/2023\/03\/\u0644\u0642\u0627\u0621-\u0631\u0648\u0633\u064a\u0627-\u0661-7-copy-150x96.jpg 150w, https:\/\/archive.sana.sy\/tr\/wp-content\/uploads\/2023\/03\/\u0644\u0642\u0627\u0621-\u0631\u0648\u0633\u064a\u0627-\u0661-7-copy.jpg 660w\" sizes=\"auto, (max-width: 300px) 100vw, 300px\" \/><\/a>Ayn\u0131 y\u00f6nde akan di\u011fer taraf\u0131n k\u00fclt\u00fcrel rol\u00fc burada yatmaktad\u0131r. Bat\u0131l\u0131 \u00fclkeler, daha k\u00fc\u00e7\u00fck veya daha zay\u0131f olan di\u011fer \u00fclkelerle ili\u015fkilerinde, bu \u00fclkeleri kendi \u00e7\u0131karlar\u0131 pahas\u0131na da olsa ihtiya\u00e7lar\u0131n\u0131 kar\u015f\u0131layan ba\u011f\u0131ml\u0131 devletler haline d\u00f6n\u00fc\u015ft\u00fcrmenin yollar\u0131n\u0131 aramaktad\u0131r. Bizimle Rusya veya eski Sovyetler Birli\u011fi aras\u0131ndaki ili\u015fki \u015fu ki, onlar arkada\u015f ar\u0131yorlar ve bir arkada\u015f\u0131n size yararl\u0131 olabilmesi i\u00e7in g\u00fc\u00e7l\u00fc olmas\u0131 ve zay\u0131f olmamas\u0131 gerekir. Dolay\u0131s\u0131yla Rus mant\u0131\u011f\u0131, Bat\u0131 mant\u0131\u011f\u0131yla tamamen \u00e7eli\u015fiyor ve Suriye ile Bat\u0131 ile Suriye ile Rusya aras\u0131ndaki ili\u015fkideki fark burada yat\u0131yor. Burada, benimle Ba\u015fkan Putin aras\u0131ndaki ili\u015fkiyi, bu b\u00fcy\u00fck resme dayanarak, \u015fu anda yakla\u015f\u0131k 70 y\u0131ll\u0131k olan eski resimden anlayabilirsiniz.<\/p>\n<p><span style=\"color: #0000ff;\">Soru: Bu \u00e7ok g\u00fczel bir \u015fey.Bu arada Bat\u0131l\u0131lar (Amerika ve NATO) \u00f6zg\u00fcrl\u00fck, refah ve demokrasi getirece\u011fiz diyorlar, Suriye halk\u0131n\u0131 Suriye petrol\u00fcnden kurtarmaya \u00e7al\u0131\u015f\u0131yorlar gibi bir his var, yapm\u0131yorlar. Depremde\u2026 Herhangi bir \u015fekilde yard\u0131mc\u0131 oluyorlar m\u0131? Amerikal\u0131lar komik bir \u015fekilde yard\u0131m yaparlarsa Suriye&#8217;deki insanlara de\u011fil rejime gideceklerini duyurdular Halep&#8217;teyken yard\u0131ma ihtiyac\u0131 olanlar\u0131 g\u00f6rd\u00fcm ama orada ne Amerikal\u0131lar\u0131 ne de NATO&#8217;cular\u0131 g\u00f6rmedim. Amerika ve NATO&#8217;nun Suriye topraklar\u0131nda ne i\u015fi var? Kime yard\u0131m ediyorlar?<\/span><\/p>\n<p>Cumhurba\u015fkan\u0131 Esad: Demek istedi\u011fim sorunun \u00f6z\u00fcnde ne yapt\u0131lar? T\u00fcm yapt\u0131klar\u0131, yanl\u0131\u015f insanc\u0131l ilkelerden bahsettiklerinin tam tersidir. Bence Bat\u0131&#8217;n\u0131n marifeti \u015fu ki bize terimler verdiler, ancak bu terimlerin i\u00e7eri\u011fini kendilerine g\u00f6re koydular ve d\u00fcnyan\u0131n b\u00fcy\u00fck bir k\u0131sm\u0131 bu terimlere inand\u0131. \u00d6zg\u00fcrl\u00fck terimi g\u00fczel bir terimdir, ancak \u00f6zg\u00fcrl\u00fck, bir ki\u015finin ba\u015fkalar\u0131n\u0131 \u00f6ld\u00fcrme \u00f6zg\u00fcrl\u00fc\u011f\u00fc, \u00f6zg\u00fcrl\u00fck olabilir mi? Bir insan k\u00f6t\u00fc \u015feyler yaparak \u00f6zg\u00fcrl\u00fc\u011f\u00fc sabote edebilir.Bu g\u00fczel terim \u00e7irkin bir i\u00e7eri\u011fe sahip olabilir.Ayn\u0131 \u015fey demokrasidir. Demokrasi, ulusal kararlara en fazla say\u0131da insan\u0131n kat\u0131lmas\u0131d\u0131r. Onlar i\u00e7in demokrasi, size dayatmak istedikleri modern liberalizm kavramlar\u0131n\u0131 kabul etme konusundaki tek \u00f6zg\u00fcrl\u00fc\u011f\u00fcn\u00fczd\u00fcr. Bu onlar\u0131n istedi\u011fini kabul etmek demokrasidir, demokrasi onlar\u0131n temsilcisi olmakt\u0131r, o zaman demokrat olarak s\u0131n\u0131fland\u0131r\u0131l\u0131rs\u0131n\u0131z,<\/p>\n<p>Yani Bat\u0131 terminolojisi yanl\u0131\u015f terminolojidir, Bat\u0131 politikas\u0131 yalan ve aldatmaca \u00fczerine kuruludur, en iyi Bat\u0131 \u00fclkelerinde, d\u00fcr\u00fcst olursan\u0131z siyasetten \u00e7\u0131kabilirsiniz. Bu y\u00fczden \u00f6nce terminoloji ile zaman kaybetmemeliyiz. Bu terimleri Bat\u0131&#8217;ya benzemeyen di\u011fer halklar olarak bize yak\u0131\u015facak \u015fekilde tan\u0131mlamal\u0131y\u0131z.<\/p>\n<p><span style=\"color: #0000ff;\">Bug\u00fcn Bat\u0131 az\u0131nl\u0131kt\u0131r, \u00e7o\u011funluk de\u011fil. D\u00fcnyadaki \u00e7o\u011fu \u00fclke bat\u0131l\u0131 de\u011fil. \u00d6yleyse neden Bat\u0131&#8217;y\u0131 takip ediyoruz, neden \u015fartlar\u0131m\u0131za, ilgi alanlar\u0131m\u0131za ve vizyonlar\u0131m\u0131za uymuyoruz? Neden Bat\u0131&#8217;ya kar\u015f\u0131 \u00f6l\u00e7\u00fcm yap\u0131yoruz, neden Bat\u0131 referans al\u0131n\u0131yor? Bu bir a\u015fa\u011f\u0131l\u0131k kompleksini g\u00f6sterir, Bat\u0131 vah\u015fidir. Bat\u0131 medeniyetini nas\u0131l in\u015fa etti?<\/span><\/p>\n<p>600 y\u0131l \u00f6nce ke\u015ffetti\u011fi Amerika&#8217;dan paray\u0131 \u00e7ald\u0131. Bu parayla teknoloji in\u015fa etti ve insanlar\u0131 k\u00f6lele\u015ftirmek i\u00e7in kulland\u0131. Paras\u0131n\u0131 kendisi olu\u015fturmad\u0131, 600 y\u0131l sonra \u015fimdi ayn\u0131 \u015feyi yap\u0131yor, biz de Bat\u0131&#8217;n\u0131n pe\u015fine d\u00fc\u015felim mi? bu yanl\u0131\u015f. Art\u0131k d\u00fcnyada Bat\u0131 politikas\u0131n\u0131n tek bir \u015feye, insanl\u0131\u011f\u0131n ve medeniyetin yok olmas\u0131na yol a\u00e7aca\u011f\u0131na dair artan bir fark\u0131ndal\u0131k oldu\u011funa inan\u0131yorum. \u0130nsanl\u0131\u011f\u0131 yok edecek olan odur ve bunu \u015fimdi yap\u0131yorlar ve ger\u00e7ek k\u00fclt\u00fcr\u00fc yok ediyorlar. O y\u00fczden ba\u015fta dedim ki sorunuzun cevab\u0131 soruda. \u00d6ld\u00fcr\u00fcyor ve kand\u0131r\u0131yorlar. Bir deprem olursa, bu depremin Suriye halk\u0131na kar\u015f\u0131 ayn\u0131 sonucu verecek askeri bir sava\u015f yerine jeolojik bir sava\u015f olmas\u0131 onlar i\u00e7in bir f\u0131rsatt\u0131r. Onlar memnunlar depreme k\u0131zmad\u0131klar\u0131 i\u00e7in, bu do\u011fruyu s\u00f6ylemeliyim.<\/p>\n<p><span style=\"color: #0000ff;\">Soru: \u201c\u015eeytanll\u0131k\u201d Suriye&#8217;de birka\u00e7 y\u0131l \u00f6nce ba\u015flad\u0131.. ama Rusya&#8217;da bu ilk y\u0131l.. Suriye&#8217;nin bu k\u00fcresel yalanla y\u00fczle\u015fme deneyiminden ne \u00f6\u011frenmeliyiz?<\/span><\/p>\n<p>Cumhurba\u015fkan\u0131 Esad: Bizim ve sizin uzun bir tecr\u00fcbeniz var ama baz\u0131lar\u0131 bunu g\u00f6rm\u00fcyor. Rusya&#8217;n\u0131n Bat\u0131 ile sorununun Ukrayna meselesiyle veya K\u0131r\u0131m meselesiyle ba\u015flad\u0131\u011f\u0131na inanmak yanl\u0131\u015ft\u0131r. Rusya ile olan sorunlar\u0131 B\u00fcy\u00fck Petro&#8217;dan kalma 300 y\u0131ll\u0131k. Rusya&#8217;n\u0131n k\u00fc\u00e7\u00fck, zay\u0131f bir tabi devlet olmas\u0131 isteniyor. Bu kesin bir istek. Rusya&#8217;da baz\u0131lar\u0131 Bat\u0131&#8217;ya bahse giriyor. Rusya Bat\u0131&#8217;ya teslim olunca i\u00e7i rahat olmaz diye d\u00fc\u015f\u00fcn\u00fcyorum, ne oldu? Birinci \u00c7e\u00e7en sava\u015f\u0131 ve ikinci \u00c7e\u00e7en sava\u015f\u0131 ger\u00e7ekle\u015fti. Bat\u0131 destekli ter\u00f6r operasyonlar\u0131,<\/p>\n<p>Ter\u00f6r\u00fc destekleyen Bat\u0131&#8217;d\u0131r ve Beslan&#8217;\u0131n okuluna girip \u00e7ocuklar\u0131 katletmi\u015flerdir. Tiyatroya girip rehin ald\u0131lar vs.<\/p>\n<p>Ter\u00f6r hala Rusya&#8217;ya girmeye \u00e7al\u0131\u015f\u0131yor. Dolay\u0131s\u0131yla Rusya&#8217;y\u0131 b\u00f6lme ve Rusya&#8217;y\u0131 zay\u0131flatma hedefi, 300 y\u0131ld\u0131r s\u00fcregelen kal\u0131c\u0131 bir Bat\u0131 hedefidir. 300 y\u0131l bir ders vermeye yetmiyorsa ortada b\u00fcy\u00fck bir sorun var demektir. Bizim i\u00e7in Suriye&#8217;de de ayn\u0131 \u015fey, b\u00f6lgemizi s\u00f6m\u00fcrgele\u015ftiren Bat\u0131l\u0131 \u00fclkeler, ister ba\u015fta \u0130ngiltere ve Fransa olsun, ister Amerika \u015fimdi Suriye topraklar\u0131n\u0131 i\u015fgal ediyor. De\u011fi\u015ftirmediler politika de\u011fi\u015fmedi,<\/p>\n<p>Ayr\u0131ld\u0131ktan sonra ekonomik m\u00fczakerelerinde bile de\u011fi\u015fmediler. Tek bir \u015feyi hedefliyorlar.<\/p>\n<p>Arap \u00fclkeleri ile Avrupa Ortakl\u0131k Anla\u015fmas\u0131&#8217;ndan bahsediyorum. Pazarl\u0131k yap\u0131yorduk, Suriye&#8217;den her \u015feyi al\u0131p basit olan\u0131 vermek istiyorlard\u0131.<\/p>\n<p>\u00c7\u0131karlar\u0131m\u0131za ayk\u0131r\u0131 oldu\u011fu i\u00e7in imzalamay\u0131 reddettik. Suriye sava\u015f\u0131 Bat\u0131&#8217;n\u0131n de\u011fi\u015fmeyece\u011fini kan\u0131tlad\u0131<\/p>\n<p>\u00d6yleyse sorunuz ne yapmal\u0131y\u0131z? Sadece g\u00fc\u00e7l\u00fc olmal\u0131y\u0131z, bir ormanda ya\u015f\u0131yorsun, ormandaki en g\u00fc\u00e7l\u00fcler di\u011ferlerini yer, hi\u00e7bir uluslararas\u0131 kanun ka\u011f\u0131t \u00fczerinde de\u011fildir. Uluslararas\u0131 hukuku koruyan kurumlar yok, NATO var NATO uluslararas\u0131 hukukun yarar\u0131na bir ara\u00e7 m\u0131? Hay\u0131r, e\u011fer sen g\u00fc\u00e7l\u00fc de\u011filsen ve biz g\u00fc\u00e7l\u00fc de\u011filsek,<\/p>\n<p>Kimse sana neden kaybetti\u011fini s\u00f6ylemeyecek mi? Onlara iyi oldu\u011fumuzu s\u00f6yleyin, kimse size sayg\u0131 duymaz, g\u00fc\u00e7l\u00fclerin d\u00fcnyas\u0131ndas\u0131n\u0131z, tek \u00e7\u00f6z\u00fcm bu. Ke\u015fke size ba\u015fka \u00e7\u00f6z\u00fcmler de oldu\u011funu s\u00f6yleyebilseydim ama bu t\u00fcr s\u00f6zlerle sizi kand\u0131rm\u0131\u015f olurum.<\/p>\n<p><span style=\"color: #0000ff;\">Soru: Rus askeri her defas\u0131nda yalan kampanyalara maruz kal\u0131yor.. \u015eimdi Bat\u0131 Rus askerinin adam ka\u00e7\u0131r\u0131p h\u0131rs\u0131zl\u0131k yapt\u0131\u011f\u0131n\u0131 s\u00f6yl\u00fcyor.. Suriye&#8217;deki halka sordum.. \u0130\u015fte Ruslar geldi.. Hakaret mi ettiler? \u015ea\u015fk\u0131nl\u0131kla bana bakt\u0131lar.. Ama Bat\u0131 yalan s\u00f6ylemeye devam ediyor.. Suriye halk\u0131 Rus askerinden ne g\u00f6rd\u00fc.. Peki bu insanlar Rus vatanda\u015flar\u0131n\u0131 nas\u0131l g\u00f6r\u00fcyor?<\/span><\/p>\n<p><a href=\"http:\/\/sana.sy\/tr\/wp-content\/uploads\/2023\/03\/\u0644\u0642\u0627\u0621-\u0631\u0648\u0633\u064a\u0627-\u0661-3-copy-1.jpg\"><img loading=\"lazy\" decoding=\"async\" class=\"alignright wp-image-276948 size-medium\" src=\"http:\/\/sana.sy\/tr\/wp-content\/uploads\/2023\/03\/\u0644\u0642\u0627\u0621-\u0631\u0648\u0633\u064a\u0627-\u0661-3-copy-1-300x190.jpg\" alt=\"\" width=\"300\" height=\"190\" srcset=\"https:\/\/archive.sana.sy\/tr\/wp-content\/uploads\/2023\/03\/\u0644\u0642\u0627\u0621-\u0631\u0648\u0633\u064a\u0627-\u0661-3-copy-1-300x190.jpg 300w, https:\/\/archive.sana.sy\/tr\/wp-content\/uploads\/2023\/03\/\u0644\u0642\u0627\u0621-\u0631\u0648\u0633\u064a\u0627-\u0661-3-copy-1-150x95.jpg 150w, https:\/\/archive.sana.sy\/tr\/wp-content\/uploads\/2023\/03\/\u0644\u0642\u0627\u0621-\u0631\u0648\u0633\u064a\u0627-\u0661-3-copy-1.jpg 660w\" sizes=\"auto, (max-width: 300px) 100vw, 300px\" \/><\/a>Cumhurba\u015fkan\u0131 Esad: Ayr\u0131ca, 2015&#8217;te Rus kuvvetlerinin geli\u015finden bu g\u00f6r\u00fc\u015fle ba\u015flayamay\u0131z. Siz ve biz 60 ya\u015f\u0131ndan b\u00fcy\u00fck ortak ailelerimiz var. \u015eimdi ortak bir babadan veya anneden \u00e7ok say\u0131da Suriyeli \u00e7ocu\u011fumuz var. Karakter yak\u0131nl\u0131\u011f\u0131 olmasayd\u0131 bu ailelerin var olmas\u0131 ve sava\u015f\u0131 s\u00fcrd\u00fcrmesi m\u00fcmk\u00fcn olmazd\u0131. Sen do\u011fulusun, biz de do\u011fuluyuz, bu ortak bir \u015fey. Rus Kilisesi, Suriye&#8217;deki Kilise Patriklik iken, Rusya&#8217;da o zamanlar bir ba\u015fpiskoposluk iken Suriye Kilisesi ile tarihsel ili\u015fkilere sahiptir. Aralar\u0131nda kar\u015f\u0131l\u0131kl\u0131 destek vard\u0131. Yani yoktan var olmayan ortak bir sosyal k\u00fclt\u00fcrel \u015fey var. Aram\u0131zda Suriye&#8217;de her yerde bulunan ve say\u0131lar\u0131 on binleri bulan ortak ailelerle temasa ge\u00e7meyen kimse yok, bunlar\u0131n bir k\u0131sm\u0131 Rusya&#8217;da, bir k\u0131sm\u0131 Suriye&#8217;de. Dolay\u0131s\u0131yla bu ili\u015fki bir yandan s\u0131f\u0131rdan ba\u015flamad\u0131, di\u011fer yandan iki \u00fclke aras\u0131ndaki yakla\u015f\u0131k yetmi\u015f y\u0131ll\u0131k veya daha eski olan ili\u015fkiler, bu ili\u015fkiyi \u00f6zellikle askeri d\u00fczeyde pek \u00e7ok kez g\u00fc\u00e7lendirdi. Rus uzmanlar onlarca y\u0131ld\u0131r \u00e7e\u015fitli Suriye olu\u015fumlar\u0131nda bulunuyor. Dolay\u0131s\u0131yla 2015&#8217;te Rus kuvvetleri geldi\u011finde bu s\u00fcrt\u00fc\u015fme var. Bu ili\u015fkinin daha da yayg\u0131nla\u015fmas\u0131 d\u0131\u015f\u0131nda tuhaf bir \u015fey olmad\u0131. \u0130lk soruda da s\u00f6yledi\u011fim gibi, bu gibi durumlarda k\u00fclt\u00fcrel yap\u0131 genellikle benzer oldu\u011fu i\u00e7in, k\u00fclt\u00fcrlerin farkl\u0131l\u0131\u011f\u0131ndan dolay\u0131 biriken pek \u00e7ok k\u00fc\u00e7\u00fck g\u00fcnl\u00fck sorun ortaya \u00e7\u0131k\u0131yor. Ama bu bile belli de\u011fildi, bu a\u00e7\u0131dan bak\u0131ld\u0131\u011f\u0131nda Suriye halk\u0131 i\u00e7in en \u00f6nemli odak noktas\u0131n\u0131n di\u011ferlerine \u00fcst\u00fcnl\u00fc\u011f\u00fc olmayan al\u00e7akg\u00f6n\u00fcll\u00fc insanlar oldu\u011fu a\u00e7\u0131kt\u0131r. \u00d6te yandan \u00f6zellikle sava\u015f\u0131n ba\u015flamas\u0131ndan sonra ter\u00f6r\u00fcn yay\u0131lmas\u0131 ve \u00e7ok say\u0131da Suriyeli ailenin hayat\u0131n\u0131 kaybetmesi. Ter\u00f6r sebebiyle bir\u00e7ok aile hayat\u0131n\u0131 kaybetti. Onlar i\u00e7in bu Rus askeri, Suriye&#8217;yi Ukrayna sava\u015f\u0131na benzer \u015fiddetli bir sava\u015ftan kurtarmaya geldi.<\/p>\n<p>\u00c7\u00fcnk\u00fc Ukrayna sava\u015f\u0131nda Rusya&#8217;y\u0131 yenmek i\u00e7in NATO ve t\u00fcm m\u00fcttefik \u00fclkeler var. Suriye&#8217;deki sava\u015fta, Suriye devletini ve Suriye halk\u0131n\u0131 vurmak i\u00e7in Suriye&#8217;deki ter\u00f6ristleri destekleyen ayn\u0131 m\u00fcttefikler vard\u0131. Tek fark adland\u0131rmad\u0131r. Suriye&#8217;de El Kaide ve kollar\u0131 \u201cI\u015e\u0130D \u2013 El Nusra \u2013 M\u00fcsl\u00fcman Karde\u015fler\u201d vb. Ukrayna&#8217;da da Nazizm var. Prensip ayn\u0131, a\u015f\u0131r\u0131l\u0131k ayn\u0131 ve bu durumda Nazi, I\u015e\u0130D ile ayn\u0131 yerde bulu\u015fuyor.<\/p>\n<p><span style=\"color: #0000ff;\">Soru: Suriye&#8217;deki g\u00f6n\u00fcll\u00fclerin Avrupa cephesinde Rus askerleriyle omuz omuza olma olas\u0131l\u0131\u011f\u0131 nedir?<\/span><\/p>\n<p>Cumhurba\u015fkan\u0131 Esad: Suriye&#8217;de sava\u015f ba\u015flad\u0131\u011f\u0131nda, &#8220;ard\u0131ndan bir deney&#8221; olan bu deneyim arac\u0131l\u0131\u011f\u0131yla Suriye devletine yard\u0131m etmeye gelen \u00e7ok say\u0131da Suriyeli g\u00f6n\u00fcll\u00fc ve ba\u015fkalar\u0131 vard\u0131. G\u00f6n\u00fcll\u00fcl\u00fck i\u015fi tekildir yani bir g\u00f6n\u00fcll\u00fcy\u00fc getirme i\u015fiyle u\u011fra\u015famazs\u0131n. Ukrayna&#8217;da Rusya&#8217;n\u0131n yan\u0131nda sava\u015facak Suriyeli g\u00f6n\u00fcll\u00fcler oldu\u011fu zaman onlar da ayn\u0131 yoldan gidecekler. \u00dclkeyi boydan boya ge\u00e7meyecekler, direk gidecekler. Siyasi karar veya siyasi irade olmaks\u0131z\u0131n. Eminim bir\u00e7ok Suriyeli bu duyguya sahiptir, giden var m\u0131 gitmeyen var m\u0131 bilmiyorum. Bilgimiz yok ama bence Suriyelilerin Suriye ordusuna kar\u015f\u0131 hissettikleri zafer arzusuyla ayn\u0131. \u00c7\u00fcnk\u00fc Rusya&#8217;n\u0131n bu sava\u015ftaki zaferi Suriye&#8217;ye iki a\u00e7\u0131dan do\u011frudan yans\u0131yacakt\u0131r: Birincisi, Rusya&#8217;n\u0131n dost bir \u00fclke olmas\u0131 a\u00e7\u0131s\u0131ndan. E\u011fer arkada\u015f\u0131n g\u00fc\u00e7l\u00fc bir konumdaysa, sen de g\u00fc\u00e7l\u00fc olacaks\u0131n. \u0130kincisi, uluslararas\u0131 duruma yans\u0131mas\u0131 a\u00e7\u0131s\u0131ndan ve bu uluslararas\u0131 durum bizim a\u00e7\u0131m\u0131zdan k\u00f6t\u00fc bir durum. Rusya&#8217;n\u0131n zaferiyle bu durum de\u011fi\u015firse, uluslararas\u0131 durumun d\u00fczelmesi yoluyla bize de olumlu yans\u0131yacakt\u0131r.<\/p>\n<p><span style=\"color: #0000ff;\">Soru: Baz\u0131 \u00fclkeler Rusya saf\u0131nda sava\u015fmaya giden g\u00f6n\u00fcll\u00fcleri kovalamaya ba\u015flad\u0131, anlad\u0131\u011f\u0131n\u0131z gibi Suriye&#8217;de b\u00f6yle bir \u015fey olamaz m\u0131?<\/span><\/p>\n<p>Cumhurba\u015fkan\u0131 Esad: Hay\u0131r, hay\u0131r, bu onlar\u0131n hakk\u0131, herkesin do\u011fru bildi\u011fini yapma hakk\u0131, bu birincisi. \u0130kincisi, bu \u00e7al\u0131\u015fma Suriye&#8217;nin ulusal \u00e7\u0131karlar\u0131n\u0131 olumsuz etkileyen veya zedeleyen eylemler \u00e7er\u00e7evesinde s\u0131n\u0131fland\u0131r\u0131lmaz, \u00e7\u00fcnk\u00fc kesinlikle de\u011fildir.<\/p>\n<p><span style=\"color: #0000ff;\">Soru: Bat\u0131l\u0131 \u00fclkeler size art niyetli telkinlerde bulunuyor.. Rusya&#8217;y\u0131 terk edin \u0130ran&#8217;dan uzak durun diyorlar.. Anla\u015f\u0131r\u0131z ve bir \u00e7\u00f6z\u00fcm buluruz, bu sizin i\u00e7in ki\u015fisel olarak hay\u0131rl\u0131 olur.. Bu taraftan girmeye \u00e7al\u0131\u015f\u0131yorlar. ?<\/span><\/p>\n<p>Cumhurba\u015fkan\u0131 Esad: Sava\u015ftan \u00f6nce de hep bu y\u00f6ntemi kulland\u0131lar. Demek istedi\u011fim, bu k\u00f6t\u00fc niyetli tarz, ki\u015filiklerinin bir par\u00e7as\u0131, g\u00f6r\u00fcn\u00fc\u015fe g\u00f6re politik ki\u015filikleri. Spesifik olarak Rusya ile ilgisi olmayan bir \u00f6rnek verece\u011fim ama 2008 civar\u0131nda onlarla ili\u015fkiler normal g\u00f6r\u00fcn\u00fcnce Fransa&#8217;ya gittim. O d\u00f6nemde Suriye&#8217;ye a\u00e7\u0131lman\u0131n amac\u0131, \u0130ran&#8217;\u0131 Bat\u0131l\u0131 \u00fclkelerde uranyum zenginle\u015ftirmeye ikna ederek ele ge\u00e7irmek ve benzeri oyunlard\u0131. Hay\u0131r, \u00f6zellikle sava\u015fta bizi dokunulmazl\u0131k kar\u015f\u0131l\u0131\u011f\u0131nda ba\u015fkanl\u0131ktan vazge\u00e7meye ikna etmeye \u00e7al\u0131\u015f\u0131yorlar. Yan\u0131na bir maiyet ve para almak istersen sorun yok senin parana da ayn\u0131 \u015fekilde el koymazlar yani, ama san\u0131r\u0131m bu giri\u015fimlerden uzun zaman \u00f6nce vazge\u00e7tiler. Suriye&#8217;nin Bat\u0131 tarz\u0131n\u0131 tam olarak anlad\u0131\u011f\u0131n\u0131 anlad\u0131lar. Bat\u0131 bizi aldatm\u0131yor, Bat\u0131 ile uzun bir deneyime sahibiz, t\u00fcm giri\u015fimleri durdurdular ve ileti\u015fimi tamamen durdurdular ve bu daha iyi.<\/p>\n<p><span style=\"color: #0000ff;\">Soru: E\u015finiz ve bir dizi insani yard\u0131m program\u0131nda b\u00fcy\u00fck bir rol oynuyor. Hastal\u0131kla nas\u0131l onurlu bir \u015fekilde sava\u015ft\u0131\u011f\u0131n\u0131, insanlarla nas\u0131l tan\u0131\u015ft\u0131\u011f\u0131n\u0131, insanlar\u0131n ona nas\u0131l davrand\u0131\u011f\u0131n\u0131 ve Suriye halk\u0131n\u0131n ve \u00e7ocuklar\u0131n\u0131n onu nas\u0131l sevdi\u011fini g\u00f6rd\u00fcm. .. Bu y\u00fczden aileniz, ki\u015fisel olarak egemenli\u011fin ve kar\u0131n hep tehdit alt\u0131nda.. Hep te\u015fhir ediliyor.. \u00d6ld\u00fcrme giri\u015fimleri&#8230; Bu korkun\u00e7 bask\u0131 alt\u0131nda nas\u0131l ya\u015f\u0131yorsunuz?<\/span><\/p>\n<p>Cumhurba\u015fkan\u0131 Esad: Bu \u00f6nemli bir nokta \u00e7\u00fcnk\u00fc insanlar ba\u015fkalar\u0131n\u0131 etkiler ve onlardan etkilenir. Elbette en ba\u015fta ailesi ve arkada\u015flar\u0131 olmak \u00fczere e\u015fi, \u00e7ocuklar\u0131 ve karde\u015fleri etkilenecektir. Aile bireyleri ve e\u015fler aras\u0131nda kar\u015f\u0131l\u0131kl\u0131 destek yoksa, bu \u015f\u00fcphesiz ki herhangi bir ki\u015finin i\u015findeki performans\u0131n\u0131 olumsuz y\u00f6nde etkileyecektir. Ben \u00e7al\u0131\u015fan bir insan\u0131m, o da \u00e7al\u0131\u015fan bir insan, o sadece ev han\u0131m\u0131 de\u011fil, bu sava\u015f, meydan okuma gibi zor durumlarda aram\u0131zdaki kar\u015f\u0131l\u0131kl\u0131 dayan\u0131\u015fmad\u0131r. Belki evden \u00e7\u0131kars\u0131n ve bir f\u00fcze ya da ba\u015fka bir hareketle geri d\u00f6nmezsin. Kar\u015f\u0131l\u0131kl\u0131 destek duygusu ve korku yerine bir t\u00fcr g\u00fcven duygusu olmasayd\u0131, o zaman kesinlikle olumsuz etkilenirdim, o da etkilenirdi. Kar\u015f\u0131l\u0131kl\u0131 g\u00fcvene dayal\u0131 bir ili\u015fki vard\u0131. Vatanseverlik yap\u0131yorsun, korku olumlu sonu\u00e7 vermez, korku seni korumaz, kim \u00f6l\u00fcrse \u00f6l\u00fcr ve biz m\u00fcminler olarak kadere inan\u0131r\u0131z. \u00d6leceksen belli bir zamanda \u00f6leceksin diye bir kader var, bu bir taraftan. Di\u011fer tarafta ise yard\u0131m, bu ailenin \u00fcyelerinin birbirlerine nas\u0131l yard\u0131m etti\u011fi. Elbette \u00e7ocuklar sava\u015f s\u0131ras\u0131nda ve o d\u00f6nemde k\u00fc\u00e7\u00fckt\u00fc. \u00d6ncelikle \u00fclkesini \u00e7ok seven bir Suriye vatanda\u015f\u0131 olarak \u00e7ok aktif bir rol oynuyordu. Sava\u015f\u0131n ko\u015fullar\u0131 ve gereklilikleri hakk\u0131nda net bir vizyonu var ve bu karma\u015f\u0131k ko\u015fullardaki meselelerde derin bir vizyona sahip. Diyaloglar ve toplant\u0131lar yoluyla \u00e7ok \u00f6nemli ve yard\u0131mc\u0131 bir rol oynad\u0131 ve \u00e7e\u015fitli fikirlerin ortaya \u00e7\u0131kmas\u0131na katk\u0131da bulundu. Sava\u015f\u0131n \u00e7e\u015fitli alanlardaki yans\u0131malar\u0131n\u0131 ele almak i\u00e7in ortaya at\u0131lm\u0131\u015ft\u0131r. Sava\u015f\u0131n her \u015feyi, altyap\u0131y\u0131, ekonomiyi, k\u00fclt\u00fcr\u00fc, toplumu her y\u00f6n\u00fcyle etkiledi\u011fini biliyorsunuz, dolay\u0131s\u0131yla bu alanda yapabilece\u011finiz \u00e7al\u0131\u015fmalar\u0131n s\u0131n\u0131r\u0131 yok. \u00d6zellikle deprem sonras\u0131 d\u00f6nemde aktif bir rol oynuyordu ve hala da oynuyor. Kesinlikle \u00e7ok b\u00fcy\u00fck i\u015fler yapt\u0131 bazen medyada g\u00f6r\u00fcnmeyebilir. \u00d6nemli olan bu de\u011fil. \u00d6nemli olan ba\u015farmas\u0131. sonu\u00e7lar ve onun rol\u00fc bana her a\u00e7\u0131dan \u00e7ok yard\u0131mc\u0131 oldu.<\/p>\n<p><span style=\"color: #0000ff;\">Soru: \u015eimdi Bat\u0131, Rusya&#8217;n\u0131n dikkatini da\u011f\u0131tmak i\u00e7in m\u00fcmk\u00fcn olan her yerde s\u0131cak noktalar yaratmaya \u00e7al\u0131\u015f\u0131yor. Suriye&#8217;deki \u00e7at\u0131\u015fmalar\u0131 s\u00fcrd\u00fcrmek i\u00e7in bir kez daha ter\u00f6ristlerin yan\u0131nda oynamaya ba\u015flama ihtimalleri nedir?<\/span><\/p>\n<p>Cumhurba\u015fkan\u0131 Esad: Durmad\u0131lar. Suriye&#8217;deki t\u00fcm ter\u00f6ristler do\u011frudan Amerika taraf\u0131ndan y\u00f6netiliyor. Bazen T\u00fcrkiye \u00fczerinden ge\u00e7iyor olabilir ama beyni bir Amerikal\u0131. Sonu\u00e7 olarak, bir NATO \u00fclkesi olan T\u00fcrkiye, Amerikan iradesinden sapmayacakt\u0131r. S\u00fcre\u00e7 bir rol de\u011fi\u015fimidir, peki ne zaman durur? Durmayacak, \u00e7\u00fcnk\u00fc ter\u00f6r bat\u0131 ordular\u0131ndan biridir, NATO ordusuna veya NATO ordular\u0131na paralel veya yard\u0131mc\u0131d\u0131r, ger\u00e7ek budur. Bat\u0131, b\u00fcy\u00fck bir cayd\u0131r\u0131c\u0131 g\u00fc\u00e7 olmad\u0131\u011f\u0131 ve bu alanda b\u00fcy\u00fck bir yenilgiye u\u011framad\u0131\u011f\u0131 s\u00fcrece t\u00fcm bu eylemlerini yapmaktan geri durmayacakt\u0131r. Yani ayn\u0131 ter\u00f6rizm o d\u00f6nemde Afganistan&#8217;da Rusya&#8217;ya veya Sovyetler Birli\u011fi&#8217;ne kar\u015f\u0131 kullan\u0131ld\u0131. \u015eimdi Ukrayna&#8217;da kullan\u0131l\u0131yor ve daha \u00f6nce Bat\u0131&#8217;n\u0131n deste\u011fiyle \u00c7e\u00e7enistan&#8217;da kullan\u0131l\u0131yor.<\/p>\n<p>\u015eimdi Suriye&#8217;de ve benim g\u00f6r\u00fc\u015f\u00fcme g\u00f6re uzun y\u0131llar devam edecek.<\/p>\n<p><span style=\"color: #0000ff;\">Soru: Suriye ordusu yan\u0131t vermeye haz\u0131r m\u0131?<\/span><\/p>\n<p>Cumhurba\u015fkan\u0131 Esad: Elbette tecr\u00fcbemiz var. Ter\u00f6rizmle ili\u015fkimiz silahl\u0131 bir ili\u015fki de\u011fil. En \u00f6nemli \u015fey bir fikir kar\u015f\u0131s\u0131nda bir fikirdir. M\u00fcsl\u00fcman Karde\u015fler Suriye&#8217;de faaliyetlerine ba\u015flad\u0131, ellili y\u0131llarda, ellili y\u0131llar\u0131n ortalar\u0131nda veya \u00f6ncesinde, belki de ellili y\u0131llar\u0131n ilk yar\u0131s\u0131nda dini kullanan ve din ad\u0131na \u015fiddet \u00e7a\u011fr\u0131s\u0131 yapan ilk gruptular ve onlar \u015fiddet eylemleriyle ba\u015flad\u0131. O zamandan beri, Suriye halk\u0131 bu on y\u0131llar boyunca entelekt\u00fcel bir ba\u011f\u0131\u015f\u0131kl\u0131k geli\u015ftirdi. Buradaki en b\u00fcy\u00fck zorluk, e\u011fer ter\u00f6rizm fikri olarak i\u015fgal edemezse, o zaman askeri sava\u015f\u0131 kaybedecek olmas\u0131d\u0131r. Dolay\u0131s\u0131yla Suriye ordusunu bir y\u0131pratma s\u00fcreci y\u00fcr\u00fct\u00fcyor ama T\u00fcrkiye&#8217;nin onu desteklemek i\u00e7in girdi\u011fi ve &#8220;\u0130srail&#8221;in m\u00fcdahale etti\u011fi durumlar d\u0131\u015f\u0131nda bir ter\u00f6rist olarak Suriye ordusunu yenemedi, amao \u00a0tek ba\u015f\u0131na yenemeyecek, neden? Bulamad\u0131\u011f\u0131 pop\u00fcler bir kulu\u00e7ka makinesi istedi\u011fi i\u00e7in sava\u015f\u0131 kaybetti. Ve onu bir yerden bir yere ta\u015f\u0131mak i\u00e7in Amerikan helikopterlerine ba\u011f\u0131ml\u0131 hale geldi. \u201cI\u015e\u0130D\u201d \u00f6rne\u011finde oldu\u011fu gibi ya da T\u00fcrkiye s\u0131n\u0131r\u0131ndaki kuzey b\u00f6lgede ya\u015fananlarda oldu\u011fu gibi. Bu, T\u00fcrk ordusunun do\u011frudan ter\u00f6ristleri destekledi\u011fi zamand\u0131r.<\/p>\n<p><span style=\"color: #0000ff;\">Soru: Bir zamanlar Erdo\u011fan ile aran\u0131zda bir aile dostlu\u011fu vard\u0131 ve ili\u015fkiniz kuvvetliydi, ne oldu?<\/span><\/p>\n<p>Cumhurba\u015fkan\u0131 Esad: Olan oldu, bu sadece benim g\u00f6r\u00fc\u015f\u00fcm de\u011fil. Bu, kendisine yak\u0131n olan ve onu \u015fahsen tan\u0131yan baz\u0131 T\u00fcrklerin g\u00f6r\u00fc\u015f\u00fcd\u00fcr. Erdo\u011fan, M\u00fcsl\u00fcman Karde\u015fler&#8217;e derinden ve a\u00e7\u0131ktan ba\u011fl\u0131 olan bir \u0130hvan insan\u0131d\u0131r ve bu ger\u00e7e\u011fi saklam\u0131yor. M\u00fcsl\u00fcman Karde\u015fler&#8217;in veya genel olarak M\u00fcsl\u00fcman Karde\u015fler&#8217;in \u015fahsiyeti tek bir \u015feyin pe\u015findedir, o da g\u00fc\u00e7 elde etmektir ve g\u00fc\u00e7 elde etmek i\u00e7in dini kullan\u0131rlar. \u0130nsanlar aras\u0131nda sevgiyi yaymak i\u00e7in toplumu reforme etmek i\u00e7in asla dini kullanmazlar. Bu i\u015flerle ilgilenmezler. Yani Karde\u015flik \u00e7\u0131kar\u0131 birinci s\u0131rada. Suriye&#8217;de sava\u015f ba\u015flad\u0131\u011f\u0131nda, Obama h\u00fck\u00fcmeti d\u00f6neminde, M\u00fcsl\u00fcman Karde\u015fler&#8217;in Arap d\u00fcnyas\u0131nda liderli\u011fi \u00fcstlenme zaman\u0131n\u0131n geldi\u011fine dair bir Amerikan e\u011filimi vard\u0131. Amerika&#8217;n\u0131n d\u00fc\u015f\u00fcnd\u00fc\u011f\u00fc gibi laik \u00fclkelerin Amerika&#8217;n\u0131n istedi\u011fini elde edemedi\u011fini dikkate alarak, haklardan vazge\u00e7me konusunda halk\u0131 kontrol edemedi. liberalizme ve bir Amerikal\u0131n\u0131n arzulad\u0131\u011f\u0131 her \u015feye do\u011fru y\u00fcr\u00fcyen. \u0130hvan h\u00fck\u00fcmeti din ad\u0131na h\u00fck\u00fcm s\u00fcren bir h\u00fck\u00fcmettir. Dolay\u0131s\u0131yla Amerikan alg\u0131s\u0131na g\u00f6re halk\u0131 kontrol etme konusunda daha yeteneklidir. Tabii sonu\u00e7 bu konunun ba\u015far\u0131s\u0131zl\u0131kla sonu\u00e7lanmas\u0131yd\u0131 \u00e7\u00fcnk\u00fc Arap halklar\u0131 b\u00f6yle d\u00fc\u015f\u00fcnm\u00fcyor. Ger\u00e7ek anlam\u0131yla din ile M\u00fcsl\u00fcman Karde\u015fler&#8217;in sundu\u011fu f\u0131rsat\u00e7\u0131 y\u00f6ntem aras\u0131nda ayr\u0131m yap\u0131yor. Olaylar b\u00f6yle ba\u015flay\u0131nca bir \u0130hvanc\u0131 insan\u0131n\u0131n \u0130hvanc\u0131 \u00e7\u0131karlar\u0131 do\u011frultusunda gitmesi do\u011fald\u0131. Onun i\u00e7in ki\u015fisel ili\u015fkiler hi\u00e7bir \u015fey ifade etmiyor. Sadakat, dostluk hi\u00e7bir de\u011feri olmayan \u015feylerdir ve bu konuyu bir an bile d\u00fc\u015f\u00fcnmez. F\u0131rsat\u00e7\u0131 Karde\u015flik oryantasyonunun y\u00fcce \u00e7\u0131karlar\u0131 kar\u015f\u0131l\u0131\u011f\u0131nda t\u00fcm bu ili\u015fkilerin bu ki\u015fi i\u00e7in s\u0131f\u0131r de\u011feri vard\u0131. \u0130hvanc\u0131 olmak i\u00e7in f\u0131rsat\u00e7\u0131 olmak gerekir, \u0130hvanc\u0131 olup da d\u00fcr\u00fcst olamazs\u0131n\u0131z.<\/p>\n<p><span style=\"color: #0000ff;\">Soru: Ama buna ra\u011fmen b\u00f6yle teklifler varsa diyalo\u011fa haz\u0131r m\u0131s\u0131n\u0131z?<\/span><\/p>\n<p>Cumhurba\u015fkan\u0131 Esad: Bu nedenle g\u00fcvenlik d\u00fczeyinde ve savunma bakanlar\u0131 d\u00fczeyinde m\u00fczakerelere ba\u015flad\u0131k. \u015eimdi d\u0131\u015fi\u015fleri bakan yard\u0131mc\u0131lar\u0131 d\u00fczeyinde g\u00f6r\u00fc\u015fmeyi g\u00f6r\u00fc\u015f\u00fcyoruz. D\u0131\u015fi\u015fleri bakanlar\u0131na ula\u015fabiliriz. Bu, bizimle onlar aras\u0131ndaki diyalo\u011fun ayr\u0131nt\u0131lar\u0131na ba\u011fl\u0131d\u0131r. Bu durumda ki\u015fisel duygular\u0131 ulusal \u00e7\u0131karlardan ay\u0131rmak gerekir. Ulusal \u00e7\u0131kar her \u015feyden \u00f6nemlidir. \u0130ster kendisi ister ba\u015fkalar\u0131, Suriye&#8217;nin \u00e7\u0131karlar\u0131n\u0131 sa\u011flayan, sava\u015f\u0131 bitiren, akan kan\u0131 durduran herhangi bir tarafla bir g\u00f6r\u00fc\u015fme olursa, o zaman ona g\u00f6re hareket etmemiz do\u011fald\u0131r. Bu \u015fey pazarl\u0131\u011fa a\u00e7\u0131k de\u011fil. \u00d6fkeden veya ba\u015fka duygulardan hareket etmek caiz de\u011fildir, bu yanl\u0131\u015ft\u0131r.<\/p>\n<p><span style=\"color: #0000ff;\">Soru: Zelensky sizinle ileti\u015fim kurmaya \u00e7al\u0131\u015fmad\u0131 m\u0131?<\/span><\/p>\n<p>Cumhurba\u015fkan\u0131 Esad: Baz\u0131 palya\u00e7o ifadeleri duymaya ba\u015flayana kadar ondan haberim yoktu. Bu y\u00f6n\u00fcn\u00fc \u00e7ok be\u011fendik. Siyasette bile siyasetin kasvetli havas\u0131n\u0131 de\u011fi\u015ftirmek i\u00e7in zaman zaman palya\u00e7olara ihtiya\u00e7 duyars\u0131n\u0131z.<\/p>\n<p><span style=\"color: #0000ff;\">Soru: Ama bu arada sizinle ileti\u015fime ge\u00e7ip anla\u015f\u0131p sizden Rusya&#8217;y\u0131 k\u0131naman\u0131z\u0131 istememi\u015f miydi?<\/span><\/p>\n<p>Cumhurba\u015fkan\u0131 Esad: K\u0131r\u0131m&#8217;\u0131n Rusya&#8217;ya iadesini tan\u0131yan bir \u00fclkeyle g\u00f6r\u00fc\u015fmesi m\u00fcmk\u00fcn de\u011fil. Mesela 2014&#8217;te san\u0131r\u0131m o zamandan beri ipler kesildi. Ve ard\u0131ndan, Rusya&#8217;n\u0131n daha \u00f6nce oldu\u011fu gibi Rus topraklar\u0131na ilhak\u0131n\u0131 ilan etmesinden \u00f6nce, referandumdan sonra Rusya&#8217;n\u0131n Donbass&#8217;\u0131 ba\u011f\u0131ms\u0131z bir \u00fclke olarak tan\u0131mas\u0131 geldi. \u0130nisiyatif alaca\u011f\u0131n\u0131 d\u00fc\u015f\u00fcnm\u00fcyorum, Suriye pozisyonunun net oldu\u011funu ve bunun \u00fczerine bahse girmeyece\u011fini d\u00fc\u015f\u00fcn\u00fcyorum.<\/p>\n<p><span style=\"color: #0000ff;\">Soru: Kimyasal Silahlar\u0131n Yasaklanmas\u0131 \u00d6rg\u00fct\u00fc Suriye&#8217;deki kimyasal silahlar\u0131 imha etti\u011fi i\u00e7in Nobel \u00d6d\u00fcl\u00fc&#8217;n\u00fc al\u0131rken, herkesin konu\u015ftu\u011fu kimyasal silah konusunu nas\u0131l g\u00fcndeme geldi? Suriye&#8217;yei ve bizzat sizi bu silahlar\u0131 kullanmakla su\u00e7luyor&#8230; Bu silahlar\u0131 nerede \u00fcretiyorsunuz?<\/span><\/p>\n<p>Cumhurba\u015fkan\u0131 Esad: Saddam H\u00fcseyin&#8217;in sahip oldu\u011fu kimyasal silah\u0131n ayn\u0131s\u0131. Bir s\u00fcre sonra Colin Powell ortaya \u00e7\u0131k\u0131p \u00f6z\u00fcr diledi ve Tony Blair ortaya \u00e7\u0131k\u0131p Irak&#8217;taki sava\u015f\u0131n ve yanl\u0131\u015f karar\u0131n sorumlulu\u011funu \u00fcstlendi. Ama kimse sorumlu tutulmad\u0131, ne Colin Powell ne de Tony Blair. Belki bir g\u00fcn bir Amerikal\u0131 yetkili \u00e7\u0131k\u0131p \u00f6z\u00fcr dileyecek ve Suriye&#8217;de kimyasal silah olmad\u0131\u011f\u0131n\u0131 s\u00f6yleyecektir. Rusya&#8217;n\u0131n Ukrayna&#8217;da da kullanaca\u011f\u0131n\u0131 s\u00f6ylemeyi planlad\u0131klar\u0131 kimyasal silahlar nerede? Ancak Rusya bu plan\u0131 a\u00e7\u0131klayarak bu sorunun \u00f6n\u00fcne ge\u00e7mi\u015f oldu. Bat\u0131 y\u00f6ntemi bu, medya arac\u0131l\u0131\u011f\u0131yla d\u00fcnya halklar\u0131n\u0131n \u00e7o\u011funu kontrol ediyorlar. Yani herhangi bir \u015fey s\u00f6ylemeleri ve herhangi bir hikaye uydurmalar\u0131 onlar i\u00e7in \u00e7ok kolay. Onlar i\u00e7in d\u00fcnya bir Hollywood filmi. Hollywood filmlerinde b\u00fct\u00fcn yalanlar vard\u0131r ama filmi izlemek i\u00e7in oturdu\u011funuzda, olan her \u015feyin ger\u00e7ek oldu\u011funu hissedersiniz, ta ki filmden ayr\u0131lana ve olan her \u015feyin bir aldatmaca oldu\u011funu ke\u015ffedene kadar. Onlar i\u00e7in hayat siyasette de ayn\u0131 \u015fekilde, her \u015fey m\u00fcmk\u00fcn.<\/p>\n<p><span style=\"color: #0000ff;\">Soru: Suriye&#8217;deki insanlar size sorunlar\u0131n\u0131 anlatabiliyor mu? Herhangi bir \u00fclkede var olan adaletsizlik ve yolsuzluktan bahsettiklerinde nas\u0131l davran\u0131yorsunuz? Yak\u0131n\u0131n\u0131zdaki insanlar\u0131n beklentilerinizi kar\u015f\u0131lamad\u0131\u011f\u0131n\u0131 g\u00f6rd\u00fc\u011f\u00fcn\u00fczde, \u015fartlar gere\u011fince sert mi davran\u0131rs\u0131n\u0131z, yoksa iyi kalpli oldu\u011funuzu g\u00f6sterip onlar\u0131 yine de affedece\u011finizi mi d\u00fc\u015f\u00fcn\u00fcrs\u00fcn\u00fcz?<\/span><\/p>\n<p>Cumhurba\u015fkan\u0131 Esad: Birincisi, bir vatanda\u015f\u0131n bir sorunu oldu\u011funda, vatanda\u015f\u0131n hakl\u0131 oldu\u011funu s\u00f6yleyen genel bir kural vard\u0131r. Vatanda\u015f\u0131n sorunun nedenlerini tahmin etmesi gerekmez. Tam bilgiye sahip olmad\u0131\u011f\u0131 i\u00e7in tahmin etmesi zor. Sorundan muzdarip oldu\u011funda nihai bedelini \u00f6der. Kimsenin \u015fikayet etmesine, ac\u0131 \u00e7ekmesine engel olamazs\u0131n\u0131z, bu bir y\u00f6nden, di\u011fer yandan Suriye&#8217;de bir\u00e7ok sorunumuz oldu\u011funu asla inkar etmedik. Bir k\u0131sm\u0131 yolsuzlukla ilgili, bir k\u0131sm\u0131 da kurumlardaki adaletsizlikle ilgili. Bu nedenle cumhurba\u015fkanl\u0131\u011f\u0131na geldi\u011fimde yapt\u0131\u011f\u0131m ilk \u015fey, devleti kalk\u0131nd\u0131rmak ve reform yapmak i\u00e7in bir program ortaya koymak oldu. Islah etmeye geldim dedi\u011finizde ortada b\u00fcy\u00fck bir eksiklik oldu\u011funu kabul etmi\u015f oluyorsunuz. Kusur insanlara yans\u0131r. Birincisi, bir sorununuz oldu\u011funu kabul etmelisiniz, ikincisi, bu sorunu \u00e7\u00f6zmeye insanlar\u0131 dahil etmelisiniz. Dehas\u0131, bilgisi ne olursa olsun hi\u00e7 kimse vatan sorununu \u00e7\u00f6zemez. Hi\u00e7bir h\u00fck\u00fcmet bunu yapamaz. Onlarca hatta y\u00fczlerce memur. \u0130nsanlar\u0131 sorunlar\u0131n \u00e7\u00f6z\u00fcm\u00fcnde ortak etmemiz gerekir. Sorunlar\u0131n \u00e7\u00f6z\u00fcm\u00fcnde yap\u0131lacak do\u011fru \u015fey insanlar\u0131n kat\u0131l\u0131m\u0131d\u0131r. Bu ili\u015fkide \u015feffafl\u0131\u011fa g\u00fcveniyoruz. Hata varsa hata var diyoruz. Hata olmas\u0131 ay\u0131p de\u011fil, hata sorunlar\u0131 dile getirip ayn\u0131 hatay\u0131 tekrarlamamak veya savunmamak. Bu nedenle, bu y\u00f6ntem, devlet olarak aram\u0131zdaki veya benimle halk aras\u0131ndaki ili\u015fkiyi, t\u00fcm d\u00fcnyan\u0131n \u015fahsen bana kar\u015f\u0131 durmas\u0131na veya beni koymas\u0131na ra\u011fmen, \u00e7ok fazla g\u00fcvenin oldu\u011fu bir ili\u015fki haline getiren \u015feydir. Suriye sava\u015f\u0131na verilen isim. Sadece cumhurba\u015fkan\u0131n\u0131 de\u011fil, devleti devirmeyi hedefliyor. Ama bu ili\u015fki g\u00fcvensizlik \u00fczerine kurulu olsayd\u0131, seni savunacak ya da yan\u0131nda duracak birini bulamazd\u0131n. Askeri anlamda savunmay\u0131 kastetmiyorum, ama dil ve kelimelerle mant\u0131\u011f\u0131 kastediyorum. Suriye halk\u0131, d\u00fcnya halklar\u0131n\u0131n \u00e7o\u011fu gibi vatansever bir halkt\u0131r. Di\u011ferleriyle ayn\u0131 negatif ve pozitif \u00f6zelliklere sahip bir insan ve ben de bunun bir par\u00e7as\u0131y\u0131m. Ancak bu halk\u0131n bir par\u00e7as\u0131 olarak cumhurba\u015fkan\u0131 olarak hareket edebilir ve onlarla do\u011frudan diyaloga girebilirsiniz. S\u00fcrekli olarak yapt\u0131\u011f\u0131m \u015fey bu.<\/p>\n<p><a href=\"https:\/\/t.me\/SuriyeArapHaberAjansI\">Telegram Kanal\u0131m\u0131z\u00a0<\/a><\/p>\n<p><a href=\"https:\/\/www.facebook.com\/SANAHaberAjansi\/\">Facebook Sayfam\u0131z<\/a><\/p>\n<p style=\"text-align: center;\"><iframe loading=\"lazy\" title=\"\u0645\u0642\u062a\u0637\u0641\u0627\u062a \u0645\u0646 \u062d\u0648\u0627\u0631 \u0627\u0644\u0631\u0626\u064a\u0633 \u0628\u0634\u0627\u0631 \u0627\u0644\u0623\u0633\u062f \u0645\u0639 \u0627\u0644\u0635\u062d\u0641\u064a \u0641\u0644\u0627\u062f\u064a\u0645\u064a\u0631 \u0633\u0648\u0644\u0648\u0641\u064a\u0648\u0641 \u0639\u0644\u0649 \u0642\u0646\u0627\u0629 \u0631\u0648\u0633\u064a\u06271\" src=\"https:\/\/www.youtube.com\/embed\/5X81Kv_eM7U\" width=\"620\" height=\"348\" frameborder=\"0\" allowfullscreen=\"allowfullscreen\"><\/iframe><\/p>\n","protected":false},"excerpt":{"rendered":"<p>MOSKOVA &#8211; Say\u0131n Cumhurba\u015fkan\u0131 Be\u015f\u015far Esad, Suriye&#8217;ye y\u00f6nelik sava\u015f\u0131n, di\u011fer \u00fclkeleri kendi \u00e7\u0131karlar\u0131 pahas\u0131na da olsa kendi gereksinimlerini kar\u015f\u0131layan tabi devletlere d\u00f6n\u00fc\u015ft\u00fcrmeye \u00e7al\u0131\u015fan Bat\u0131&#8217;n\u0131n de\u011fi\u015fmeyece\u011fini kan\u0131tlad\u0131\u011f\u0131n\u0131 belirterek sorunun Ukrayna veya K\u0131r\u0131m meselesiyle ba\u015flamad\u0131\u011f\u0131n\u0131 ayn\u0131 \u015feyin Rusya&#8217;y\u0131 b\u00f6lmek ve zay\u0131flatmak i\u00e7in 300 y\u0131ll\u0131k bir Bat\u0131 hedefi olan \u015feyin bug\u00fcn Rusya&#8217;da da ya\u015fand\u0131\u011f\u0131na i\u015faret etti. Cumhurba\u015fkan\u0131 Esad, &hellip;<\/p>\n","protected":false},"author":36,"featured_media":276950,"comment_status":"closed","ping_status":"closed","sticky":false,"template":"","format":"standard","meta":{"footnotes":""},"categories":[611,605,17988,2554,2555],"tags":[],"class_list":["post-276947","post","type-post","status-publish","format-standard","has-post-thumbnail","","category-roportaj","category-sayin-cumhurbaskani","category-son-haberler","category-suriye-ve-dunya","category-suriye-ve-turkiye"],"_links":{"self":[{"href":"https:\/\/archive.sana.sy\/tr\/index.php?rest_route=\/wp\/v2\/posts\/276947","targetHints":{"allow":["GET"]}}],"collection":[{"href":"https:\/\/archive.sana.sy\/tr\/index.php?rest_route=\/wp\/v2\/posts"}],"about":[{"href":"https:\/\/archive.sana.sy\/tr\/index.php?rest_route=\/wp\/v2\/types\/post"}],"author":[{"embeddable":true,"href":"https:\/\/archive.sana.sy\/tr\/index.php?rest_route=\/wp\/v2\/users\/36"}],"replies":[{"embeddable":true,"href":"https:\/\/archive.sana.sy\/tr\/index.php?rest_route=%2Fwp%2Fv2%2Fcomments&post=276947"}],"version-history":[{"count":0,"href":"https:\/\/archive.sana.sy\/tr\/index.php?rest_route=\/wp\/v2\/posts\/276947\/revisions"}],"wp:featuredmedia":[{"embeddable":true,"href":"https:\/\/archive.sana.sy\/tr\/index.php?rest_route=\/wp\/v2\/media\/276950"}],"wp:attachment":[{"href":"https:\/\/archive.sana.sy\/tr\/index.php?rest_route=%2Fwp%2Fv2%2Fmedia&parent=276947"}],"wp:term":[{"taxonomy":"category","embeddable":true,"href":"https:\/\/archive.sana.sy\/tr\/index.php?rest_route=%2Fwp%2Fv2%2Fcategories&post=276947"},{"taxonomy":"post_tag","embeddable":true,"href":"https:\/\/archive.sana.sy\/tr\/index.php?rest_route=%2Fwp%2Fv2%2Ftags&post=276947"}],"curies":[{"name":"wp","href":"https:\/\/api.w.org\/{rel}","templated":true}]}}