{"id":276954,"date":"2023-03-18T13:27:19","date_gmt":"2023-03-18T10:27:19","guid":{"rendered":"https:\/\/sana.sy\/tr\/?p=276954"},"modified":"2023-03-19T11:38:04","modified_gmt":"2023-03-19T08:38:04","slug":"bati-asya-triatlon-sampiyonasinda-suriyeye-altin-madalya","status":"publish","type":"post","link":"https:\/\/archive.sana.sy\/tr\/?p=276954","title":{"rendered":"Bat\u0131 Asya Triatlon \u015eampiyonas\u0131&#8217;nda Suriye&#8217;ye Alt\u0131n Madalya"},"content":{"rendered":"<p>KUVEYT \u2013 Suriye milli triatlon tak\u0131m\u0131, Kuveyt&#8217;te d\u00fczenlenen Bat\u0131 Asya \u015eampiyonas\u0131&#8217;nda ilk yabanc\u0131 kat\u0131l\u0131m\u0131yla alt\u0131n madalya kazand\u0131.<\/p>\n<p>oyuncu Adnan Zeki Elit kategorisinde alt\u0131n madalya kazand\u0131.<\/p>\n<p>Futbol Federasyonu Ba\u015fkan\u0131 Nasir El Said SANA&#8217;ya yapt\u0131\u011f\u0131 a\u00e7\u0131klamada, tak\u0131m\u0131m\u0131z\u0131n bu turnuvaya kat\u0131l\u0131m\u0131n\u0131n elit kategoride oldu\u011funu ve oyuncu Zaki&#8217;nin zorlu bir rekabetin ard\u0131ndan alt\u0131n madalya kazand\u0131\u011f\u0131n\u0131 ve ilk kez elit kategoride kat\u0131ld\u0131\u011f\u0131n\u0131 a\u00e7\u0131klad\u0131.<\/p>\n<p><a href=\"https:\/\/t.me\/SuriyeArapHaberAjansI\">Telegram Kanal\u0131m\u0131z\u00a0<\/a><\/p>\n<p><a href=\"https:\/\/www.facebook.com\/SANAHaberAjansi\/\">Facebook Sayfam\u0131z<\/a><\/p>\n<p>&nbsp;<\/p>\n","protected":false},"excerpt":{"rendered":"<p>KUVEYT \u2013 Suriye milli triatlon tak\u0131m\u0131, Kuveyt&#8217;te d\u00fczenlenen Bat\u0131 Asya \u015eampiyonas\u0131&#8217;nda ilk yabanc\u0131 kat\u0131l\u0131m\u0131yla alt\u0131n madalya kazand\u0131. oyuncu Adnan Zeki Elit kategorisinde alt\u0131n madalya kazand\u0131. Futbol Federasyonu Ba\u015fkan\u0131 Nasir El Said SANA&#8217;ya yapt\u0131\u011f\u0131 a\u00e7\u0131klamada, tak\u0131m\u0131m\u0131z\u0131n bu turnuvaya kat\u0131l\u0131m\u0131n\u0131n elit kategoride oldu\u011funu ve oyuncu Zaki&#8217;nin zorlu bir rekabetin ard\u0131ndan alt\u0131n madalya kazand\u0131\u011f\u0131n\u0131 ve ilk kez elit &hellip;<\/p>\n","protected":false},"author":36,"featured_media":276955,"comment_status":"closed","ping_status":"closed","sticky":false,"template":"","format":"standard","meta":{"footnotes":""},"categories":[458,498,459,17988,496],"tags":[],"class_list":["post-276954","post","type-post","status-publish","format-standard","has-post-thumbnail","","category-dunya1","category-dunya-turnuvalari","category-haberler-arap-uluslararasi-politika","category-son-haberler","category-spor"],"_links":{"self":[{"href":"https:\/\/archive.sana.sy\/tr\/index.php?rest_route=\/wp\/v2\/posts\/276954","targetHints":{"allow":["GET"]}}],"collection":[{"href":"https:\/\/archive.sana.sy\/tr\/index.php?rest_route=\/wp\/v2\/posts"}],"about":[{"href":"https:\/\/archive.sana.sy\/tr\/index.php?rest_route=\/wp\/v2\/types\/post"}],"author":[{"embeddable":true,"href":"https:\/\/archive.sana.sy\/tr\/index.php?rest_route=\/wp\/v2\/users\/36"}],"replies":[{"embeddable":true,"href":"https:\/\/archive.sana.sy\/tr\/index.php?rest_route=%2Fwp%2Fv2%2Fcomments&post=276954"}],"version-history":[{"count":0,"href":"https:\/\/archive.sana.sy\/tr\/index.php?rest_route=\/wp\/v2\/posts\/276954\/revisions"}],"wp:featuredmedia":[{"embeddable":true,"href":"https:\/\/archive.sana.sy\/tr\/index.php?rest_route=\/wp\/v2\/media\/276955"}],"wp:attachment":[{"href":"https:\/\/archive.sana.sy\/tr\/index.php?rest_route=%2Fwp%2Fv2%2Fmedia&parent=276954"}],"wp:term":[{"taxonomy":"category","embeddable":true,"href":"https:\/\/archive.sana.sy\/tr\/index.php?rest_route=%2Fwp%2Fv2%2Fcategories&post=276954"},{"taxonomy":"post_tag","embeddable":true,"href":"https:\/\/archive.sana.sy\/tr\/index.php?rest_route=%2Fwp%2Fv2%2Ftags&post=276954"}],"curies":[{"name":"wp","href":"https:\/\/api.w.org\/{rel}","templated":true}]}}