{"id":276958,"date":"2023-03-18T14:40:52","date_gmt":"2023-03-18T11:40:52","guid":{"rendered":"https:\/\/sana.sy\/tr\/?p=276958"},"modified":"2023-03-19T08:13:49","modified_gmt":"2023-03-19T05:13:49","slug":"el-mazrui-acsad-ile-suriyede-yeni-tarim-projelerinin-kurulmasini-gorustu","status":"publish","type":"post","link":"https:\/\/archive.sana.sy\/tr\/?p=276958","title":{"rendered":"El Mazrui, ACSAD ile Suriye&#8217;de Yeni tar\u0131m Projelerinin Kurulmas\u0131n\u0131 G\u00f6r\u00fc\u015ft\u00fc"},"content":{"rendered":"<p><strong>\u015eAM KIRSALI<\/strong> &#8211; Arap Tar\u0131msal Yat\u0131r\u0131m ve Kalk\u0131nma Kurumu Ba\u015fkan\u0131 Muhammed bin Obeyid El Mezrui ve beraberindeki heyet, Arap Kurak B\u00f6lgeler ve Kuru Topraklar \u00c7al\u0131\u015fmalar\u0131 Merkezi Genel M\u00fcd\u00fcr\u00fc \u201cACSAD\u201d <img loading=\"lazy\" decoding=\"async\" class=\"size-full wp-image-276960 alignright\" src=\"http:\/\/sana.sy\/tr\/wp-content\/uploads\/2023\/03\/DSC_6310-300x200-1.jpg\" alt=\"\" width=\"300\" height=\"200\" srcset=\"https:\/\/archive.sana.sy\/tr\/wp-content\/uploads\/2023\/03\/DSC_6310-300x200-1.jpg 300w, https:\/\/archive.sana.sy\/tr\/wp-content\/uploads\/2023\/03\/DSC_6310-300x200-1-150x100.jpg 150w\" sizes=\"auto, (max-width: 300px) 100vw, 300px\" \/>Nasreddin ile Suriye&#8217;de tar\u0131msal kalk\u0131nma hedeflerine ula\u015fmak i\u00e7in i\u015fbirli\u011fi ili\u015fkilerini g\u00f6r\u00fc\u015ft\u00fc.<\/p>\n<p>ACSAD genel merkezinde d\u00fczenlenen toplant\u0131da El Mazrui, tar\u0131m sekt\u00f6r\u00fcnde yat\u0131r\u0131m i\u00e7in projeler olu\u015fturma f\u0131rsatlar\u0131 sa\u011flayan \u00e7al\u0131\u015fmalar\u0131n sonu\u00e7lar\u0131ndan, ara\u015ft\u0131rma ve geli\u015ftirmelerinden yararlanmak i\u00e7in otoritenin merkezle i\u015fbirli\u011fi yapma arzusunu dile getirdi.<\/p>\n<p>El Obeyid ise, ACSAD&#8217;\u0131n tar\u0131m sekt\u00f6r\u00fcn\u00fcn kalk\u0131nmas\u0131na y\u00f6nelik \u00f6zlemlerini ve gelecek planlar\u0131n\u0131 kar\u015f\u0131lamak i\u00e7in Arap Tar\u0131msal Yat\u0131r\u0131m ve Kalk\u0131nma Kurumu&#8217;nun program ve projelerine hizmet etmek i\u00e7in t\u00fcm yeteneklerini ve uzmanl\u0131\u011f\u0131n\u0131 kullanmaya haz\u0131r oldu\u011funu vurgulad\u0131.<\/p>\n<p>El Obeyid, otoritenin Arap b\u00f6lgesindeki \u00fcretim zincirlerine ve de\u011fer zincirlerine yat\u0131r\u0131m yapma rol\u00fcne ve t\u00fcm Arap \u00fclkelerindeki tar\u0131m sekt\u00f6r\u00fc ve tar\u0131msal sanayile\u015fme projelerine at\u0131fta bulunarak, Arap \u00fclkelerinde g\u0131da ve su g\u00fcvenli\u011fini sa\u011flamak i\u00e7in ACSAD&#8217;\u0131n uzun bir ge\u00e7mi\u015fe sahip oldu\u011fu uygulamal\u0131 ara\u015ft\u0131rmalardan ve merkezin Arap Tar\u0131msal Yat\u0131r\u0131m Kurumu ile i\u00e7 i\u00e7e ge\u00e7ebilece\u011fi ve i\u015fbirli\u011fi yapabilece\u011fi kalk\u0131nma projelerinden yararlanma olas\u0131l\u0131\u011f\u0131na i\u015faret etti.<\/p>\n<div id='gallery-1' class='gallery galleryid-276958 gallery-columns-3 gallery-size-medium'><figure class='gallery-item'>\n\t\t\t<div class='gallery-icon landscape'>\n\t\t\t\t<a href='https:\/\/archive.sana.sy\/tr\/?attachment_id=276961'><img loading=\"lazy\" decoding=\"async\" width=\"300\" height=\"189\" src=\"https:\/\/archive.sana.sy\/tr\/wp-content\/uploads\/2023\/03\/3-8-300x189.jpg\" class=\"attachment-medium size-medium\" alt=\"\" srcset=\"https:\/\/archive.sana.sy\/tr\/wp-content\/uploads\/2023\/03\/3-8-300x189.jpg 300w, https:\/\/archive.sana.sy\/tr\/wp-content\/uploads\/2023\/03\/3-8-150x94.jpg 150w, https:\/\/archive.sana.sy\/tr\/wp-content\/uploads\/2023\/03\/3-8.jpg 660w\" sizes=\"auto, (max-width: 300px) 100vw, 300px\" \/><\/a>\n\t\t\t<\/div><\/figure><figure class='gallery-item'>\n\t\t\t<div class='gallery-icon landscape'>\n\t\t\t\t<a href='https:\/\/archive.sana.sy\/tr\/?attachment_id=276962'><img loading=\"lazy\" decoding=\"async\" width=\"300\" height=\"181\" src=\"https:\/\/archive.sana.sy\/tr\/wp-content\/uploads\/2023\/03\/2-20-300x181.jpg\" class=\"attachment-medium size-medium\" alt=\"\" srcset=\"https:\/\/archive.sana.sy\/tr\/wp-content\/uploads\/2023\/03\/2-20-300x181.jpg 300w, https:\/\/archive.sana.sy\/tr\/wp-content\/uploads\/2023\/03\/2-20-150x91.jpg 150w, https:\/\/archive.sana.sy\/tr\/wp-content\/uploads\/2023\/03\/2-20.jpg 660w\" sizes=\"auto, (max-width: 300px) 100vw, 300px\" \/><\/a>\n\t\t\t<\/div><\/figure><figure class='gallery-item'>\n\t\t\t<div class='gallery-icon landscape'>\n\t\t\t\t<a href='https:\/\/archive.sana.sy\/tr\/?attachment_id=276963'><img loading=\"lazy\" decoding=\"async\" width=\"300\" height=\"184\" src=\"https:\/\/archive.sana.sy\/tr\/wp-content\/uploads\/2023\/03\/1-16-300x184.jpg\" class=\"attachment-medium size-medium\" alt=\"\" srcset=\"https:\/\/archive.sana.sy\/tr\/wp-content\/uploads\/2023\/03\/1-16-300x184.jpg 300w, https:\/\/archive.sana.sy\/tr\/wp-content\/uploads\/2023\/03\/1-16-150x92.jpg 150w, https:\/\/archive.sana.sy\/tr\/wp-content\/uploads\/2023\/03\/1-16.jpg 660w\" sizes=\"auto, (max-width: 300px) 100vw, 300px\" \/><\/a>\n\t\t\t<\/div><\/figure>\n\t\t<\/div>\n\n<p>&nbsp;<\/p>\n<p>R.M.<\/p>\n<p><a href=\"https:\/\/t.me\/SuriyeArapHaberAjansI\">Telegram Kanal\u0131m\u0131z\u00a0<\/a><\/p>\n<p><a href=\"https:\/\/www.facebook.com\/SANAHaberAjansi\/\">Facebook Sayfam\u0131z<\/a><\/p>\n","protected":false},"excerpt":{"rendered":"<p>\u015eAM KIRSALI &#8211; Arap Tar\u0131msal Yat\u0131r\u0131m ve Kalk\u0131nma Kurumu Ba\u015fkan\u0131 Muhammed bin Obeyid El Mezrui ve beraberindeki heyet, Arap Kurak B\u00f6lgeler ve Kuru Topraklar \u00c7al\u0131\u015fmalar\u0131 Merkezi Genel M\u00fcd\u00fcr\u00fc \u201cACSAD\u201d Nasreddin ile Suriye&#8217;de tar\u0131msal kalk\u0131nma hedeflerine ula\u015fmak i\u00e7in i\u015fbirli\u011fi ili\u015fkilerini g\u00f6r\u00fc\u015ft\u00fc. ACSAD genel merkezinde d\u00fczenlenen toplant\u0131da El Mazrui, tar\u0131m sekt\u00f6r\u00fcnde yat\u0131r\u0131m i\u00e7in projeler olu\u015fturma f\u0131rsatlar\u0131 sa\u011flayan &hellip;<\/p>\n","protected":false},"author":41,"featured_media":276959,"comment_status":"closed","ping_status":"closed","sticky":false,"template":"","format":"standard","meta":{"footnotes":""},"categories":[485,479,486,17988,478],"tags":[],"class_list":["post-276958","post","type-post","status-publish","format-standard","has-post-thumbnail","","category-is-ve-sermaye","category-haberler-yerel","category-haberler-is-ve-sermaye","category-son-haberler","category-yerel"],"_links":{"self":[{"href":"https:\/\/archive.sana.sy\/tr\/index.php?rest_route=\/wp\/v2\/posts\/276958","targetHints":{"allow":["GET"]}}],"collection":[{"href":"https:\/\/archive.sana.sy\/tr\/index.php?rest_route=\/wp\/v2\/posts"}],"about":[{"href":"https:\/\/archive.sana.sy\/tr\/index.php?rest_route=\/wp\/v2\/types\/post"}],"author":[{"embeddable":true,"href":"https:\/\/archive.sana.sy\/tr\/index.php?rest_route=\/wp\/v2\/users\/41"}],"replies":[{"embeddable":true,"href":"https:\/\/archive.sana.sy\/tr\/index.php?rest_route=%2Fwp%2Fv2%2Fcomments&post=276958"}],"version-history":[{"count":0,"href":"https:\/\/archive.sana.sy\/tr\/index.php?rest_route=\/wp\/v2\/posts\/276958\/revisions"}],"wp:featuredmedia":[{"embeddable":true,"href":"https:\/\/archive.sana.sy\/tr\/index.php?rest_route=\/wp\/v2\/media\/276959"}],"wp:attachment":[{"href":"https:\/\/archive.sana.sy\/tr\/index.php?rest_route=%2Fwp%2Fv2%2Fmedia&parent=276958"}],"wp:term":[{"taxonomy":"category","embeddable":true,"href":"https:\/\/archive.sana.sy\/tr\/index.php?rest_route=%2Fwp%2Fv2%2Fcategories&post=276958"},{"taxonomy":"post_tag","embeddable":true,"href":"https:\/\/archive.sana.sy\/tr\/index.php?rest_route=%2Fwp%2Fv2%2Ftags&post=276958"}],"curies":[{"name":"wp","href":"https:\/\/api.w.org\/{rel}","templated":true}]}}