{"id":276965,"date":"2023-03-18T14:49:35","date_gmt":"2023-03-18T11:49:35","guid":{"rendered":"https:\/\/sana.sy\/tr\/?p=276965"},"modified":"2023-03-19T08:13:53","modified_gmt":"2023-03-19T05:13:53","slug":"arap-parti-ve-siyasi-figurlerinin-katilimiyla-arap-partileri-acil-durum-konferansi-genel-sekreterligi-63-oturumunun-calismalari-basladi","status":"publish","type":"post","link":"https:\/\/archive.sana.sy\/tr\/?p=276965","title":{"rendered":"Arap Partiler Konferans\u0131 Genel Sekreterli\u011fi Toplant\u0131s\u0131n\u0131n \u00c7al\u0131\u015fmalar\u0131 \u015eam&#8217;da Ba\u015flad\u0131"},"content":{"rendered":"<p><strong>\u015eAM<\/strong> &#8211; Arap Taraflar Konferans\u0131 Genel Sekreterli\u011fi&#8217;nin altm\u0131\u015f \u00fc\u00e7\u00fcnc\u00fc acil oturumu bug\u00fcn \u00a0\u00a0\u201cSuriye&#8217;nin birli\u011fine, egemenli\u011fine ve milli projesine evet. Suriye&#8217;ye y\u00f6nelik ku\u015fatma ve sald\u0131rganl\u0131\u011fa hay\u0131r\u201d ba\u015fl\u0131\u011f\u0131yla \u015eam&#8217;da ba\u015flad\u0131.<\/p>\n<p><img loading=\"lazy\" decoding=\"async\" class=\"size-full wp-image-277014 alignright\" src=\"http:\/\/sana.sy\/tr\/wp-content\/uploads\/2023\/03\/1111111111.jpg\" alt=\"\" width=\"300\" height=\"200\" srcset=\"https:\/\/archive.sana.sy\/tr\/wp-content\/uploads\/2023\/03\/1111111111.jpg 300w, https:\/\/archive.sana.sy\/tr\/wp-content\/uploads\/2023\/03\/1111111111-150x100.jpg 150w\" sizes=\"auto, (max-width: 300px) 100vw, 300px\" \/>Arap Partiler Konferans\u0131 Genel Sekreteri Qassem Salih a\u00e7\u0131l\u0131\u015fta yapt\u0131\u011f\u0131 konu\u015fmada, bug\u00fcn \u015eam&#8217;da toplanan konferans\u0131n Arap partilerinin i\u00e7inde bulundu\u011fu ko\u015fullar \u0131\u015f\u0131\u011f\u0131nda Suriye ile dayan\u0131\u015fma beyan\u0131 oldu\u011funu vurgulayarak, Suriye&#8217;ye gelip, dayan\u0131\u015fma i\u00e7inde olduklar\u0131n\u0131 beyan etmenin ve Suriye halk\u0131n\u0131n ac\u0131s\u0131n\u0131 art\u0131ran ku\u015fatmay\u0131 k\u0131rmak i\u00e7in ses y\u00fckseltmenin taraflar\u0131n g\u00f6revi oldu\u011funa i\u015faret etti.<\/p>\n<p>Salih, g\u00fcndemin Suriye&#8217;ye yard\u0131m ak\u0131\u015f\u0131n\u0131 ve yard\u0131m ak\u0131\u015f\u0131n\u0131 g\u00fcvence alt\u0131na almak i\u00e7in uygulamaya konulabilecek vizyon ve mekanizmalar\u0131 i\u00e7erdi\u011fine dikkat \u00e7ekerken, \u2018\u2019Halk ve partilere g\u00fcveniyoruz \u00e7\u00fcnk\u00fc onlar esas olarak Arap halk hareketini temsil ediyor\u201d dedi.<\/p>\n<p>bu acil durum Arap\u00e7\u0131l\u0131\u011f\u0131n kalesi ve ulusun atan kalbi \u015eam&#8217;da yap\u0131l\u0131rken ve Arap ulusu birli\u011fini b\u00f6lmeyi ama\u00e7layan <img loading=\"lazy\" decoding=\"async\" class=\"size-full wp-image-277015 alignright\" src=\"http:\/\/sana.sy\/tr\/wp-content\/uploads\/2023\/03\/22222222222222.jpg\" alt=\"\" width=\"300\" height=\"200\" srcset=\"https:\/\/archive.sana.sy\/tr\/wp-content\/uploads\/2023\/03\/22222222222222.jpg 300w, https:\/\/archive.sana.sy\/tr\/wp-content\/uploads\/2023\/03\/22222222222222-150x100.jpg 150w\" sizes=\"auto, (max-width: 300px) 100vw, 300px\" \/>zorluklardan ge\u00e7erken, ortak Arap partizan eylemini harekete ge\u00e7irmenin gereklili\u011fine i\u015faret eden Salih, Amerikal\u0131lar\u0131n bu d\u00fc\u015fmana hizmet i\u00e7in b\u00f6lgede bir dizi sava\u015f ba\u015flatt\u0131\u011f\u0131n\u0131 belirtti ve Salih, Suriye ile dayan\u0131\u015fma i\u00e7inde oldu\u011funu ve son zamanlarda Suriye&#8217;yi vuran y\u0131k\u0131c\u0131 deprem sonucunda a\u011f\u0131r can ve mal kay\u0131plar\u0131na u\u011frayan Suriye halk\u0131n\u0131n yan\u0131nda oldu\u011funu ifade etti.<\/p>\n<p>Salih, Amerika ve m\u00fcttefiklerinin k\u00fcresel sava\u015fta hedeflerine ula\u015famay\u0131nca s\u00f6zde &#8220;Sezar Yasas\u0131&#8221; ad\u0131 alt\u0131nda Suriye ve halk\u0131 \u00fczerinde bask\u0131 kurmak i\u00e7in haks\u0131z ku\u015fatma silah\u0131na ba\u015fvurduklar\u0131n\u0131 anlatarak, Arap\u00e7\u0131l\u0131\u011f\u0131n ve ona ba\u011fl\u0131l\u0131\u011f\u0131n kriterinin gururlu Filistin halk\u0131n\u0131n deste\u011fi, hakl\u0131 davas\u0131 ve yi\u011fit direni\u015fi oldu\u011funa i\u015faret etti ve Filistinlilerin \u0130srail i\u015fgaline ve onun \u015fehirlere, kamplara ve Mescid-i Aksa yerle\u015fkesine sald\u0131rma giri\u015fimlerine <img loading=\"lazy\" decoding=\"async\" class=\"size-full wp-image-277016 alignright\" src=\"http:\/\/sana.sy\/tr\/wp-content\/uploads\/2023\/03\/222222222222-300x169-1.jpg\" alt=\"\" width=\"300\" height=\"169\" srcset=\"https:\/\/archive.sana.sy\/tr\/wp-content\/uploads\/2023\/03\/222222222222-300x169-1.jpg 300w, https:\/\/archive.sana.sy\/tr\/wp-content\/uploads\/2023\/03\/222222222222-300x169-1-150x85.jpg 150w\" sizes=\"auto, (max-width: 300px) 100vw, 300px\" \/>kar\u015f\u0131 kahramanca m\u00fccadelesini ve topraklar\u0131n\u0131 ve kutsall\u0131klar\u0131n\u0131 geri alma haklar\u0131na ba\u011fl\u0131l\u0131klar\u0131n\u0131 \u00f6vd\u00fc.<\/p>\n<p>Arap Sosyalist Baas Partisi&#8217;nin merkezi liderli\u011finin bir \u00fcyesi olan Dr. Mehdi Dahlallah, SANA muhabirine yapt\u0131\u011f\u0131 a\u00e7\u0131klamada, \u2018\u2019Suriyeliler t\u00fcm Araplar ad\u0131na ter\u00f6rle kar\u015f\u0131 kar\u015f\u0131ya ve Suriye d\u00fc\u015ferse t\u00fcm Arap \u00fclkeleri d\u00fc\u015fecek, bu nedenle Arap partilerinin performans seviyesini y\u00fckseltmeye \u00e7al\u0131\u015fmak gerekiyor\u2019\u2019 dedi.<\/p>\n<p>Konferans Genel Sekreterli\u011fi \u00dcyesi ve Konferans Sekreteri Abdullah Menini, toplant\u0131n\u0131n acil bir durum oldu\u011funu ve Suriye&#8217;yi vuran y\u0131k\u0131c\u0131 deprem felaketinin ard\u0131ndan geldi\u011fini vurgulayarak, Suriye&#8217;nin birli\u011finin ve ba\u011f\u0131ms\u0131z karar\u0131n\u0131n t\u00fcm ger\u00e7ekli\u011fin ve Arap aidiyetinin garantisi oldu\u011funu kaydetti ve taraflar\u0131n Suriye&#8217;ye ter\u00f6rle m\u00fccadele, topraklar\u0131n\u0131 mevcut t\u00fcm i\u015fgallerden kurtarma, yeniden in\u015fa ve imar \u00e7abalar\u0131na destek vermek i\u00e7in geldiklerine dikkat \u00e7ekti.<\/p>\n<div id='gallery-1' class='gallery galleryid-276965 gallery-columns-2 gallery-size-medium'><figure class='gallery-item'>\n\t\t\t<div class='gallery-icon landscape'>\n\t\t\t\t<a href='https:\/\/archive.sana.sy\/tr\/?attachment_id=277017'><img loading=\"lazy\" decoding=\"async\" width=\"300\" height=\"185\" src=\"https:\/\/archive.sana.sy\/tr\/wp-content\/uploads\/2023\/03\/kkkkkkkkk4-300x185.jpg\" class=\"attachment-medium size-medium\" alt=\"\" srcset=\"https:\/\/archive.sana.sy\/tr\/wp-content\/uploads\/2023\/03\/kkkkkkkkk4-300x185.jpg 300w, https:\/\/archive.sana.sy\/tr\/wp-content\/uploads\/2023\/03\/kkkkkkkkk4-150x93.jpg 150w, https:\/\/archive.sana.sy\/tr\/wp-content\/uploads\/2023\/03\/kkkkkkkkk4.jpg 660w\" sizes=\"auto, (max-width: 300px) 100vw, 300px\" \/><\/a>\n\t\t\t<\/div><\/figure><figure class='gallery-item'>\n\t\t\t<div class='gallery-icon landscape'>\n\t\t\t\t<a href='https:\/\/archive.sana.sy\/tr\/?attachment_id=277018'><img loading=\"lazy\" decoding=\"async\" width=\"300\" height=\"208\" src=\"https:\/\/archive.sana.sy\/tr\/wp-content\/uploads\/2023\/03\/kkkkkkkkkkk6-300x208.jpg\" class=\"attachment-medium size-medium\" alt=\"\" srcset=\"https:\/\/archive.sana.sy\/tr\/wp-content\/uploads\/2023\/03\/kkkkkkkkkkk6-300x208.jpg 300w, https:\/\/archive.sana.sy\/tr\/wp-content\/uploads\/2023\/03\/kkkkkkkkkkk6-150x104.jpg 150w, https:\/\/archive.sana.sy\/tr\/wp-content\/uploads\/2023\/03\/kkkkkkkkkkk6-110x75.jpg 110w, https:\/\/archive.sana.sy\/tr\/wp-content\/uploads\/2023\/03\/kkkkkkkkkkk6.jpg 660w\" sizes=\"auto, (max-width: 300px) 100vw, 300px\" \/><\/a>\n\t\t\t<\/div><\/figure><figure class='gallery-item'>\n\t\t\t<div class='gallery-icon landscape'>\n\t\t\t\t<a href='https:\/\/archive.sana.sy\/tr\/?attachment_id=277019'><img loading=\"lazy\" decoding=\"async\" width=\"300\" height=\"201\" src=\"https:\/\/archive.sana.sy\/tr\/wp-content\/uploads\/2023\/03\/kkkkkkkkkkk3-300x201.jpg\" class=\"attachment-medium size-medium\" alt=\"\" srcset=\"https:\/\/archive.sana.sy\/tr\/wp-content\/uploads\/2023\/03\/kkkkkkkkkkk3-300x201.jpg 300w, https:\/\/archive.sana.sy\/tr\/wp-content\/uploads\/2023\/03\/kkkkkkkkkkk3-150x101.jpg 150w, https:\/\/archive.sana.sy\/tr\/wp-content\/uploads\/2023\/03\/kkkkkkkkkkk3-110x75.jpg 110w, https:\/\/archive.sana.sy\/tr\/wp-content\/uploads\/2023\/03\/kkkkkkkkkkk3.jpg 660w\" sizes=\"auto, (max-width: 300px) 100vw, 300px\" \/><\/a>\n\t\t\t<\/div><\/figure><figure class='gallery-item'>\n\t\t\t<div class='gallery-icon landscape'>\n\t\t\t\t<a href='https:\/\/archive.sana.sy\/tr\/?attachment_id=277020'><img loading=\"lazy\" decoding=\"async\" width=\"300\" height=\"195\" src=\"https:\/\/archive.sana.sy\/tr\/wp-content\/uploads\/2023\/03\/kkkk2-300x195.jpg\" class=\"attachment-medium size-medium\" alt=\"\" srcset=\"https:\/\/archive.sana.sy\/tr\/wp-content\/uploads\/2023\/03\/kkkk2-300x195.jpg 300w, https:\/\/archive.sana.sy\/tr\/wp-content\/uploads\/2023\/03\/kkkk2-150x98.jpg 150w, https:\/\/archive.sana.sy\/tr\/wp-content\/uploads\/2023\/03\/kkkk2.jpg 660w\" sizes=\"auto, (max-width: 300px) 100vw, 300px\" \/><\/a>\n\t\t\t<\/div><\/figure><figure class='gallery-item'>\n\t\t\t<div class='gallery-icon landscape'>\n\t\t\t\t<a href='https:\/\/archive.sana.sy\/tr\/?attachment_id=277021'><img loading=\"lazy\" decoding=\"async\" width=\"300\" height=\"196\" src=\"https:\/\/archive.sana.sy\/tr\/wp-content\/uploads\/2023\/03\/kkkkkkkkkkkkkkkkkk1-300x196.jpg\" class=\"attachment-medium size-medium\" alt=\"\" srcset=\"https:\/\/archive.sana.sy\/tr\/wp-content\/uploads\/2023\/03\/kkkkkkkkkkkkkkkkkk1-300x196.jpg 300w, https:\/\/archive.sana.sy\/tr\/wp-content\/uploads\/2023\/03\/kkkkkkkkkkkkkkkkkk1-150x98.jpg 150w, https:\/\/archive.sana.sy\/tr\/wp-content\/uploads\/2023\/03\/kkkkkkkkkkkkkkkkkk1.jpg 660w\" sizes=\"auto, (max-width: 300px) 100vw, 300px\" \/><\/a>\n\t\t\t<\/div><\/figure><figure class='gallery-item'>\n\t\t\t<div class='gallery-icon landscape'>\n\t\t\t\t<a href='https:\/\/archive.sana.sy\/tr\/?attachment_id=277022'><img loading=\"lazy\" decoding=\"async\" width=\"300\" height=\"200\" src=\"https:\/\/archive.sana.sy\/tr\/wp-content\/uploads\/2023\/03\/kkkkkkkkkkkkk5-300x200.jpg\" class=\"attachment-medium size-medium\" alt=\"\" srcset=\"https:\/\/archive.sana.sy\/tr\/wp-content\/uploads\/2023\/03\/kkkkkkkkkkkkk5-300x200.jpg 300w, https:\/\/archive.sana.sy\/tr\/wp-content\/uploads\/2023\/03\/kkkkkkkkkkkkk5-150x100.jpg 150w, https:\/\/archive.sana.sy\/tr\/wp-content\/uploads\/2023\/03\/kkkkkkkkkkkkk5.jpg 660w\" sizes=\"auto, (max-width: 300px) 100vw, 300px\" \/><\/a>\n\t\t\t<\/div><\/figure>\n\t\t<\/div>\n\n<p>&nbsp;<\/p>\n<p>R.M.<\/p>\n<p><a href=\"https:\/\/t.me\/SuriyeArapHaberAjansI\">Telegram Kanal\u0131m\u0131z\u00a0<\/a><\/p>\n<p><a href=\"https:\/\/www.facebook.com\/SANAHaberAjansi\/\">Facebook Sayfam\u0131z<\/a><\/p>\n","protected":false},"excerpt":{"rendered":"<p>\u015eAM &#8211; Arap Taraflar Konferans\u0131 Genel Sekreterli\u011fi&#8217;nin altm\u0131\u015f \u00fc\u00e7\u00fcnc\u00fc acil oturumu bug\u00fcn \u00a0\u00a0\u201cSuriye&#8217;nin birli\u011fine, egemenli\u011fine ve milli projesine evet. Suriye&#8217;ye y\u00f6nelik ku\u015fatma ve sald\u0131rganl\u0131\u011fa hay\u0131r\u201d ba\u015fl\u0131\u011f\u0131yla \u015eam&#8217;da ba\u015flad\u0131. Arap Partiler Konferans\u0131 Genel Sekreteri Qassem Salih a\u00e7\u0131l\u0131\u015fta yapt\u0131\u011f\u0131 konu\u015fmada, bug\u00fcn \u015eam&#8217;da toplanan konferans\u0131n Arap partilerinin i\u00e7inde bulundu\u011fu ko\u015fullar \u0131\u015f\u0131\u011f\u0131nda Suriye ile dayan\u0131\u015fma beyan\u0131 oldu\u011funu vurgulayarak, Suriye&#8217;ye &hellip;<\/p>\n","protected":false},"author":41,"featured_media":276966,"comment_status":"closed","ping_status":"closed","sticky":false,"template":"","format":"standard","meta":{"footnotes":""},"categories":[479,17988,478],"tags":[],"class_list":["post-276965","post","type-post","status-publish","format-standard","has-post-thumbnail","","category-haberler-yerel","category-son-haberler","category-yerel"],"_links":{"self":[{"href":"https:\/\/archive.sana.sy\/tr\/index.php?rest_route=\/wp\/v2\/posts\/276965","targetHints":{"allow":["GET"]}}],"collection":[{"href":"https:\/\/archive.sana.sy\/tr\/index.php?rest_route=\/wp\/v2\/posts"}],"about":[{"href":"https:\/\/archive.sana.sy\/tr\/index.php?rest_route=\/wp\/v2\/types\/post"}],"author":[{"embeddable":true,"href":"https:\/\/archive.sana.sy\/tr\/index.php?rest_route=\/wp\/v2\/users\/41"}],"replies":[{"embeddable":true,"href":"https:\/\/archive.sana.sy\/tr\/index.php?rest_route=%2Fwp%2Fv2%2Fcomments&post=276965"}],"version-history":[{"count":0,"href":"https:\/\/archive.sana.sy\/tr\/index.php?rest_route=\/wp\/v2\/posts\/276965\/revisions"}],"wp:featuredmedia":[{"embeddable":true,"href":"https:\/\/archive.sana.sy\/tr\/index.php?rest_route=\/wp\/v2\/media\/276966"}],"wp:attachment":[{"href":"https:\/\/archive.sana.sy\/tr\/index.php?rest_route=%2Fwp%2Fv2%2Fmedia&parent=276965"}],"wp:term":[{"taxonomy":"category","embeddable":true,"href":"https:\/\/archive.sana.sy\/tr\/index.php?rest_route=%2Fwp%2Fv2%2Fcategories&post=276965"},{"taxonomy":"post_tag","embeddable":true,"href":"https:\/\/archive.sana.sy\/tr\/index.php?rest_route=%2Fwp%2Fv2%2Ftags&post=276965"}],"curies":[{"name":"wp","href":"https:\/\/api.w.org\/{rel}","templated":true}]}}