{"id":276974,"date":"2023-03-18T15:05:16","date_gmt":"2023-03-18T12:05:16","guid":{"rendered":"https:\/\/sana.sy\/tr\/?p=276974"},"modified":"2023-03-19T13:43:38","modified_gmt":"2023-03-19T10:43:38","slug":"bakanlar-kurulu-depremin-ekonomik-hizmet-ve-sosyal-yonleriyle-etkilerinin-karsilanmasi-icin-gosterilen-cabalari-gorustu","status":"publish","type":"post","link":"https:\/\/archive.sana.sy\/tr\/?p=276974","title":{"rendered":"Bakanlar Kurulu, Depremin Ekonomik, Hizmet Ve Sosyal Y\u00f6nleriyle Etkilerinin Kar\u015f\u0131lanmas\u0131 \u0130\u00e7in G\u00f6sterilen \u00c7abalar\u0131 G\u00f6r\u00fc\u015ft\u00fc"},"content":{"rendered":"<p><strong>\u015eAM<\/strong> &#8211; Bakanlar Kurulu, bug\u00fcn H\u00fcseyin Arnous ba\u015fkanl\u0131\u011f\u0131ndaki haftal\u0131k toplant\u0131s\u0131nda, depremin ekonomik, hizmet ve sosyal y\u00f6nleriyle yans\u0131malar\u0131yla y\u00fczle\u015fmek i\u00e7in yap\u0131lan \u00e7al\u0131\u015fmalar\u0131n ger\u00e7ekli\u011fini tart\u0131\u015ft\u0131 ve hasar tespitine ili\u015fkin verileri tamamlad\u0131, T\u00fcm bakanl\u0131klar\u0131n 2023 tarihli 3 Say\u0131l\u0131 Kanun H\u00fckm\u00fcnde Kararname&#8217;yi sahada uygulamaya <img loading=\"lazy\" decoding=\"async\" class=\"size-full wp-image-276975 alignright\" src=\"http:\/\/sana.sy\/tr\/wp-content\/uploads\/2023\/03\/\u0645\u062c\u0644\u0633-\u0627\u0644\u0648\u0632\u0627\u0631\u0621-4-300x168-1.jpg\" alt=\"\" width=\"300\" height=\"168\" srcset=\"https:\/\/archive.sana.sy\/tr\/wp-content\/uploads\/2023\/03\/\u0645\u062c\u0644\u0633-\u0627\u0644\u0648\u0632\u0627\u0631\u0621-4-300x168-1.jpg 300w, https:\/\/archive.sana.sy\/tr\/wp-content\/uploads\/2023\/03\/\u0645\u062c\u0644\u0633-\u0627\u0644\u0648\u0632\u0627\u0631\u0621-4-300x168-1-150x84.jpg 150w\" sizes=\"auto, (max-width: 300px) 100vw, 300px\" \/>koymak i\u00e7in iki kat \u00e7aba sarf etmesi ve \u00e7al\u0131\u015fmalar\u0131n\u0131 yo\u011funla\u015ft\u0131rmas\u0131 gerekti\u011fini yineledi ve \u00a0Halep ve Lazkiye vilayetlerinde \u00f6nerilen yerler i\u00e7in s\u00f6zle\u015fme prosed\u00fcrlerinin tamamlanmas\u0131n\u0131 h\u0131zland\u0131rmas\u0131 ve etkilenenlere konut sa\u011flamak i\u00e7in Genel Konut Te\u015fkilat\u0131&#8217;na talimat verdi.<\/p>\n<p>M\u00fcbarek Ramazan ay\u0131n\u0131n geli\u015fiyle birlikte, Konsey&#8217;e pazarlardaki temel ve g\u0131da maddelerinin mevcudiyeti hakk\u0131nda bilgi verildi ve Ekonomi ve D\u0131\u015f Ticaret Bakanl\u0131\u011f\u0131&#8217;ndan, ekonomik kalk\u0131nmada kendilerine verilen rol\u00fc \u00fcstlenmeleri i\u00e7in serbest b\u00f6lgelerin ve piyasalar\u0131n \u00e7al\u0131\u015fmalar\u0131n\u0131 geli\u015ftirmenin yollar\u0131 ve performans\u0131n ger\u00e7ekli\u011fi hakk\u0131nda b\u00fct\u00fcnle\u015fik bir vizyon haz\u0131rlamas\u0131n\u0131 istedi.<\/p>\n<p>Meclis, Enformasyon Bakan\u0131 Dr. Butrus Hallak&#8217;\u0131n Arap Reklam Kurumu\u2019nun \u00e7al\u0131\u015fmalar\u0131n\u0131n ger\u00e7ekli\u011fi ve \u00e7al\u0131\u015fmalar\u0131n\u0131 geli\u015ftirmek ve rol\u00fcn\u00fc etkin bir \u015fekilde yerine getirmek i\u00e7in \u00f6nerilen vizyon hakk\u0131ndaki sunumunu dinledi ve \u00a0Kurumun yaz\u0131l\u0131m ve sistemlerinin modernizasyonunun tamamlanmas\u0131, \u015fubelerin i\u015flerinin otomatize edilerek merkezi idareye ba\u011flanmas\u0131, elektronik hizmetlerin ve yol reklam projelerinin yayg\u0131nla\u015ft\u0131r\u0131lmas\u0131 vurguland\u0131.<\/p>\n<p>&nbsp;<\/p>\n<p>R.M.<\/p>\n<p><a href=\"https:\/\/t.me\/SuriyeArapHaberAjansI\">Telegram Kanal\u0131m\u0131z\u00a0<\/a><\/p>\n<p><a href=\"https:\/\/www.facebook.com\/SANAHaberAjansi\/\">Facebook Sayfam\u0131z<\/a><\/p>\n","protected":false},"excerpt":{"rendered":"<p>\u015eAM &#8211; Bakanlar Kurulu, bug\u00fcn H\u00fcseyin Arnous ba\u015fkanl\u0131\u011f\u0131ndaki haftal\u0131k toplant\u0131s\u0131nda, depremin ekonomik, hizmet ve sosyal y\u00f6nleriyle yans\u0131malar\u0131yla y\u00fczle\u015fmek i\u00e7in yap\u0131lan \u00e7al\u0131\u015fmalar\u0131n ger\u00e7ekli\u011fini tart\u0131\u015ft\u0131 ve hasar tespitine ili\u015fkin verileri tamamlad\u0131, T\u00fcm bakanl\u0131klar\u0131n 2023 tarihli 3 Say\u0131l\u0131 Kanun H\u00fckm\u00fcnde Kararname&#8217;yi sahada uygulamaya koymak i\u00e7in iki kat \u00e7aba sarf etmesi ve \u00e7al\u0131\u015fmalar\u0131n\u0131 yo\u011funla\u015ft\u0131rmas\u0131 gerekti\u011fini yineledi ve \u00a0Halep ve &hellip;<\/p>\n","protected":false},"author":41,"featured_media":276976,"comment_status":"closed","ping_status":"closed","sticky":false,"template":"","format":"standard","meta":{"footnotes":""},"categories":[479,17988,478],"tags":[],"class_list":["post-276974","post","type-post","status-publish","format-standard","has-post-thumbnail","","category-haberler-yerel","category-son-haberler","category-yerel"],"_links":{"self":[{"href":"https:\/\/archive.sana.sy\/tr\/index.php?rest_route=\/wp\/v2\/posts\/276974","targetHints":{"allow":["GET"]}}],"collection":[{"href":"https:\/\/archive.sana.sy\/tr\/index.php?rest_route=\/wp\/v2\/posts"}],"about":[{"href":"https:\/\/archive.sana.sy\/tr\/index.php?rest_route=\/wp\/v2\/types\/post"}],"author":[{"embeddable":true,"href":"https:\/\/archive.sana.sy\/tr\/index.php?rest_route=\/wp\/v2\/users\/41"}],"replies":[{"embeddable":true,"href":"https:\/\/archive.sana.sy\/tr\/index.php?rest_route=%2Fwp%2Fv2%2Fcomments&post=276974"}],"version-history":[{"count":0,"href":"https:\/\/archive.sana.sy\/tr\/index.php?rest_route=\/wp\/v2\/posts\/276974\/revisions"}],"wp:featuredmedia":[{"embeddable":true,"href":"https:\/\/archive.sana.sy\/tr\/index.php?rest_route=\/wp\/v2\/media\/276976"}],"wp:attachment":[{"href":"https:\/\/archive.sana.sy\/tr\/index.php?rest_route=%2Fwp%2Fv2%2Fmedia&parent=276974"}],"wp:term":[{"taxonomy":"category","embeddable":true,"href":"https:\/\/archive.sana.sy\/tr\/index.php?rest_route=%2Fwp%2Fv2%2Fcategories&post=276974"},{"taxonomy":"post_tag","embeddable":true,"href":"https:\/\/archive.sana.sy\/tr\/index.php?rest_route=%2Fwp%2Fv2%2Ftags&post=276974"}],"curies":[{"name":"wp","href":"https:\/\/api.w.org\/{rel}","templated":true}]}}