{"id":276986,"date":"2023-03-18T14:00:29","date_gmt":"2023-03-18T11:00:29","guid":{"rendered":"https:\/\/sana.sy\/tr\/?p=276986"},"modified":"2023-03-19T08:13:44","modified_gmt":"2023-03-19T05:13:44","slug":"dso-covid-19-riski-mevsimsel-grip-duzeyine-inebilir","status":"publish","type":"post","link":"https:\/\/archive.sana.sy\/tr\/?p=276986","title":{"rendered":"DS\u00d6: Covid 19 Riski Mevsimsel Grip D\u00fczeyine \u0130nebilir"},"content":{"rendered":"<p><strong>CENEVRE<\/strong> &#8211; Bug\u00fcn D\u00fcnya Sa\u011fl\u0131k \u00d6rg\u00fct\u00fc, COVID-19 salg\u0131n\u0131n\u0131n bu y\u0131l mevsimsel grip kadar \u015fiddetli olacak \u015fekilde gerileyece\u011fini tahmin etti.<\/p>\n<p>AFP haber ajans\u0131, \u00f6rg\u00fct\u00fcn acil durumlar m\u00fcd\u00fcr\u00fc Michael Ryan&#8217;\u0131n bir bas\u0131n toplant\u0131s\u0131nda, &#8220;Mevsimsel gribe nas\u0131l sa\u011fl\u0131k a\u00e7\u0131s\u0131ndan bakt\u0131\u011f\u0131m\u0131z gibi, Kovid-19&#8217;a da bu noktada bakmaya ba\u015fl\u0131yoruz.&#8221; ifadelerini aktard\u0131.<\/p>\n<p>Daha \u00f6nce, \u00f6rg\u00fct\u00fcn Genel Direkt\u00f6r\u00fc Tedros Adhanom Ghebreyesus, \u00f6rg\u00fct\u00fcn &#8220;bu y\u0131l Covid-19&#8217;un uluslararas\u0131 \u00f6neme sahip bir halk sa\u011fl\u0131\u011f\u0131 acil durumu olarak sona erdi\u011fini s\u00f6yleyebilece\u011fine&#8221; olan g\u00fcvenini dile getirirkenve Pandemi s\u0131ras\u0131nda d\u00fcnyan\u0131n \u015fimdi her zamankinden daha iyi bir yerde oldu\u011funu kaydetmi\u015fti.<\/p>\n<p>&nbsp;<\/p>\n<p>R.M.<\/p>\n<p><a href=\"https:\/\/t.me\/SuriyeArapHaberAjansI\">Telegram Kanal\u0131m\u0131z\u00a0<\/a><\/p>\n<p><a href=\"https:\/\/www.facebook.com\/SANAHaberAjansi\/\">Facebook Sayfam\u0131z<\/a><\/p>\n","protected":false},"excerpt":{"rendered":"<p>CENEVRE &#8211; Bug\u00fcn D\u00fcnya Sa\u011fl\u0131k \u00d6rg\u00fct\u00fc, COVID-19 salg\u0131n\u0131n\u0131n bu y\u0131l mevsimsel grip kadar \u015fiddetli olacak \u015fekilde gerileyece\u011fini tahmin etti. AFP haber ajans\u0131, \u00f6rg\u00fct\u00fcn acil durumlar m\u00fcd\u00fcr\u00fc Michael Ryan&#8217;\u0131n bir bas\u0131n toplant\u0131s\u0131nda, &#8220;Mevsimsel gribe nas\u0131l sa\u011fl\u0131k a\u00e7\u0131s\u0131ndan bakt\u0131\u011f\u0131m\u0131z gibi, Kovid-19&#8217;a da bu noktada bakmaya ba\u015fl\u0131yoruz.&#8221; ifadelerini aktard\u0131. Daha \u00f6nce, \u00f6rg\u00fct\u00fcn Genel Direkt\u00f6r\u00fc Tedros Adhanom Ghebreyesus, \u00f6rg\u00fct\u00fcn &hellip;<\/p>\n","protected":false},"author":41,"featured_media":276987,"comment_status":"closed","ping_status":"closed","sticky":false,"template":"","format":"standard","meta":{"footnotes":""},"categories":[458,459,17988],"tags":[],"class_list":["post-276986","post","type-post","status-publish","format-standard","has-post-thumbnail","","category-dunya1","category-haberler-arap-uluslararasi-politika","category-son-haberler"],"_links":{"self":[{"href":"https:\/\/archive.sana.sy\/tr\/index.php?rest_route=\/wp\/v2\/posts\/276986","targetHints":{"allow":["GET"]}}],"collection":[{"href":"https:\/\/archive.sana.sy\/tr\/index.php?rest_route=\/wp\/v2\/posts"}],"about":[{"href":"https:\/\/archive.sana.sy\/tr\/index.php?rest_route=\/wp\/v2\/types\/post"}],"author":[{"embeddable":true,"href":"https:\/\/archive.sana.sy\/tr\/index.php?rest_route=\/wp\/v2\/users\/41"}],"replies":[{"embeddable":true,"href":"https:\/\/archive.sana.sy\/tr\/index.php?rest_route=%2Fwp%2Fv2%2Fcomments&post=276986"}],"version-history":[{"count":0,"href":"https:\/\/archive.sana.sy\/tr\/index.php?rest_route=\/wp\/v2\/posts\/276986\/revisions"}],"wp:featuredmedia":[{"embeddable":true,"href":"https:\/\/archive.sana.sy\/tr\/index.php?rest_route=\/wp\/v2\/media\/276987"}],"wp:attachment":[{"href":"https:\/\/archive.sana.sy\/tr\/index.php?rest_route=%2Fwp%2Fv2%2Fmedia&parent=276986"}],"wp:term":[{"taxonomy":"category","embeddable":true,"href":"https:\/\/archive.sana.sy\/tr\/index.php?rest_route=%2Fwp%2Fv2%2Fcategories&post=276986"},{"taxonomy":"post_tag","embeddable":true,"href":"https:\/\/archive.sana.sy\/tr\/index.php?rest_route=%2Fwp%2Fv2%2Ftags&post=276986"}],"curies":[{"name":"wp","href":"https:\/\/api.w.org\/{rel}","templated":true}]}}