{"id":276997,"date":"2023-03-18T17:57:59","date_gmt":"2023-03-18T14:57:59","guid":{"rendered":"https:\/\/sana.sy\/tr\/?p=276997"},"modified":"2023-03-20T08:42:30","modified_gmt":"2023-03-20T05:42:30","slug":"cumhurbaskani-esad-arap-partiler-konferansi-genel-sekreterligi-uyelerine-tek-bir-dusunceye-veya-tek-bir-yone-sahip-olmamiz-sart-degil-onemli-olan-nihai-hedefe-ulasmamizdir","status":"publish","type":"post","link":"https:\/\/archive.sana.sy\/tr\/?p=276997","title":{"rendered":"Cumhurba\u015fkan\u0131 Esad, Arap Partiler Konferans\u0131 Genel Sekreterli\u011fi \u00dcyelerini Kabul Etti"},"content":{"rendered":"<p><strong>\u015eAM<\/strong> &#8211; Cumhurba\u015fkan\u0131 Be\u015f\u015far Esad, bug\u00fcn \u015eam&#8217;da acil toplant\u0131s\u0131n\u0131 ger\u00e7ekle\u015ftiren Arap Partiler Konferans\u0131 Genel Sekreterli\u011fi \u00fcyeleriyle bir araya geldi.<\/p>\n<p>G\u00f6r\u00fc\u015fmede Arap ve milli boyutu olan bir dizi konu ele al\u0131n\u0131rken, Cumhurba\u015fkan\u0131 Esad, sahada d\u00fc\u015fman medyan\u0131n y\u0131llar \u00f6nce Arap toplumumuzun insanlar\u0131n\u0131n kalplerine yerle\u015ftirmek i\u00e7in \u00e7ok \u00e7al\u0131\u015ft\u0131\u011f\u0131 yenilgi ve taviz fikrinin aksine, ku\u015fatma alt\u0131ndaki halklar\u0131n ku\u015fatmalar\u0131na direnmedeki ba\u015far\u0131s\u0131n\u0131 g\u00f6steren ger\u00e7ek ve pratik modellerin varl\u0131\u011f\u0131 nedeniyle bug\u00fcn\u00fcn siyasi partiler ve g\u00fc\u00e7ler i\u00e7in harekete ge\u00e7meleri i\u00e7in elveri\u015fli bir f\u0131rsat oldu\u011funu de\u011ferlendirdi.<\/p>\n<p><a href=\"http:\/\/sana.sy\/tr\/wp-content\/uploads\/2023\/03\/3-10.jpg\"><img loading=\"lazy\" decoding=\"async\" class=\"wp-image-277039 size-medium alignright\" src=\"http:\/\/sana.sy\/tr\/wp-content\/uploads\/2023\/03\/3-10-300x150.jpg\" alt=\"\" width=\"300\" height=\"150\" srcset=\"https:\/\/archive.sana.sy\/tr\/wp-content\/uploads\/2023\/03\/3-10-300x150.jpg 300w, https:\/\/archive.sana.sy\/tr\/wp-content\/uploads\/2023\/03\/3-10-1024x511.jpg 1024w, https:\/\/archive.sana.sy\/tr\/wp-content\/uploads\/2023\/03\/3-10-150x75.jpg 150w, https:\/\/archive.sana.sy\/tr\/wp-content\/uploads\/2023\/03\/3-10-768x383.jpg 768w, https:\/\/archive.sana.sy\/tr\/wp-content\/uploads\/2023\/03\/3-10-660x330.jpg 660w, https:\/\/archive.sana.sy\/tr\/wp-content\/uploads\/2023\/03\/3-10-1050x525.jpg 1050w, https:\/\/archive.sana.sy\/tr\/wp-content\/uploads\/2023\/03\/3-10.jpg 1200w\" sizes=\"auto, (max-width: 300px) 100vw, 300px\" \/><\/a>Cumhurba\u015fkan\u0131 Esad, \u2018\u2019 Suriye halk\u0131n\u0131n b\u00fcy\u00fck bir k\u0131sm\u0131n\u0131n meydan okuma ruhuna sahip ve pozisyonlar\u0131n\u0131n ge\u00e7erlili\u011fine inan\u0131yor. Bu da kararl\u0131l\u0131\u011f\u0131m\u0131z\u0131n en \u00f6nemli unsuru ve bu ruh olmadan hi\u00e7bir \u00fclke kendisine ne destek verilirse verilsin ayakta duramaz ve o partiler, entelekt\u00fcel ve siyasi ak\u0131mlar\u0131yla toplumun imaj\u0131n\u0131 ifade eder. Arap toplumu b\u00fcy\u00fck bir \u00e7e\u015fitlilikle karakterize edilir, bu nedenle konferans \u00e7emberi ne kadar geni\u015flerse toplumlar\u0131 o kadar iyi ifade edebilecektir. Bu da \u00e7emberi farkl\u0131 ak\u0131mlara ve aidiyetlere do\u011fru geni\u015fletmek i\u00e7in \u00e7al\u0131\u015fmay\u0131 gerektiriyor ve bunu ba\u015farmak i\u00e7in belki de en \u00f6nemli fakt\u00f6r diyalog \u2018\u2019 ifadelerini kullanarak, tek bir d\u00fc\u015f\u00fcncenin veya tek bir y\u00f6n\u00fcn sahibi olmam\u0131z\u0131n \u015fart olmad\u0131\u011f\u0131n\u0131, \u00f6nemli olan\u0131n nihai hedefe ula\u015fmam\u0131z oldu\u011funu vurgulad\u0131.<\/p>\n<p>Cumhurba\u015fkan\u0131 Esad ayrica, Araplar i\u00e7in ortak bir kimlik \u00fczerinde \u00e7al\u0131\u015fman\u0131n \u00f6nemini ve bu olmadan, hi\u00e7bir k\u00fclt\u00fcrel, ekonomik veya di\u011fer d\u00fczeyde ilerleme sa\u011flanamayaca\u011f\u0131n\u0131 vurgulad\u0131.<\/p>\n<p><a href=\"http:\/\/sana.sy\/tr\/wp-content\/uploads\/2023\/03\/2-23.jpg\"><img loading=\"lazy\" decoding=\"async\" class=\"alignright wp-image-277043 size-medium\" src=\"http:\/\/sana.sy\/tr\/wp-content\/uploads\/2023\/03\/2-23-300x167.jpg\" alt=\"\" width=\"300\" height=\"167\" srcset=\"https:\/\/archive.sana.sy\/tr\/wp-content\/uploads\/2023\/03\/2-23-300x167.jpg 300w, https:\/\/archive.sana.sy\/tr\/wp-content\/uploads\/2023\/03\/2-23-1024x568.jpg 1024w, https:\/\/archive.sana.sy\/tr\/wp-content\/uploads\/2023\/03\/2-23-150x83.jpg 150w, https:\/\/archive.sana.sy\/tr\/wp-content\/uploads\/2023\/03\/2-23-768x426.jpg 768w, https:\/\/archive.sana.sy\/tr\/wp-content\/uploads\/2023\/03\/2-23.jpg 1200w\" sizes=\"auto, (max-width: 300px) 100vw, 300px\" \/><\/a>Arap Partileri Genel Sekreterli\u011fi Genel Sekreteri Kas\u0131m Salih ise bu hassas a\u015famada Sekreterya toplant\u0131s\u0131na ev sahipli\u011fi yapt\u0131\u011f\u0131 i\u00e7in Suriye&#8217;ye te\u015fekk\u00fcr etti ve heyet \u00fcyeleri ad\u0131na, depremzedeler i\u00e7in Cumhurba\u015fkan\u0131&#8217;na ve Suriye halk\u0131na taziyelerini iletti ve bu felaketin yans\u0131malar\u0131 kar\u015f\u0131s\u0131nda konferans\u0131n t\u00fcm taraflar\u0131n\u0131n Suriye ile dayan\u0131\u015fma i\u00e7inde oldu\u011funu vurgulad\u0131.<\/p>\n<p>Sekreterlik \u00fcyeleri ise, \u00a0buna kar\u015f\u0131l\u0131k t\u00fcm Suriye topraklar\u0131n\u0131n i\u015fgaline son verilmesi ve Suriye halk\u0131na uygulanan haks\u0131z ku\u015fatma ve tek tarafl\u0131 zorlay\u0131c\u0131 yapt\u0131r\u0131mlar\u0131n kald\u0131r\u0131lmas\u0131 gerekti\u011fini vurgularken, bunlar\u0131n uluslararas\u0131 hukuka ayk\u0131r\u0131, yasa d\u0131\u015f\u0131 tedbirleri temsil etti\u011fini ve ABD politikas\u0131n\u0131n kibir ve kibirlili\u011finin a\u00e7\u0131k bir kan\u0131t\u0131 oldu\u011funu kaydettiler ve \u00f6zellikle bug\u00fcn Suriye halk\u0131n\u0131n kar\u015f\u0131 kar\u015f\u0131ya kald\u0131\u011f\u0131 deprem felaketinden sonra ku\u015fatmay\u0131 kald\u0131rman\u0131n ulusal bir g\u00f6rev ve acil bir insani ihtiya\u00e7 oldu\u011fu dile getirdiler.<\/p>\n<p>\u00dcyeler ayr\u0131ca, ter\u00f6r ve y\u0131k\u0131m a\u00e7\u0131s\u0131ndan kendisi i\u00e7in planlanan her \u015feye ra\u011fmen kararl\u0131l\u0131\u011f\u0131 ve zaferiyle Suriye&#8217;nin onu Araplar i\u00e7in bir pusula haline getirdi\u011fini ve Arap\u00e7\u0131l\u0131\u011fa ba\u011fl\u0131l\u0131\u011f\u0131n\u0131n onu Arap halk ve partileri i\u00e7in bir y\u00f6ntem haline getirdi\u011fini vurgulad\u0131lar.<\/p>\n<div id='gallery-1' class='gallery galleryid-276997 gallery-columns-1 gallery-size-full'><figure class='gallery-item'>\n\t\t\t<div class='gallery-icon landscape'>\n\t\t\t\t<a href='https:\/\/archive.sana.sy\/tr\/?attachment_id=276999'><img loading=\"lazy\" decoding=\"async\" width=\"1200\" height=\"440\" src=\"https:\/\/archive.sana.sy\/tr\/wp-content\/uploads\/2023\/03\/7-2-1.jpg\" class=\"attachment-full size-full\" alt=\"\" srcset=\"https:\/\/archive.sana.sy\/tr\/wp-content\/uploads\/2023\/03\/7-2-1.jpg 1200w, https:\/\/archive.sana.sy\/tr\/wp-content\/uploads\/2023\/03\/7-2-1-300x110.jpg 300w, https:\/\/archive.sana.sy\/tr\/wp-content\/uploads\/2023\/03\/7-2-1-1024x375.jpg 1024w, https:\/\/archive.sana.sy\/tr\/wp-content\/uploads\/2023\/03\/7-2-1-150x55.jpg 150w, https:\/\/archive.sana.sy\/tr\/wp-content\/uploads\/2023\/03\/7-2-1-768x282.jpg 768w\" sizes=\"auto, (max-width: 1200px) 100vw, 1200px\" \/><\/a>\n\t\t\t<\/div><\/figure>\n\t\t<\/div>\n\n<p>&nbsp;<\/p>\n<p>R.M.<\/p>\n<p><a href=\"https:\/\/t.me\/SuriyeArapHaberAjansI\">Telegram Kanal\u0131m\u0131z\u00a0<\/a><\/p>\n<p><a href=\"https:\/\/www.facebook.com\/SANAHaberAjansi\/\">Facebook Sayfam\u0131z<\/a><\/p>\n<p>&nbsp;<\/p>\n<p>&nbsp;<\/p>\n<p>&nbsp;<\/p>\n<p>&nbsp;<\/p>\n","protected":false},"excerpt":{"rendered":"<p>\u015eAM &#8211; Cumhurba\u015fkan\u0131 Be\u015f\u015far Esad, bug\u00fcn \u015eam&#8217;da acil toplant\u0131s\u0131n\u0131 ger\u00e7ekle\u015ftiren Arap Partiler Konferans\u0131 Genel Sekreterli\u011fi \u00fcyeleriyle bir araya geldi. G\u00f6r\u00fc\u015fmede Arap ve milli boyutu olan bir dizi konu ele al\u0131n\u0131rken, Cumhurba\u015fkan\u0131 Esad, sahada d\u00fc\u015fman medyan\u0131n y\u0131llar \u00f6nce Arap toplumumuzun insanlar\u0131n\u0131n kalplerine yerle\u015ftirmek i\u00e7in \u00e7ok \u00e7al\u0131\u015ft\u0131\u011f\u0131 yenilgi ve taviz fikrinin aksine, ku\u015fatma alt\u0131ndaki halklar\u0131n ku\u015fatmalar\u0131na direnmedeki &hellip;<\/p>\n","protected":false},"author":41,"featured_media":276998,"comment_status":"closed","ping_status":"closed","sticky":false,"template":"","format":"standard","meta":{"footnotes":""},"categories":[606,479,605,17988,478],"tags":[],"class_list":["post-276997","post","type-post","status-publish","format-standard","has-post-thumbnail","","category-cumhurbaskani","category-haberler-yerel","category-sayin-cumhurbaskani","category-son-haberler","category-yerel"],"_links":{"self":[{"href":"https:\/\/archive.sana.sy\/tr\/index.php?rest_route=\/wp\/v2\/posts\/276997","targetHints":{"allow":["GET"]}}],"collection":[{"href":"https:\/\/archive.sana.sy\/tr\/index.php?rest_route=\/wp\/v2\/posts"}],"about":[{"href":"https:\/\/archive.sana.sy\/tr\/index.php?rest_route=\/wp\/v2\/types\/post"}],"author":[{"embeddable":true,"href":"https:\/\/archive.sana.sy\/tr\/index.php?rest_route=\/wp\/v2\/users\/41"}],"replies":[{"embeddable":true,"href":"https:\/\/archive.sana.sy\/tr\/index.php?rest_route=%2Fwp%2Fv2%2Fcomments&post=276997"}],"version-history":[{"count":0,"href":"https:\/\/archive.sana.sy\/tr\/index.php?rest_route=\/wp\/v2\/posts\/276997\/revisions"}],"wp:featuredmedia":[{"embeddable":true,"href":"https:\/\/archive.sana.sy\/tr\/index.php?rest_route=\/wp\/v2\/media\/276998"}],"wp:attachment":[{"href":"https:\/\/archive.sana.sy\/tr\/index.php?rest_route=%2Fwp%2Fv2%2Fmedia&parent=276997"}],"wp:term":[{"taxonomy":"category","embeddable":true,"href":"https:\/\/archive.sana.sy\/tr\/index.php?rest_route=%2Fwp%2Fv2%2Fcategories&post=276997"},{"taxonomy":"post_tag","embeddable":true,"href":"https:\/\/archive.sana.sy\/tr\/index.php?rest_route=%2Fwp%2Fv2%2Ftags&post=276997"}],"curies":[{"name":"wp","href":"https:\/\/api.w.org\/{rel}","templated":true}]}}