{"id":277025,"date":"2023-03-18T19:23:39","date_gmt":"2023-03-18T16:23:39","guid":{"rendered":"https:\/\/sana.sy\/tr\/?p=277025"},"modified":"2023-03-20T08:42:37","modified_gmt":"2023-03-20T05:42:37","slug":"nasrullah-ve-el-nahhale-direnisin-karsi-karsiya-oldugu-zorluklari-ve-bolgedeki-durumu-gorustu","status":"publish","type":"post","link":"https:\/\/archive.sana.sy\/tr\/?p=277025","title":{"rendered":"Nasrullah Ve El Nahhale, Direni\u015fin Kar\u015f\u0131 Kar\u015f\u0131ya Oldu\u011fu Zorluklar\u0131 Ve B\u00f6lgedeki Durumu G\u00f6r\u00fc\u015ft\u00fc"},"content":{"rendered":"<p><strong>BEYRUT<\/strong> &#8211; Hizbullah Genel Sekreteri Seyyid Hassan Nasrullah ve Filistin Cihad Hareketi Genel Sekreteri Ziyad El Nahhale, Filistin direni\u015finin kar\u015f\u0131la\u015ft\u0131\u011f\u0131 zorluklar\u0131 ve b\u00f6lgedeki durumu ele ald\u0131.<\/p>\n<p>\u0130ki taraf, Siyonist d\u00fc\u015fmana kar\u015f\u0131 direni\u015fin rol\u00fcn\u00fc art\u0131racak \u015fekilde aralar\u0131ndaki isti\u015fare ve koordinasyonun devam etmesini vurgulayarak, Filistin topraklar\u0131nda, \u00f6zellikle Kud\u00fcs ve Bat\u0131 \u015eeria&#8217;da \u0130srail i\u015fgal \u00e7eteleri ve onun cani ordusuna kar\u015f\u0131 cesurca kar\u015f\u0131 koyan Filistin halk\u0131n\u0131n kahramanl\u0131\u011f\u0131n\u0131 \u00f6vd\u00fc.<\/p>\n<p>&nbsp;<\/p>\n<p>R.M.<\/p>\n<p><a href=\"https:\/\/t.me\/SuriyeArapHaberAjansI\">Telegram Kanal\u0131m\u0131z\u00a0<\/a><\/p>\n<p><a href=\"https:\/\/www.facebook.com\/SANAHaberAjansi\/\">Facebook Sayfam\u0131z<\/a><\/p>\n","protected":false},"excerpt":{"rendered":"<p>BEYRUT &#8211; Hizbullah Genel Sekreteri Seyyid Hassan Nasrullah ve Filistin Cihad Hareketi Genel Sekreteri Ziyad El Nahhale, Filistin direni\u015finin kar\u015f\u0131la\u015ft\u0131\u011f\u0131 zorluklar\u0131 ve b\u00f6lgedeki durumu ele ald\u0131. \u0130ki taraf, Siyonist d\u00fc\u015fmana kar\u015f\u0131 direni\u015fin rol\u00fcn\u00fc art\u0131racak \u015fekilde aralar\u0131ndaki isti\u015fare ve koordinasyonun devam etmesini vurgulayarak, Filistin topraklar\u0131nda, \u00f6zellikle Kud\u00fcs ve Bat\u0131 \u015eeria&#8217;da \u0130srail i\u015fgal \u00e7eteleri ve onun cani &hellip;<\/p>\n","protected":false},"author":41,"featured_media":277026,"comment_status":"closed","ping_status":"closed","sticky":false,"template":"","format":"standard","meta":{"footnotes":""},"categories":[458,459,17988],"tags":[],"class_list":["post-277025","post","type-post","status-publish","format-standard","has-post-thumbnail","","category-dunya1","category-haberler-arap-uluslararasi-politika","category-son-haberler"],"_links":{"self":[{"href":"https:\/\/archive.sana.sy\/tr\/index.php?rest_route=\/wp\/v2\/posts\/277025","targetHints":{"allow":["GET"]}}],"collection":[{"href":"https:\/\/archive.sana.sy\/tr\/index.php?rest_route=\/wp\/v2\/posts"}],"about":[{"href":"https:\/\/archive.sana.sy\/tr\/index.php?rest_route=\/wp\/v2\/types\/post"}],"author":[{"embeddable":true,"href":"https:\/\/archive.sana.sy\/tr\/index.php?rest_route=\/wp\/v2\/users\/41"}],"replies":[{"embeddable":true,"href":"https:\/\/archive.sana.sy\/tr\/index.php?rest_route=%2Fwp%2Fv2%2Fcomments&post=277025"}],"version-history":[{"count":0,"href":"https:\/\/archive.sana.sy\/tr\/index.php?rest_route=\/wp\/v2\/posts\/277025\/revisions"}],"wp:featuredmedia":[{"embeddable":true,"href":"https:\/\/archive.sana.sy\/tr\/index.php?rest_route=\/wp\/v2\/media\/277026"}],"wp:attachment":[{"href":"https:\/\/archive.sana.sy\/tr\/index.php?rest_route=%2Fwp%2Fv2%2Fmedia&parent=277025"}],"wp:term":[{"taxonomy":"category","embeddable":true,"href":"https:\/\/archive.sana.sy\/tr\/index.php?rest_route=%2Fwp%2Fv2%2Fcategories&post=277025"},{"taxonomy":"post_tag","embeddable":true,"href":"https:\/\/archive.sana.sy\/tr\/index.php?rest_route=%2Fwp%2Fv2%2Ftags&post=277025"}],"curies":[{"name":"wp","href":"https:\/\/api.w.org\/{rel}","templated":true}]}}