{"id":277391,"date":"2023-03-22T15:12:15","date_gmt":"2023-03-22T12:12:15","guid":{"rendered":"https:\/\/sana.sy\/tr\/?p=277391"},"modified":"2023-03-23T09:02:59","modified_gmt":"2023-03-23T06:02:59","slug":"suriye-filistin-halkina-ve-urdunun-egemenligine-birligine-ve-toprak-butunlugune-verdigi-destegi-yeniledi","status":"publish","type":"post","link":"https:\/\/archive.sana.sy\/tr\/?p=277391","title":{"rendered":"Suriye, Filistin Halk\u0131na Ve \u00dcrd\u00fcn&#8217;\u00fcn Egemenli\u011fine, Birli\u011fine Ve Toprak B\u00fct\u00fcnl\u00fc\u011f\u00fcne Verdi\u011fi Deste\u011fi Yeniledi"},"content":{"rendered":"<p><strong>\u015eAM<\/strong> &#8211; Suriye, Filistin halk\u0131na ve \u00dcrd\u00fcn&#8217;\u00fcn egemenli\u011fine, birli\u011fine ve toprak b\u00fct\u00fcnl\u00fc\u011f\u00fcne verdi\u011fi deste\u011fi yeniledi.<\/p>\n<p>D\u0131\u015fi\u015fleri ve Gurbet\u00e7iler Bakanl\u0131\u011f\u0131 bug\u00fcn Twitter hesab\u0131nda bir tweet&#8217;te, \u2018\u2019Suriye, Filistin halk\u0131n\u0131n ba\u011f\u0131ms\u0131zl\u0131k ve ba\u015fkenti Kud\u00fcs olan ba\u011f\u0131ms\u0131z bir devletin kurulmas\u0131 da dahil olmak \u00fczere t\u00fcm haklar\u0131n\u0131 elde etmesine verdi\u011fi deste\u011fi yineler. Bunun yan\u0131nda, karde\u015f \u00dcrd\u00fcn Ha\u015fimi Krall\u0131\u011f\u0131&#8217;n\u0131n egemenli\u011fine ve toprak b\u00fct\u00fcnl\u00fc\u011f\u00fcne ve birli\u011fine verdi\u011fi deste\u011fi yeniden teyit eder.\u2019\u2019 dedi.<\/p>\n<p>D\u0131\u015fi\u015fleri Bakanl\u0131\u011f\u0131 ayr\u0131ca, \u2018\u2019Suriye, \u0130srail i\u015fgal varl\u0131\u011f\u0131 yetkililerinin tekrarlanan \u0131rk\u00e7\u0131 a\u00e7\u0131klamalar\u0131na \u015fa\u015f\u0131rmad\u0131. bu olu\u015fumun ger\u00e7ekli\u011finin, b\u00f6lge \u00fclkelerindeki sald\u0131rganl\u0131\u011f\u0131n\u0131n ve yay\u0131lmac\u0131 emellerinin, uluslararas\u0131 hukukun en temel kurallar\u0131n\u0131 ve ilgili Birle\u015fmi\u015f Milletler kararlar\u0131n\u0131 hi\u00e7e saymas\u0131n\u0131n boyutunun a\u00e7\u0131k bir ifadesidir\u2019\u2019 ifadelerini s\u00f6zlerine ekledi.<\/p>\n<p>&nbsp;<\/p>\n<p>R.M.<\/p>\n<p><a href=\"https:\/\/t.me\/SuriyeArapHaberAjansI\">Telegram Kanal\u0131m\u0131z\u00a0<\/a><\/p>\n<p><a href=\"https:\/\/www.facebook.com\/SANAHaberAjansi\/\">Facebook Sayfam\u0131z<\/a><\/p>\n","protected":false},"excerpt":{"rendered":"<p>\u015eAM &#8211; Suriye, Filistin halk\u0131na ve \u00dcrd\u00fcn&#8217;\u00fcn egemenli\u011fine, birli\u011fine ve toprak b\u00fct\u00fcnl\u00fc\u011f\u00fcne verdi\u011fi deste\u011fi yeniledi. D\u0131\u015fi\u015fleri ve Gurbet\u00e7iler Bakanl\u0131\u011f\u0131 bug\u00fcn Twitter hesab\u0131nda bir tweet&#8217;te, \u2018\u2019Suriye, Filistin halk\u0131n\u0131n ba\u011f\u0131ms\u0131zl\u0131k ve ba\u015fkenti Kud\u00fcs olan ba\u011f\u0131ms\u0131z bir devletin kurulmas\u0131 da dahil olmak \u00fczere t\u00fcm haklar\u0131n\u0131 elde etmesine verdi\u011fi deste\u011fi yineler. Bunun yan\u0131nda, karde\u015f \u00dcrd\u00fcn Ha\u015fimi Krall\u0131\u011f\u0131&#8217;n\u0131n egemenli\u011fine ve &hellip;<\/p>\n","protected":false},"author":41,"featured_media":277393,"comment_status":"closed","ping_status":"closed","sticky":false,"template":"","format":"standard","meta":{"footnotes":""},"categories":[479,17988,478],"tags":[],"class_list":["post-277391","post","type-post","status-publish","format-standard","has-post-thumbnail","","category-haberler-yerel","category-son-haberler","category-yerel"],"_links":{"self":[{"href":"https:\/\/archive.sana.sy\/tr\/index.php?rest_route=\/wp\/v2\/posts\/277391","targetHints":{"allow":["GET"]}}],"collection":[{"href":"https:\/\/archive.sana.sy\/tr\/index.php?rest_route=\/wp\/v2\/posts"}],"about":[{"href":"https:\/\/archive.sana.sy\/tr\/index.php?rest_route=\/wp\/v2\/types\/post"}],"author":[{"embeddable":true,"href":"https:\/\/archive.sana.sy\/tr\/index.php?rest_route=\/wp\/v2\/users\/41"}],"replies":[{"embeddable":true,"href":"https:\/\/archive.sana.sy\/tr\/index.php?rest_route=%2Fwp%2Fv2%2Fcomments&post=277391"}],"version-history":[{"count":0,"href":"https:\/\/archive.sana.sy\/tr\/index.php?rest_route=\/wp\/v2\/posts\/277391\/revisions"}],"wp:featuredmedia":[{"embeddable":true,"href":"https:\/\/archive.sana.sy\/tr\/index.php?rest_route=\/wp\/v2\/media\/277393"}],"wp:attachment":[{"href":"https:\/\/archive.sana.sy\/tr\/index.php?rest_route=%2Fwp%2Fv2%2Fmedia&parent=277391"}],"wp:term":[{"taxonomy":"category","embeddable":true,"href":"https:\/\/archive.sana.sy\/tr\/index.php?rest_route=%2Fwp%2Fv2%2Fcategories&post=277391"},{"taxonomy":"post_tag","embeddable":true,"href":"https:\/\/archive.sana.sy\/tr\/index.php?rest_route=%2Fwp%2Fv2%2Ftags&post=277391"}],"curies":[{"name":"wp","href":"https:\/\/api.w.org\/{rel}","templated":true}]}}