{"id":277394,"date":"2023-03-22T14:00:56","date_gmt":"2023-03-22T11:00:56","guid":{"rendered":"https:\/\/sana.sy\/tr\/?p=277394"},"modified":"2023-03-23T09:02:42","modified_gmt":"2023-03-23T06:02:42","slug":"halepteki-yetim-kiz-dernegindeki-cocuklara-rusyadan-yardim","status":"publish","type":"post","link":"https:\/\/archive.sana.sy\/tr\/?p=277394","title":{"rendered":"Halep&#8217;teki (Yetim K\u0131z Derne\u011fi)&#8217;ndeki \u00c7ocuklara Rusya\u2019dan Yard\u0131m"},"content":{"rendered":"<p><strong>HALEP<\/strong> &#8211; Halep&#8217;teki Rusya Koordinasyon Merkezi bug\u00fcn Rusya Federasyonu (Rusya Askeri Savc\u0131l\u0131\u011f\u0131) taraf\u0131ndan Yetim K\u0131z Yuvas\u0131\u2019n\u0131n \u00e7ocuklar\u0131na g\u0131da maddesi, battaniye ve elektrikli ev aletlerinden olu\u015fan yard\u0131m da\u011f\u0131tt\u0131.<\/p>\n<p><img loading=\"lazy\" decoding=\"async\" class=\"size-full wp-image-277396 alignright\" src=\"http:\/\/sana.sy\/tr\/wp-content\/uploads\/2023\/03\/IMG_20230322_101633-300x204-1.jpg\" alt=\"\" width=\"300\" height=\"204\" srcset=\"https:\/\/archive.sana.sy\/tr\/wp-content\/uploads\/2023\/03\/IMG_20230322_101633-300x204-1.jpg 300w, https:\/\/archive.sana.sy\/tr\/wp-content\/uploads\/2023\/03\/IMG_20230322_101633-300x204-1-110x75.jpg 110w\" sizes=\"auto, (max-width: 300px) 100vw, 300px\" \/>Rusya Adalet Bakanl\u0131\u011f\u0131 askeri yard\u0131mc\u0131s\u0131 ve dan\u0131\u015fman\u0131 Petrov Valery Yurgevich, derne\u011fin \u00e7ocuklar\u0131na hediye da\u011f\u0131t\u0131m\u0131na kat\u0131ld\u0131 ve evin b\u00f6l\u00fcmleri ile \u00e7ocuklar\u0131n ikamet ve \u00e7al\u0131\u015fma yerleri hakk\u0131nda bilgi ald\u0131.<\/p>\n<p>Rusya Koordinasyon Merkezi ve Halep&#8217;teki Yerinden Edilmi\u015f Ki\u015filerin Hareketini \u0130zleme Ba\u015fkan\u0131 Albay Sergei Yesonin de SANA muhabirine yapt\u0131\u011f\u0131 a\u00e7\u0131klamada, \u2018\u2019Bu olay, &#8220;g\u0131da maddeleri, battaniyeler, ev i\u00e7in elektrikli aletler ve \u00e7ocuklara hediyeler dahil olmak \u00fczere gerekli insani yard\u0131m\u0131 sa\u011flamak i\u00e7in Rusya Genel Askeri Savc\u0131l\u0131\u011f\u0131n\u0131n inisiyatifi dahilindedir\u2019\u2019 dedi.<\/p>\n<p>Yetim K\u0131z Yuvas\u0131 Ba\u015fkan\u0131 Cuman Makki, 42 yetim k\u0131z \u00e7ocu\u011funun bar\u0131nd\u0131\u011f\u0131 yuva ve onlara verilen hizmet t\u00fcrleri ile t\u0131bbi, psikolojik, bilimsel ve k\u00fclt\u00fcrel bak\u0131m hakk\u0131nda k\u0131sa bilgi verdi.<\/p>\n<div id='gallery-1' class='gallery galleryid-277394 gallery-columns-3 gallery-size-thumbnail'><figure class='gallery-item'>\n\t\t\t<div class='gallery-icon landscape'>\n\t\t\t\t<a href='https:\/\/archive.sana.sy\/tr\/?attachment_id=277397'><img loading=\"lazy\" decoding=\"async\" width=\"150\" height=\"150\" src=\"https:\/\/archive.sana.sy\/tr\/wp-content\/uploads\/2023\/03\/1-26-150x150.jpg\" class=\"attachment-thumbnail size-thumbnail\" alt=\"\" \/><\/a>\n\t\t\t<\/div><\/figure><figure class='gallery-item'>\n\t\t\t<div class='gallery-icon landscape'>\n\t\t\t\t<a href='https:\/\/archive.sana.sy\/tr\/?attachment_id=277398'><img loading=\"lazy\" decoding=\"async\" width=\"150\" height=\"150\" src=\"https:\/\/archive.sana.sy\/tr\/wp-content\/uploads\/2023\/03\/3-19-150x150.jpg\" class=\"attachment-thumbnail size-thumbnail\" alt=\"\" \/><\/a>\n\t\t\t<\/div><\/figure><figure class='gallery-item'>\n\t\t\t<div class='gallery-icon landscape'>\n\t\t\t\t<a href='https:\/\/archive.sana.sy\/tr\/?attachment_id=277399'><img loading=\"lazy\" decoding=\"async\" width=\"150\" height=\"150\" src=\"https:\/\/archive.sana.sy\/tr\/wp-content\/uploads\/2023\/03\/2-33-150x150.jpg\" class=\"attachment-thumbnail size-thumbnail\" alt=\"\" \/><\/a>\n\t\t\t<\/div><\/figure>\n\t\t<\/div>\n\n<p>R.M.<\/p>\n<p><a href=\"https:\/\/t.me\/SuriyeArapHaberAjansI\">Telegram Kanal\u0131m\u0131z\u00a0<\/a><\/p>\n<p><a href=\"https:\/\/www.facebook.com\/SANAHaberAjansi\/\">Facebook Sayfam\u0131z<\/a><\/p>\n","protected":false},"excerpt":{"rendered":"<p>HALEP &#8211; Halep&#8217;teki Rusya Koordinasyon Merkezi bug\u00fcn Rusya Federasyonu (Rusya Askeri Savc\u0131l\u0131\u011f\u0131) taraf\u0131ndan Yetim K\u0131z Yuvas\u0131\u2019n\u0131n \u00e7ocuklar\u0131na g\u0131da maddesi, battaniye ve elektrikli ev aletlerinden olu\u015fan yard\u0131m da\u011f\u0131tt\u0131. Rusya Adalet Bakanl\u0131\u011f\u0131 askeri yard\u0131mc\u0131s\u0131 ve dan\u0131\u015fman\u0131 Petrov Valery Yurgevich, derne\u011fin \u00e7ocuklar\u0131na hediye da\u011f\u0131t\u0131m\u0131na kat\u0131ld\u0131 ve evin b\u00f6l\u00fcmleri ile \u00e7ocuklar\u0131n ikamet ve \u00e7al\u0131\u015fma yerleri hakk\u0131nda bilgi ald\u0131. Rusya &hellip;<\/p>\n","protected":false},"author":41,"featured_media":277395,"comment_status":"closed","ping_status":"closed","sticky":false,"template":"","format":"standard","meta":{"footnotes":""},"categories":[479,17988,478],"tags":[],"class_list":["post-277394","post","type-post","status-publish","format-standard","has-post-thumbnail","","category-haberler-yerel","category-son-haberler","category-yerel"],"_links":{"self":[{"href":"https:\/\/archive.sana.sy\/tr\/index.php?rest_route=\/wp\/v2\/posts\/277394","targetHints":{"allow":["GET"]}}],"collection":[{"href":"https:\/\/archive.sana.sy\/tr\/index.php?rest_route=\/wp\/v2\/posts"}],"about":[{"href":"https:\/\/archive.sana.sy\/tr\/index.php?rest_route=\/wp\/v2\/types\/post"}],"author":[{"embeddable":true,"href":"https:\/\/archive.sana.sy\/tr\/index.php?rest_route=\/wp\/v2\/users\/41"}],"replies":[{"embeddable":true,"href":"https:\/\/archive.sana.sy\/tr\/index.php?rest_route=%2Fwp%2Fv2%2Fcomments&post=277394"}],"version-history":[{"count":0,"href":"https:\/\/archive.sana.sy\/tr\/index.php?rest_route=\/wp\/v2\/posts\/277394\/revisions"}],"wp:featuredmedia":[{"embeddable":true,"href":"https:\/\/archive.sana.sy\/tr\/index.php?rest_route=\/wp\/v2\/media\/277395"}],"wp:attachment":[{"href":"https:\/\/archive.sana.sy\/tr\/index.php?rest_route=%2Fwp%2Fv2%2Fmedia&parent=277394"}],"wp:term":[{"taxonomy":"category","embeddable":true,"href":"https:\/\/archive.sana.sy\/tr\/index.php?rest_route=%2Fwp%2Fv2%2Fcategories&post=277394"},{"taxonomy":"post_tag","embeddable":true,"href":"https:\/\/archive.sana.sy\/tr\/index.php?rest_route=%2Fwp%2Fv2%2Ftags&post=277394"}],"curies":[{"name":"wp","href":"https:\/\/api.w.org\/{rel}","templated":true}]}}