{"id":277405,"date":"2023-03-22T14:10:51","date_gmt":"2023-03-22T11:10:51","guid":{"rendered":"https:\/\/sana.sy\/tr\/?p=277405"},"modified":"2023-03-23T09:02:53","modified_gmt":"2023-03-23T06:02:53","slug":"avusturya-disisleri-bakani-rusya-avrupanin-geleceginde-rol-oynamaya-devam-edecek","status":"publish","type":"post","link":"https:\/\/archive.sana.sy\/tr\/?p=277405","title":{"rendered":"Avusturya D\u0131\u015fi\u015fleri Bakan\u0131: Rusya, Avrupa&#8217;n\u0131n Gelece\u011finde Rol Oynamaya Devam Edecek"},"content":{"rendered":"<p><strong>V\u0130YANA<\/strong> &#8211; Avusturya D\u0131\u015fi\u015fleri Bakan\u0131 Alexander Schallenberg Rusya&#8217;n\u0131n Avrupa&#8217;n\u0131n gelece\u011finde rol oynamaya devam edece\u011fini do\u011frulayarak, Rusya&#8217;n\u0131n t\u00fcm sekt\u00f6rlerde tamamen izolasyonunun yan\u0131lsama oldu\u011funu vurgulad\u0131.<\/p>\n<p>Schallenberg, bug\u00fcn Viyana&#8217;da Reuters ile yapt\u0131\u011f\u0131 r\u00f6portajda, &#8220;Rusya d\u00fcnyadan kaybolmayacak ve en b\u00fcy\u00fck kom\u015fumuz olarak kalacak ve Dostoyevski ve \u00c7aykovski, be\u011fensek de be\u011fenmesek de Avrupa k\u00fclt\u00fcr\u00fcn\u00fcn bir par\u00e7as\u0131 olmaya devam edecek.&#8221; dedi.<\/p>\n<p>Schallenberg, \u015fu anda Rusya&#8217;da devam eden bankac\u0131l\u0131k anla\u015fmalar\u0131 nedeniyle medya taraf\u0131ndan ele\u015ftirilen Avusturyal\u0131 Raiffeisen Bank International&#8217;\u0131 savunarak, Bat\u0131l\u0131 \u015firketlerin sadece y\u00fczde 9&#8217;unun Rusya&#8217;dan \u00e7ekildi\u011fini ve bunlar\u0131n y\u00fczde 91&#8217;inin hala orada oldu\u011funu ve i\u015flerini y\u00fcr\u00fctt\u00fc\u011f\u00fcne dikkat \u00e7ekti.<\/p>\n<p>&nbsp;<\/p>\n<p>R.M.<\/p>\n<p><a href=\"https:\/\/t.me\/SuriyeArapHaberAjansI\">Telegram Kanal\u0131m\u0131z\u00a0<\/a><\/p>\n<p><a href=\"https:\/\/www.facebook.com\/SANAHaberAjansi\/\">Facebook Sayfam\u0131z<\/a><\/p>\n","protected":false},"excerpt":{"rendered":"<p>V\u0130YANA &#8211; Avusturya D\u0131\u015fi\u015fleri Bakan\u0131 Alexander Schallenberg Rusya&#8217;n\u0131n Avrupa&#8217;n\u0131n gelece\u011finde rol oynamaya devam edece\u011fini do\u011frulayarak, Rusya&#8217;n\u0131n t\u00fcm sekt\u00f6rlerde tamamen izolasyonunun yan\u0131lsama oldu\u011funu vurgulad\u0131. Schallenberg, bug\u00fcn Viyana&#8217;da Reuters ile yapt\u0131\u011f\u0131 r\u00f6portajda, &#8220;Rusya d\u00fcnyadan kaybolmayacak ve en b\u00fcy\u00fck kom\u015fumuz olarak kalacak ve Dostoyevski ve \u00c7aykovski, be\u011fensek de be\u011fenmesek de Avrupa k\u00fclt\u00fcr\u00fcn\u00fcn bir par\u00e7as\u0131 olmaya devam edecek.&#8221; dedi. &hellip;<\/p>\n","protected":false},"author":41,"featured_media":277406,"comment_status":"closed","ping_status":"closed","sticky":false,"template":"","format":"standard","meta":{"footnotes":""},"categories":[479,17988,478],"tags":[],"class_list":["post-277405","post","type-post","status-publish","format-standard","has-post-thumbnail","","category-haberler-yerel","category-son-haberler","category-yerel"],"_links":{"self":[{"href":"https:\/\/archive.sana.sy\/tr\/index.php?rest_route=\/wp\/v2\/posts\/277405","targetHints":{"allow":["GET"]}}],"collection":[{"href":"https:\/\/archive.sana.sy\/tr\/index.php?rest_route=\/wp\/v2\/posts"}],"about":[{"href":"https:\/\/archive.sana.sy\/tr\/index.php?rest_route=\/wp\/v2\/types\/post"}],"author":[{"embeddable":true,"href":"https:\/\/archive.sana.sy\/tr\/index.php?rest_route=\/wp\/v2\/users\/41"}],"replies":[{"embeddable":true,"href":"https:\/\/archive.sana.sy\/tr\/index.php?rest_route=%2Fwp%2Fv2%2Fcomments&post=277405"}],"version-history":[{"count":0,"href":"https:\/\/archive.sana.sy\/tr\/index.php?rest_route=\/wp\/v2\/posts\/277405\/revisions"}],"wp:featuredmedia":[{"embeddable":true,"href":"https:\/\/archive.sana.sy\/tr\/index.php?rest_route=\/wp\/v2\/media\/277406"}],"wp:attachment":[{"href":"https:\/\/archive.sana.sy\/tr\/index.php?rest_route=%2Fwp%2Fv2%2Fmedia&parent=277405"}],"wp:term":[{"taxonomy":"category","embeddable":true,"href":"https:\/\/archive.sana.sy\/tr\/index.php?rest_route=%2Fwp%2Fv2%2Fcategories&post=277405"},{"taxonomy":"post_tag","embeddable":true,"href":"https:\/\/archive.sana.sy\/tr\/index.php?rest_route=%2Fwp%2Fv2%2Ftags&post=277405"}],"curies":[{"name":"wp","href":"https:\/\/api.w.org\/{rel}","templated":true}]}}