{"id":277408,"date":"2023-03-22T14:00:34","date_gmt":"2023-03-22T11:00:34","guid":{"rendered":"https:\/\/sana.sy\/tr\/?p=277408"},"modified":"2023-03-22T18:07:33","modified_gmt":"2023-03-22T15:07:33","slug":"fransiz-sivil-havacilik-ucuslarin-iptal-edilmesini-talep-etti","status":"publish","type":"post","link":"https:\/\/archive.sana.sy\/tr\/?p=277408","title":{"rendered":"Frans\u0131z Sivil Havac\u0131l\u0131k U\u00e7u\u015flar\u0131n \u0130ptal Edilmesini Talep Etti"},"content":{"rendered":"<p><strong>PAR\u0130S<\/strong> &#8211; Fransa Sivil Havac\u0131l\u0131k Genel M\u00fcd\u00fcrl\u00fc\u011f\u00fc, hava trafik kontrol\u00f6rlerinin emeklilik reformuna kar\u015f\u0131 grev yapmas\u0131 nedeniyle havayollar\u0131ndan yar\u0131n Paris-Orly havaalan\u0131nda 30, di\u011fer havalimanlar\u0131nda ise y\u00fczde 20 u\u00e7u\u015fun iptal edilmesini istedi.<\/p>\n<p>France-Presse Ajans\u0131, m\u00fcd\u00fcrl\u00fc\u011f\u00fcn \u2018\u2019Marsilya-Provence, Toulouse-Blagnac ve Lyon-Saint-Exup\u00e9ry platformlar\u0131, Fransa&#8217;daki reforma kar\u015f\u0131 seferberli\u011fin dokuzuncu g\u00fcn\u00fcnde ve onay\u0131ndan bu yana ilk g\u00fcn i\u00e7inde kalkan ve gelen her be\u015f u\u00e7u\u015ftan birinin iptal edilmesinden etkilenecek.\u2019\u2019 ifadelerini aktard\u0131.<\/p>\n<p>Bu da, Frans\u0131z h\u00fck\u00fcmetinin emeklilik ya\u015f\u0131n\u0131 y\u00fckseltmekten geri ad\u0131m atmamakta \u0131srar etti\u011fi, sendikalar\u0131n oybirli\u011fiyle reddetti\u011fi ve kamuoyu yoklamalar\u0131na g\u00f6re Frans\u0131z halk\u0131n\u0131n b\u00fcy\u00fck \u00e7o\u011funlu\u011funun bu reformun ana maddesini reddetti\u011fi bir zamanda geliyor.<\/p>\n<p>&nbsp;<\/p>\n<p>R.M.<\/p>\n<p><a href=\"https:\/\/t.me\/SuriyeArapHaberAjansI\">Telegram Kanal\u0131m\u0131z\u00a0<\/a><\/p>\n<p><a href=\"https:\/\/www.facebook.com\/SANAHaberAjansi\/\">Facebook Sayfam\u0131z<\/a><\/p>\n","protected":false},"excerpt":{"rendered":"<p>PAR\u0130S &#8211; Fransa Sivil Havac\u0131l\u0131k Genel M\u00fcd\u00fcrl\u00fc\u011f\u00fc, hava trafik kontrol\u00f6rlerinin emeklilik reformuna kar\u015f\u0131 grev yapmas\u0131 nedeniyle havayollar\u0131ndan yar\u0131n Paris-Orly havaalan\u0131nda 30, di\u011fer havalimanlar\u0131nda ise y\u00fczde 20 u\u00e7u\u015fun iptal edilmesini istedi. France-Presse Ajans\u0131, m\u00fcd\u00fcrl\u00fc\u011f\u00fcn \u2018\u2019Marsilya-Provence, Toulouse-Blagnac ve Lyon-Saint-Exup\u00e9ry platformlar\u0131, Fransa&#8217;daki reforma kar\u015f\u0131 seferberli\u011fin dokuzuncu g\u00fcn\u00fcnde ve onay\u0131ndan bu yana ilk g\u00fcn i\u00e7inde kalkan ve gelen her &hellip;<\/p>\n","protected":false},"author":41,"featured_media":277409,"comment_status":"closed","ping_status":"closed","sticky":false,"template":"","format":"standard","meta":{"footnotes":""},"categories":[458,459,17988],"tags":[],"class_list":["post-277408","post","type-post","status-publish","format-standard","has-post-thumbnail","","category-dunya1","category-haberler-arap-uluslararasi-politika","category-son-haberler"],"_links":{"self":[{"href":"https:\/\/archive.sana.sy\/tr\/index.php?rest_route=\/wp\/v2\/posts\/277408","targetHints":{"allow":["GET"]}}],"collection":[{"href":"https:\/\/archive.sana.sy\/tr\/index.php?rest_route=\/wp\/v2\/posts"}],"about":[{"href":"https:\/\/archive.sana.sy\/tr\/index.php?rest_route=\/wp\/v2\/types\/post"}],"author":[{"embeddable":true,"href":"https:\/\/archive.sana.sy\/tr\/index.php?rest_route=\/wp\/v2\/users\/41"}],"replies":[{"embeddable":true,"href":"https:\/\/archive.sana.sy\/tr\/index.php?rest_route=%2Fwp%2Fv2%2Fcomments&post=277408"}],"version-history":[{"count":0,"href":"https:\/\/archive.sana.sy\/tr\/index.php?rest_route=\/wp\/v2\/posts\/277408\/revisions"}],"wp:featuredmedia":[{"embeddable":true,"href":"https:\/\/archive.sana.sy\/tr\/index.php?rest_route=\/wp\/v2\/media\/277409"}],"wp:attachment":[{"href":"https:\/\/archive.sana.sy\/tr\/index.php?rest_route=%2Fwp%2Fv2%2Fmedia&parent=277408"}],"wp:term":[{"taxonomy":"category","embeddable":true,"href":"https:\/\/archive.sana.sy\/tr\/index.php?rest_route=%2Fwp%2Fv2%2Fcategories&post=277408"},{"taxonomy":"post_tag","embeddable":true,"href":"https:\/\/archive.sana.sy\/tr\/index.php?rest_route=%2Fwp%2Fv2%2Ftags&post=277408"}],"curies":[{"name":"wp","href":"https:\/\/api.w.org\/{rel}","templated":true}]}}