{"id":277419,"date":"2023-03-22T14:57:29","date_gmt":"2023-03-22T11:57:29","guid":{"rendered":"https:\/\/sana.sy\/tr\/?p=277419"},"modified":"2023-03-23T09:02:56","modified_gmt":"2023-03-23T06:02:56","slug":"rakkada-mayinin-patlamasi-sonucu-bir-vatandas-yaralandi","status":"publish","type":"post","link":"https:\/\/archive.sana.sy\/tr\/?p=277419","title":{"rendered":"Rakka\u2019da May\u0131n\u0131n Patlamas\u0131 Sonucu Bir Vatanda\u015f Yaraland\u0131"},"content":{"rendered":"<p><strong>RAKKA<\/strong>&#8211; Rakka&#8217;n\u0131n do\u011fu k\u0131rsal\u0131nda I\u015e\u0130D&#8217;li ter\u00f6ristlerin geride b\u0131rakt\u0131\u011f\u0131 may\u0131n patlamas\u0131 sonucu 15 ya\u015f\u0131ndaki bir ki\u015fi a\u011f\u0131r yaraland\u0131.<\/p>\n<p>Rakka Sa\u011fl\u0131k M\u00fcd\u00fcr\u00fc Dr. Gayis El Hammud, SANA muhabirine yapt\u0131\u011f\u0131 a\u00e7\u0131klamada, \u2018\u2019Rakka&#8217;n\u0131n ter\u00f6rden kurtar\u0131lan do\u011fu k\u0131rsal\u0131na ba\u011fl\u0131 El Baranda b\u00f6lgesinde ter\u00f6rist gruplar\u0131n geride b\u0131rakt\u0131\u011f\u0131 may\u0131n\u0131n patlamas\u0131 sonucu 15 ya\u015f\u0131ndaki bir vatanda\u015f\u0131n yaraland\u0131\u011f\u0131 bilgisi al\u0131nd\u0131. Ambulans\u0131n olay yerine gitmesi ve yaral\u0131 ki\u015fiyi El Hamdaniye kasabas\u0131ndaki Ambulans ve Acil Durum Merkezine g\u00f6t\u00fcrmesi \u00fczerine ani bir m\u00fcdahale ger\u00e7ekle\u015fti.\u2019\u2019 dedi<\/p>\n<p>Ambulans\u0131n olay yerine gitmesi ve yaral\u0131 ki\u015fiyi El Hamdaniya kasabas\u0131ndaki Ambulans ve Acil Durum Merkezine g\u00f6t\u00fcrmesi \u00fczerine ani bir m\u00fcdahale ger\u00e7ekle\u015fti.<\/p>\n<p>&nbsp;<\/p>\n<p>R.M.<\/p>\n<p><a href=\"https:\/\/t.me\/SuriyeArapHaberAjansI\">Telegram Kanal\u0131m\u0131z\u00a0<\/a><\/p>\n<p><a href=\"https:\/\/www.facebook.com\/SANAHaberAjansi\/\">Facebook Sayfam\u0131z<\/a><\/p>\n","protected":false},"excerpt":{"rendered":"<p>RAKKA&#8211; Rakka&#8217;n\u0131n do\u011fu k\u0131rsal\u0131nda I\u015e\u0130D&#8217;li ter\u00f6ristlerin geride b\u0131rakt\u0131\u011f\u0131 may\u0131n patlamas\u0131 sonucu 15 ya\u015f\u0131ndaki bir ki\u015fi a\u011f\u0131r yaraland\u0131. Rakka Sa\u011fl\u0131k M\u00fcd\u00fcr\u00fc Dr. Gayis El Hammud, SANA muhabirine yapt\u0131\u011f\u0131 a\u00e7\u0131klamada, \u2018\u2019Rakka&#8217;n\u0131n ter\u00f6rden kurtar\u0131lan do\u011fu k\u0131rsal\u0131na ba\u011fl\u0131 El Baranda b\u00f6lgesinde ter\u00f6rist gruplar\u0131n geride b\u0131rakt\u0131\u011f\u0131 may\u0131n\u0131n patlamas\u0131 sonucu 15 ya\u015f\u0131ndaki bir vatanda\u015f\u0131n yaraland\u0131\u011f\u0131 bilgisi al\u0131nd\u0131. Ambulans\u0131n olay yerine gitmesi &hellip;<\/p>\n","protected":false},"author":41,"featured_media":277420,"comment_status":"closed","ping_status":"closed","sticky":false,"template":"","format":"standard","meta":{"footnotes":""},"categories":[479,17988,478],"tags":[],"class_list":["post-277419","post","type-post","status-publish","format-standard","has-post-thumbnail","","category-haberler-yerel","category-son-haberler","category-yerel"],"_links":{"self":[{"href":"https:\/\/archive.sana.sy\/tr\/index.php?rest_route=\/wp\/v2\/posts\/277419","targetHints":{"allow":["GET"]}}],"collection":[{"href":"https:\/\/archive.sana.sy\/tr\/index.php?rest_route=\/wp\/v2\/posts"}],"about":[{"href":"https:\/\/archive.sana.sy\/tr\/index.php?rest_route=\/wp\/v2\/types\/post"}],"author":[{"embeddable":true,"href":"https:\/\/archive.sana.sy\/tr\/index.php?rest_route=\/wp\/v2\/users\/41"}],"replies":[{"embeddable":true,"href":"https:\/\/archive.sana.sy\/tr\/index.php?rest_route=%2Fwp%2Fv2%2Fcomments&post=277419"}],"version-history":[{"count":0,"href":"https:\/\/archive.sana.sy\/tr\/index.php?rest_route=\/wp\/v2\/posts\/277419\/revisions"}],"wp:featuredmedia":[{"embeddable":true,"href":"https:\/\/archive.sana.sy\/tr\/index.php?rest_route=\/wp\/v2\/media\/277420"}],"wp:attachment":[{"href":"https:\/\/archive.sana.sy\/tr\/index.php?rest_route=%2Fwp%2Fv2%2Fmedia&parent=277419"}],"wp:term":[{"taxonomy":"category","embeddable":true,"href":"https:\/\/archive.sana.sy\/tr\/index.php?rest_route=%2Fwp%2Fv2%2Fcategories&post=277419"},{"taxonomy":"post_tag","embeddable":true,"href":"https:\/\/archive.sana.sy\/tr\/index.php?rest_route=%2Fwp%2Fv2%2Ftags&post=277419"}],"curies":[{"name":"wp","href":"https:\/\/api.w.org\/{rel}","templated":true}]}}