{"id":277425,"date":"2023-03-22T19:37:01","date_gmt":"2023-03-22T16:37:01","guid":{"rendered":"https:\/\/sana.sy\/tr\/?p=277425"},"modified":"2023-03-24T09:59:25","modified_gmt":"2023-03-24T06:59:25","slug":"seyyid-nasrullah-israilin-herhangi-bir-saldirganligina-yanitimiz-hizli-olacaktir","status":"publish","type":"post","link":"https:\/\/archive.sana.sy\/tr\/?p=277425","title":{"rendered":"Seyyid Nasrullah: \u0130srail&#8217;in Herhangi Bir Sald\u0131rganl\u0131\u011f\u0131na Yan\u0131t\u0131m\u0131z H\u0131zl\u0131 Olacakt\u0131r"},"content":{"rendered":"<p><strong>BEYRUT<\/strong>&#8211; Hizbullah Genel Sekreteri Seyyid Hassan Nasrullah, L\u00fcbnan ulusal direni\u015finin, \u0130srail d\u00fc\u015fman\u0131n\u0131n L\u00fcbnan&#8217;a kar\u015f\u0131 ba\u015flatmay\u0131 d\u00fc\u015f\u00fcnebilece\u011fi herhangi bir sald\u0131r\u0131ya kararl\u0131 ve h\u0131zl\u0131 bir \u015fekilde yan\u0131t verece\u011fini vurgulad\u0131.<\/p>\n<p>Seyyid Nasrullah bug\u00fcn yapt\u0131\u011f\u0131 konu\u015fmada, ge\u00e7en hafta i\u015fgal alt\u0131ndaki Filistin s\u0131n\u0131r\u0131nda meydana gelen olay\u0131n \u0130srail i\u015fgalini kar\u0131\u015ft\u0131rd\u0131\u011f\u0131na i\u015faret edrek, Hizbullah&#8217;\u0131n olup biten her \u015fey hakk\u0131nda yorum yapmakla ilgilenmedi\u011fini ve bu olayla ilgili sessiz kalmas\u0131n\u0131n \u201c\u0130srail\u201d ile sava\u015f\u0131 y\u00f6netiminin bir par\u00e7as\u0131 oldu\u011funu belirtti.<\/p>\n<p>Seyyid Nasrullah, d\u00fc\u015fman\u0131n L\u00fcbnan&#8217;la bir sava\u015ftan korktu\u011funu ve tehdit etti\u011fi \u015feyin onun \u00f6l\u00fcm\u00fcn\u00fcn nedeni olabilece\u011fini kayederek, L\u00fcbnan&#8217;daki direni\u015fin zaman\u0131n\u0131n ve \u0130srail&#8217;in L\u00fcbnan topraklar\u0131nda bulunan herhangi bir milliyetten herhangi bir ki\u015fiye y\u00f6nelik herhangi bir sald\u0131rganl\u0131\u011f\u0131na veya herhangi bir L\u00fcbnan b\u00f6lgesine y\u00f6nelik sald\u0131r\u0131s\u0131na kararl\u0131 ve h\u0131zl\u0131 bir \u015fekilde yan\u0131t verece\u011fi karar\u0131n\u0131n arkas\u0131nda oldu\u011funun alt\u0131n\u0131 \u00e7izdi.<\/p>\n<p>Seyyid Nasrullah ayr\u0131ca, i\u015fgal te\u015fkilat\u0131n\u0131n bug\u00fcn krizde oldu\u011funu ve tarihinde bu kadar \u00e7aresizlik, h\u00fcsran ve zay\u0131fl\u0131k ya\u015famad\u0131\u011f\u0131n\u0131 belirterek, h\u00fck\u00fcmetindeki ahmaklar\u0131n bu varl\u0131\u011f\u0131n ba\u015fkalar\u0131n\u0131n saklad\u0131\u011f\u0131 ger\u00e7e\u011fini ortaya \u00e7\u0131kard\u0131\u011f\u0131n\u0131 belirterek, d\u00fc\u015fman\u0131n liderli\u011fi bu seviyede aptalla\u015ft\u0131\u011f\u0131nda, sonun yak\u0131n oldu\u011funu kaydetti.<\/p>\n<p>R.M.<\/p>\n<p><a href=\"https:\/\/t.me\/SuriyeArapHaberAjansI\">Telegram Kanal\u0131m\u0131z\u00a0<\/a><\/p>\n<p><a href=\"https:\/\/www.facebook.com\/SANAHaberAjansi\/\">Facebook Sayfam\u0131z<\/a><\/p>\n","protected":false},"excerpt":{"rendered":"<p>BEYRUT&#8211; Hizbullah Genel Sekreteri Seyyid Hassan Nasrullah, L\u00fcbnan ulusal direni\u015finin, \u0130srail d\u00fc\u015fman\u0131n\u0131n L\u00fcbnan&#8217;a kar\u015f\u0131 ba\u015flatmay\u0131 d\u00fc\u015f\u00fcnebilece\u011fi herhangi bir sald\u0131r\u0131ya kararl\u0131 ve h\u0131zl\u0131 bir \u015fekilde yan\u0131t verece\u011fini vurgulad\u0131. Seyyid Nasrullah bug\u00fcn yapt\u0131\u011f\u0131 konu\u015fmada, ge\u00e7en hafta i\u015fgal alt\u0131ndaki Filistin s\u0131n\u0131r\u0131nda meydana gelen olay\u0131n \u0130srail i\u015fgalini kar\u0131\u015ft\u0131rd\u0131\u011f\u0131na i\u015faret edrek, Hizbullah&#8217;\u0131n olup biten her \u015fey hakk\u0131nda yorum yapmakla ilgilenmedi\u011fini &hellip;<\/p>\n","protected":false},"author":41,"featured_media":277426,"comment_status":"closed","ping_status":"closed","sticky":false,"template":"","format":"standard","meta":{"footnotes":""},"categories":[458,459,17988],"tags":[],"class_list":["post-277425","post","type-post","status-publish","format-standard","has-post-thumbnail","","category-dunya1","category-haberler-arap-uluslararasi-politika","category-son-haberler"],"_links":{"self":[{"href":"https:\/\/archive.sana.sy\/tr\/index.php?rest_route=\/wp\/v2\/posts\/277425","targetHints":{"allow":["GET"]}}],"collection":[{"href":"https:\/\/archive.sana.sy\/tr\/index.php?rest_route=\/wp\/v2\/posts"}],"about":[{"href":"https:\/\/archive.sana.sy\/tr\/index.php?rest_route=\/wp\/v2\/types\/post"}],"author":[{"embeddable":true,"href":"https:\/\/archive.sana.sy\/tr\/index.php?rest_route=\/wp\/v2\/users\/41"}],"replies":[{"embeddable":true,"href":"https:\/\/archive.sana.sy\/tr\/index.php?rest_route=%2Fwp%2Fv2%2Fcomments&post=277425"}],"version-history":[{"count":0,"href":"https:\/\/archive.sana.sy\/tr\/index.php?rest_route=\/wp\/v2\/posts\/277425\/revisions"}],"wp:featuredmedia":[{"embeddable":true,"href":"https:\/\/archive.sana.sy\/tr\/index.php?rest_route=\/wp\/v2\/media\/277426"}],"wp:attachment":[{"href":"https:\/\/archive.sana.sy\/tr\/index.php?rest_route=%2Fwp%2Fv2%2Fmedia&parent=277425"}],"wp:term":[{"taxonomy":"category","embeddable":true,"href":"https:\/\/archive.sana.sy\/tr\/index.php?rest_route=%2Fwp%2Fv2%2Fcategories&post=277425"},{"taxonomy":"post_tag","embeddable":true,"href":"https:\/\/archive.sana.sy\/tr\/index.php?rest_route=%2Fwp%2Fv2%2Ftags&post=277425"}],"curies":[{"name":"wp","href":"https:\/\/api.w.org\/{rel}","templated":true}]}}