{"id":27746,"date":"2015-03-26T12:53:30","date_gmt":"2015-03-26T10:53:30","guid":{"rendered":"http:\/\/www.sana.sy\/tr\/?p=27746"},"modified":"2015-03-26T12:53:30","modified_gmt":"2015-03-26T10:53:30","slug":"ovn-suriye-lubnan-iliskileri-iyiden-baska-sekilde-olamaz","status":"publish","type":"post","link":"https:\/\/archive.sana.sy\/tr\/?p=27746","title":{"rendered":"Ovn: Suriye L\u00fcbnan \u0130li\u015fkileri \u0130yiden Ba\u015fka \u015eekilde Olamaz"},"content":{"rendered":"<p>BEYRUT \u2013 L\u00fcbnanl\u0131 De\u011fi\u015fim ve Reform Grubu Ba\u015fkan\u0131 Mi\u015fel Ovn, L\u00fcbnan ile Suriye aras\u0131ndaki ili\u015fkilerin iyi ve \u00f6rnek olmaktan ba\u015fka olamayaca\u011f\u0131n\u0131, iki halk aras\u0131nda kar\u015f\u0131l\u0131kl\u0131 g\u00fcvenli\u011fin korunmas\u0131 ve iyi kom\u015fuluk politikas\u0131na dayanmas\u0131 gerekti\u011fini belirtti.<\/p>\n<p>Ovn bug\u00fcn yay\u0131nlanan bas\u0131n r\u00f6portaj\u0131nda, L\u00fcbnan\u2019\u0131n Arap kap\u0131s\u0131n\u0131n Suriye oldu\u011funu, Arap \u00fclkelerine varma yolunun da onun kanal\u0131yla oldu\u011funu s\u00f6yledi.<\/p>\n<p>Ovn L\u00fcbnanl\u0131lar\u0131 b\u00f6lgede gelecek de\u011fi\u015fimlere kar\u015f\u0131 koymada ulusal birli\u011fe tutunmaya \u00e7a\u011f\u0131rarak, L\u00fcbnan\u2019a y\u00f6nelik herhangi bir d\u0131\u015f n\u00fcfuz ve egemenli\u011fe dokunmaya kar\u015f\u0131 oldu\u011funu, herhangi birisiyle sava\u015f aramad\u0131\u011f\u0131n\u0131, Arap \u00fclkeleriyle de ortak ve canl\u0131 \u00e7\u0131karlara sayg\u0131 duydu\u011funu dile getirdi.<\/p>\n<p>S.\u015e<\/p>\n","protected":false},"excerpt":{"rendered":"<p>BEYRUT \u2013 L\u00fcbnanl\u0131 De\u011fi\u015fim ve Reform Grubu Ba\u015fkan\u0131 Mi\u015fel Ovn, L\u00fcbnan ile Suriye aras\u0131ndaki ili\u015fkilerin iyi ve \u00f6rnek olmaktan ba\u015fka olamayaca\u011f\u0131n\u0131, iki halk aras\u0131nda kar\u015f\u0131l\u0131kl\u0131 g\u00fcvenli\u011fin korunmas\u0131 ve iyi kom\u015fuluk politikas\u0131na dayanmas\u0131 gerekti\u011fini belirtti. Ovn bug\u00fcn yay\u0131nlanan bas\u0131n r\u00f6portaj\u0131nda, L\u00fcbnan\u2019\u0131n Arap kap\u0131s\u0131n\u0131n Suriye oldu\u011funu, Arap \u00fclkelerine varma yolunun da onun kanal\u0131yla oldu\u011funu s\u00f6yledi. Ovn L\u00fcbnanl\u0131lar\u0131 &hellip;<\/p>\n","protected":false},"author":1,"featured_media":27747,"comment_status":"closed","ping_status":"closed","sticky":false,"template":"","format":"standard","meta":{"footnotes":""},"categories":[458,459,447],"tags":[12980],"class_list":["post-27746","post","type-post","status-publish","format-standard","has-post-thumbnail","","category-dunya1","category-haberler-arap-uluslararasi-politika","category-politika","tag-ovn-suriye-lubnan-iliskileri-iyiden-baska-sekilde-olamaz"],"_links":{"self":[{"href":"https:\/\/archive.sana.sy\/tr\/index.php?rest_route=\/wp\/v2\/posts\/27746","targetHints":{"allow":["GET"]}}],"collection":[{"href":"https:\/\/archive.sana.sy\/tr\/index.php?rest_route=\/wp\/v2\/posts"}],"about":[{"href":"https:\/\/archive.sana.sy\/tr\/index.php?rest_route=\/wp\/v2\/types\/post"}],"author":[{"embeddable":true,"href":"https:\/\/archive.sana.sy\/tr\/index.php?rest_route=\/wp\/v2\/users\/1"}],"replies":[{"embeddable":true,"href":"https:\/\/archive.sana.sy\/tr\/index.php?rest_route=%2Fwp%2Fv2%2Fcomments&post=27746"}],"version-history":[{"count":0,"href":"https:\/\/archive.sana.sy\/tr\/index.php?rest_route=\/wp\/v2\/posts\/27746\/revisions"}],"wp:featuredmedia":[{"embeddable":true,"href":"https:\/\/archive.sana.sy\/tr\/index.php?rest_route=\/wp\/v2\/media\/27747"}],"wp:attachment":[{"href":"https:\/\/archive.sana.sy\/tr\/index.php?rest_route=%2Fwp%2Fv2%2Fmedia&parent=27746"}],"wp:term":[{"taxonomy":"category","embeddable":true,"href":"https:\/\/archive.sana.sy\/tr\/index.php?rest_route=%2Fwp%2Fv2%2Fcategories&post=27746"},{"taxonomy":"post_tag","embeddable":true,"href":"https:\/\/archive.sana.sy\/tr\/index.php?rest_route=%2Fwp%2Fv2%2Ftags&post=27746"}],"curies":[{"name":"wp","href":"https:\/\/api.w.org\/{rel}","templated":true}]}}